{"id":277524,"date":"2026-08-27T08:43:18","date_gmt":"2026-08-27T08:43:18","guid":{"rendered":"https:\/\/www.europesays.com\/ro\/277524\/"},"modified":"2026-08-27T08:43:18","modified_gmt":"2026-08-27T08:43:18","slug":"a-dat-frf-in-judecata-oficialul-lui-cfr-cluj-incearca-sa-opreasca-verdictul-in-dosarul-de-pariuri-care-l-implica-si-pe-damjan-djokovic","status":"publish","type":"post","link":"https:\/\/www.europesays.com\/ro\/277524\/","title":{"rendered":"A dat FRF \u00een judecat\u0103! Oficialul lui CFR Cluj \u00eencearc\u0103 s\u0103 opreasc\u0103\u00a0verdictul \u00een dosarul de pariuri care-l implic\u0103 \u0219i pe Damjan Djokovic"},"content":{"rendered":"<ul class=\"bullets\">&#13;<\/p>\n<li>Solu\u021bionarea cazului Damjan Djokovic &#8211; Ioan Iva\u0219cu se prelunge\u0219te. FRF a stabilit un nou termen \u00een ancheta privind posibile activit\u0103\u021bi de pariere.<\/li>\n<p>&#13;<br \/>\n&#13;<\/p>\n<li>\u00cen paralel, juristul CFR Cluj, Ioan Iva\u0219cu \u00eencearc\u0103 s\u0103 blocheze \u00een instan\u021b\u0103 solu\u021bionarea dosarului de c\u0103tre Comisia de Disciplin\u0103 \u0219i Etic\u0103.<\/li>\n<p>&#13;\n<\/ul>\n<p><a id=\"google-source-button\" class=\"google-favorite\" target=\"_blank\" href=\"https:\/\/www.google.com\/preferences\/source?q=golazo.ro\" rel=\"nofollow noopener\"><\/p>\n<p>        <img loading=\"lazy\" decoding=\"async\" src=\"https:\/\/golazo.ro\/images\/google-logo.svg\" alt=\"\" width=\"24\" height=\"24\"\/><br \/>\n        <img loading=\"lazy\" decoding=\"async\" src=\"https:\/\/golazo.ro\/images\/check-icon-2.svg\" alt=\"\" width=\"24\" height=\"24\"\/><\/p>\n<p>    Adaug\u0103 GOLAZO.ro la favorite<\/p>\n<p><\/a><\/p>\n<p class=\"\">Verdictul \u00een dosarul \u00een care fotbalistul <a target=\"_blank\" href=\"https:\/\/golazo.ro\/damjan-djokovic-reziliere-contract-cfr-cluj-183869\" rel=\"nofollow noopener\">Damjan Djokovic (36 de ani), plecat \u00eentre timp de la CFR Cluj<\/a>, \u0219i juristul clubului din Gruia, Ioan Iva\u0219cu, sunt cerceta\u021bi de Federa\u021bia Rom\u00e2n\u0103 de Fotbal pentru posibile activit\u0103\u021bi de pariere se las\u0103 a\u0219teptat.<\/p>\n<p>Juristul CFR Cluj, Ioan Iva\u0219cu, a dat FRF \u00een judecat\u0103<\/p>\n<p class=\"\">Comisia de Disciplin\u0103 \u0219i Etic\u0103 a FRF a stabilit un nou termen, pentru 31 august 2026. Cazul a ajuns pe rolul Comisiei pe 6 iulie, dup\u0103 ce a fost analizat de Departamentul de Integritate \u0219i Antifraud\u0103 al FRF.<\/p>\n<p class=\"\">\u00cen paralel cu procedura de la Federa\u021biei, Ioan Iva\u0219cu a deschis un <a target=\"_blank\" href=\"https:\/\/portal.just.ro\/211\/SitePages\/Dosar.aspx?id_dosar=21100000000634152&amp;id_inst=211\" rel=\"nofollow noopener\">proces \u00eempotriva FRF la Tribunalul Bucure\u0219ti.<\/a><\/p>\n<p class=\"\">Dosarul a fost \u00eenregistrat pe 17 august, la Sec\u021bia a IV-a Civil\u0103, iar obiectul este \u201eordonan\u021b\u0103 pre\u0219edin\u021bial\u0103 &#8211; cereri \u00een materia arbitrajului\u201d. Primul termen a fost stabilit pentru 7 septembrie 2026.<\/p>\n<p>Surse FRF: \u201e\u00cencearc\u0103 s\u0103 blocheze solu\u021bionarea dosarului de la Comisie de Disciplin\u0103 \u0219i Etic\u0103\u201d<\/p>\n<p class=\"\">\u201eNu \u0219tim ce contest\u0103 pentru c\u0103 nu am primit \u00eenc\u0103 cererea lui comunicat\u0103 instan\u021bei, dar este clar c\u0103 este ceva legat de dosarul disciplinar \u0219i c\u0103, \u00een fapt, \u00eencearc\u0103 s\u0103 blocheze, tergiverseze solu\u021bionarea dosarului de la Comisie de Disciplin\u0103 \u0219i Etic\u0103\u201d, au explicat pentru GOLAZO.ro surse federale.<\/p>\n<p class=\"\">GOLAZO.ro a \u00eencercat s\u0103 ob\u021bin\u0103 un punct de vedere de la Ioan Iva\u0219cu \u00een leg\u0103tur\u0103 cu ac\u021biunea deschis\u0103 la Tribunalul Bucure\u0219ti, \u00eens\u0103 acesta nu a r\u0103spuns solicit\u0103rilor p\u00e2n\u0103 la publicarea articolului.<\/p>\n<p>De unde a pornit ancheta<\/p>\n<p class=\"\">Damjan Djokovic, fostul mijloca\u0219 al echipei CFR Cluj, \u0219i Ioan Iva\u0219cu, juristul clubului, au fost viza\u021bi de verific\u0103rile Departamentului de Integritate \u0219i Antifraud\u0103 al FRF.<\/p>\n<p class=\"\">\u00cen cazul lui Djokovic, verific\u0103rile au vizat partida FC Boto\u0219ani &#8211; CFR Cluj 0-1, disputat\u0103 pe 19 decembrie 2025.<\/p>\n<p class=\"\">Fotbalistul a primit cartona\u0219 galben \u00een minutul 77, dup\u0103 ce a luat mingea \u00een m\u00e2ini \u0219i <a target=\"_blank\" href=\"https:\/\/golazo.ro\/damjan-djokovic-cfr-cluj-fc-botosani-avertisment-ancheta-179455\" rel=\"nofollow noopener\">l-a lovit cu aceasta pe Charles Petro<\/a>, \u00een apropierea arbitrului Sebastian Col\u021bescu.<\/p>\n<p class=\"\"><a target=\"_blank\" href=\"https:\/\/golazo.ro\/sebastian-coltescu-audieri-damjan-djokovic-pariuri-sportive-179809\" rel=\"nofollow noopener\">\u00cen timpul audierilor<\/a>, Col\u021bescu a declarat c\u0103 \u201eDjokovic m-a obligat s\u0103-l avertizez! A\u0219a este procedura \u00een astfel de cazuri\u201d, conform prosport.ro.<\/p>\n<p class=\"\">Ulterior, cazul a ajuns la Comisia de Disciplin\u0103 \u0219i Etic\u0103 a FRF.<\/p>\n<p>    <img decoding=\"async\" src=\"https:\/\/www.europesays.com\/ro\/wp-content\/uploads\/2026\/08\/faza-suspecta-din-botosani-cfr-in-care-djokovic-vede-cartonasul-galben-1.jpg\" alt=\"\" data-blur=\"https:\/\/www.europesays.com\/ro\/wp-content\/uploads\/2026\/08\/faza-suspecta-din-botosani-cfr-in-care-djokovic-vede-cartonasul-galben-1.jpg\" width=\"684\" height=\"456\" class=\"blur\" loading=\"lazy\"\/><\/p>\n<p>            <img decoding=\"async\" src=\"https:\/\/www.europesays.com\/ro\/wp-content\/uploads\/2026\/08\/1787820198_517_faza-suspecta-din-botosani-cfr-in-care-djokovic-vede-cartonasul-galben-1.jpg\" loading=\"lazy\" alt=\"\" width=\"684\" height=\"456\"\/><\/p>\n<p>        Galerie foto (11 imagini)<\/p>\n<p>                    <a href=\"https:\/\/golazo.ro\/faza-suspecta-din-botosani-cfr-in-care-djokovic-vede-cartonasul-galben-179457-g1?articleSource=184408\" class=\"gallery-link\" aria-label=\"Show gallery\" rel=\"nofollow noopener\" target=\"_blank\"><\/p>\n<p>                +11 Foto<br \/>\n            <\/a><\/p>\n<p>    <a href=\"https:\/\/golazo.ro\/faza-suspecta-din-botosani-cfr-in-care-djokovic-vede-cartonasul-galben-179457-g1?articleSource=184408\" class=\"link\" rel=\"nofollow noopener\" target=\"_blank\">labels.photo-gallery<\/a><\/p>\n<p>Avocatul lui Damjan Djokovic: \u201eEste o \u00eenscenare\u201d<\/p>\n<p class=\"\">\u00centr-un interviu acordat pentru GOLAZO.ro, <a target=\"_blank\" href=\"https:\/\/golazo.ro\/damjan-djokovic-sabin-gherdan-sebastian-coltescu-pariuri-frf-182354\" rel=\"nofollow noopener\">avocatul lui Damjan Djokovic, Sabin Gherdan, a declarat<\/a> c\u0103 informa\u021biile ap\u0103rute public despre caz sunt exagerate \u0219i c\u0103 sesizarea FRF vizeaz\u0103 un singur meci, FC Boto\u0219ani &#8211; CFR Cluj 0-1, din 19 decembrie 2025. <\/p>\n<p class=\"\">Gherdan a respins informa\u021biile potrivit c\u0103rora ar fi existat pariuri de \u201esute de mii de euro\u201d pe meciurile lui Djokovic \u0219i sus\u021bine c\u0103 este vorba despre \u201eo \u00eenscenare\u201d.<\/p>\n<p>Ioan Iva\u0219cu, anchetat pentru posibile activit\u0103\u021bi de pariere<\/p>\n<p class=\"\">\u00cen ceea ce \u00eel prive\u0219te pe Ioan Iva\u0219cu, la finalul lunii aprilie a ap\u0103rut informa\u021bia conform c\u0103reia acesta, al\u0103turi de fostul pre\u0219edinte de la CFR Cluj, Marian Copilu, ar fi viza\u021bi \u00een leg\u0103tur\u0103 cu posibile activit\u0103\u021bi de <a href=\"https:\/\/golazo.ro\/pariuri-sportive-172-t1\" target=\"_blank\" rel=\"noreferrer noopener nofollow\">pariere pe meciuri de fotbal<\/a>.<\/p>\n<p class=\"\">De\u0219i, la momentul respectiv, <a target=\"_blank\" href=\"https:\/\/gazetadecluj.ro\/ivascu-a-fost-incalecat-si-descalecat-intr-o-zi-la-cfr-de-nelutu-varga\/#google_vignette\" rel=\"nofollow noopener\">Gazeta de Cluj <\/a>a relatat c\u0103 ar fi vorba despre \u201eposibile aranjamente de meciuri la nivel inferior\u201d, informa\u021biile ob\u021binute de GOLAZO.ro indic\u0103 faptul c\u0103 verific\u0103rile FRF nu vizeaz\u0103 suspiciuni de meciuri trucate, ci posibile activit\u0103\u021bi de pariere.<\/p>\n<p class=\"\"><a target=\"_blank\" href=\"https:\/\/golazo.ro\/pariuri-ancheta-cfr-cluj-marian-copilu-ioan-ivascu-172319\" rel=\"nofollow noopener\">Contacta\u021bi de GOLAZO.ro, Marian Copilu \u0219i Ioan Iva\u0219cu <\/a>au precizat c\u0103 nu \u0219tiu s\u0103 fie viza\u021bi de vreo anchet\u0103 \u0219i au respins informa\u021biile ap\u0103rute \u00een spa\u021biul public privind o posibil\u0103 implicare \u00een activit\u0103\u021bi de pariere sau alte \u00eenc\u0103lc\u0103ri ale regulamentelor \u00een vigoare.<\/p>\n<p class=\"\">\u00cen ciuda activit\u0103\u021bilor ilegale de care cei doi erau suspecta\u021bi, Ioan Varga a anun\u021bat, la finalul lunii aprilie, c\u0103 <a target=\"_blank\" href=\"https:\/\/golazo.ro\/ioan-varga-marian-copilu-ionut-ivascu-cfr-cluj-frf-ancheta-pariuri-172394\" rel=\"nofollow noopener\">Marian Copilu \u0219i Ioan Iva\u0219cu au revenit \u00een structura clubului CFR.<\/a> <\/p>\n<p class=\"\">\u201eNu are nicio treab\u0103. Nu sunt probleme\u201d, a comentat finan\u021batorul grup\u0103rii din Gruia situa\u021bia juristului Ioan Iva\u0219cu.<\/p>\n<p>Cite\u0219te \u0219i<\/p>\n<p>VIDEO: cele mai noi imagini din sport<\/p>\n","protected":false},"excerpt":{"rendered":"&#13; Solu\u021bionarea cazului Damjan Djokovic &#8211; Ioan Iva\u0219cu se prelunge\u0219te. FRF a stabilit un nou termen \u00een ancheta&hellip;\n","protected":false},"author":2,"featured_media":277525,"comment_status":"","ping_status":"","sticky":false,"template":"","format":"standard","meta":{"footnotes":"","_share_on_mastodon":"0"},"categories":[5],"tags":[32,33,31,186,4399,36,37,323,27,48148,34,35,25,1607,979,41,40,38,39,26,28,29,30,1574],"class_list":["post-277524","post","type-post","status-publish","format-standard","has-post-thumbnail","category-titluri","tag-breaking-news","tag-breakingnews","tag-cele-mai-populare-subiecte","tag-cfr-cluj","tag-damjan-djokovic","tag-featured-news","tag-featurednews","tag-frf","tag-headlines","tag-ioan-ivascu","tag-latest-news","tag-latestnews","tag-news","tag-pariuri","tag-proces","tag-ro","tag-romana","tag-romania","tag-romanian","tag-stiri","tag-titluri","tag-top-stories","tag-topstories","tag-tribunal"],"share_on_mastodon":{"url":"https:\/\/pubeurope.com\/@ro\/117166591532112777","error":""},"_links":{"self":[{"href":"https:\/\/www.europesays.com\/ro\/wp-json\/wp\/v2\/posts\/277524","targetHints":{"allow":["GET"]}}],"collection":[{"href":"https:\/\/www.europesays.com\/ro\/wp-json\/wp\/v2\/posts"}],"about":[{"href":"https:\/\/www.europesays.com\/ro\/wp-json\/wp\/v2\/types\/post"}],"author":[{"embeddable":true,"href":"https:\/\/www.europesays.com\/ro\/wp-json\/wp\/v2\/users\/2"}],"replies":[{"embeddable":true,"href":"https:\/\/www.europesays.com\/ro\/wp-json\/wp\/v2\/comments?post=277524"}],"version-history":[{"count":0,"href":"https:\/\/www.europesays.com\/ro\/wp-json\/wp\/v2\/posts\/277524\/revisions"}],"wp:featuredmedia":[{"embeddable":true,"href":"https:\/\/www.europesays.com\/ro\/wp-json\/wp\/v2\/media\/277525"}],"wp:attachment":[{"href":"https:\/\/www.europesays.com\/ro\/wp-json\/wp\/v2\/media?parent=277524"}],"wp:term":[{"taxonomy":"category","embeddable":true,"href":"https:\/\/www.europesays.com\/ro\/wp-json\/wp\/v2\/categories?post=277524"},{"taxonomy":"post_tag","embeddable":true,"href":"https:\/\/www.europesays.com\/ro\/wp-json\/wp\/v2\/tags?post=277524"}],"curies":[{"name":"wp","href":"https:\/\/api.w.org\/{rel}","templated":true}]}}