{"id":277542,"date":"2026-08-27T09:00:07","date_gmt":"2026-08-27T09:00:07","guid":{"rendered":"https:\/\/www.europesays.com\/ro\/277542\/"},"modified":"2026-08-27T09:00:07","modified_gmt":"2026-08-27T09:00:07","slug":"urmareste-live-lansarea-galaxy-s26-fe-modelul-high-end-mai-accesibil-de-la-samsung","status":"publish","type":"post","link":"https:\/\/www.europesays.com\/ro\/277542\/","title":{"rendered":"Urm\u0103re\u0219te live lansarea Galaxy S26 FE, modelul high-end mai accesibil de la Samsung"},"content":{"rendered":"<p class=\"wp-block-paragraph\">Samsung organizeaz\u0103 ast\u0103zi, 27 august, un nou eveniment Galaxy, transmis \u00een direct \u00eencep\u00e2nd cu ora 15:00, \u00een Rom\u00e2nia. Compania nu a dezv\u0103luit oficial produsul care urmeaz\u0103 s\u0103 fie prezentat, dar toate informa\u021biile disponibile indic\u0103 lansarea Galaxy S26 FE. Transmisiunea poate fi urm\u0103rit\u0103 pe canalul YouTube Samsung \u0219i pe site-ul companiei. Invita\u021bia confirm\u0103 c\u0103 familia Galaxy S26 va primi un nou membru, descris drept un model care aduce func\u021biile principale ale seriei, de la camere la AI, al\u0103turi de cea mai recent\u0103 versiune One UI.<\/p>\n<p>Lansarea Galaxy S26 FE are loc dup\u0103 mai multe leak-uri<\/p>\n<p class=\"wp-block-paragraph\">Galaxy S26 FE a ap\u0103rut deja \u00een clipuri de tip <a href=\"https:\/\/www.connect.ro\/2026\/08\/18\/galaxy-s26-fe-hands-on\/\" target=\"_blank\" rel=\"noreferrer noopener nofollow\">hands-on<\/a> \u0219i <a href=\"https:\/\/www.connect.ro\/2026\/08\/24\/galaxy-s26-fe-unboxing\/\" target=\"_blank\" rel=\"noreferrer noopener nofollow\">unboxing<\/a>, de\u0219i Samsung nu a prezentat oficial telefonul. Imaginile arat\u0103 un design apropiat de Galaxy S25 FE, dar cu cele trei camere grupate \u00eentr-o insul\u0103, asemeni celorlalte modele din gama S26.<\/p>\n<p class=\"wp-block-paragraph\">Telefonul <a href=\"https:\/\/www.connect.ro\/2026\/08\/11\/specificatiile-samsung-galaxy-s26-fe-au-fost-dezvaluite\/\" target=\"_blank\" rel=\"noreferrer noopener nofollow\">ar urma s\u0103 foloseasc\u0103<\/a> un display Super AMOLED de 6,7 inci, cu rezolu\u021bie FHD+ \u0219i refresh rate de 120 Hz. \u00cen interior este a\u0219teptat chipsetul Exynos 2500, asociat unui GPU Xclipse 950, \u00eempreun\u0103 cu 8 GB RAM.<\/p>\n<p class=\"wp-block-paragraph\">O listare din Google Play Console a indicat rezolu\u021bia de 2.340 \u00d7 1.080 pixeli \u0219i num\u0103rul de model SM-S741U. Telefonul a ap\u0103rut \u0219i \u00een Geekbench, unde a ob\u021binut 2.426 de puncte \u00een testul single-core \u0219i 8.004 puncte \u00een multi-core, \u00eens\u0103 scorurile realizate \u00eenainte de lansare nu ofer\u0103 \u00eentotdeauna o imagine exact\u0103 asupra performan\u021bei finale.<\/p>\n<p>Camere similare \u0219i \u0219apte ani de update-uri<\/p>\n<p class=\"wp-block-paragraph\">Configura\u021bia foto vehiculat\u0103 include o camer\u0103 principal\u0103 de 50 MP, una ultrawide de 12 MP \u0219i un telephoto de 8 MP. Camera frontal\u0103 ar avea 12 MP, iar senzorul ultrawide ar putea fi diferit de cel folosit pe genera\u021bia anterioar\u0103.<\/p>\n<p class=\"wp-block-paragraph\">Bateria ar urma s\u0103 p\u0103streze capacitatea de 4.900 mAh \u0219i \u00eenc\u0103rcarea la 45 W de pe Galaxy S25 FE. Alte informa\u021bii indic\u0103 certificare IP68, o grosime de 7,4 mm \u0219i \u0219apte ani de upgrade-uri pentru sistemul de operare. Telefonul surprins \u00een clipul de unboxing ruleaz\u0103 Android 17 cu One UI 9.<\/p>\n<p class=\"wp-block-paragraph\">Cutia pare s\u0103 includ\u0103 telefonul, documenta\u021bia, cheia pentru sertarul SIM \u0219i un cablu USB-C. \u00cenc\u0103rc\u0103torul \u0219i husa nu apar \u00een pachetul filmat.<\/p>\n<p>Pre\u021burile Galaxy S26 FE r\u0103m\u00e2n neconfirmate <\/p>\n<p class=\"wp-block-paragraph\">Un <a href=\"https:\/\/www.connect.ro\/2026\/07\/30\/galaxy-s26-fe-preturi\/\" target=\"_blank\" rel=\"noreferrer noopener nofollow\">leak anterior<\/a> sus\u021bine c\u0103 Galaxy S26 FE va costa \u00een Fran\u021ba 799 de euro \u00een versiunea cu 128 GB, 899 de euro cu 256 GB \u0219i 1.099 de euro cu 512 GB. Aceste pre\u021buri nu au fost confirmate de Samsung \u0219i pot diferi \u00een alte \u021b\u0103ri europene.<\/p>\n","protected":false},"excerpt":{"rendered":"Samsung organizeaz\u0103 ast\u0103zi, 27 august, un nou eveniment Galaxy, transmis \u00een direct \u00eencep\u00e2nd cu ora 15:00, \u00een Rom\u00e2nia.&hellip;\n","protected":false},"author":2,"featured_media":277543,"comment_status":"","ping_status":"","sticky":false,"template":"","format":"standard","meta":{"footnotes":"","_share_on_mastodon":"0"},"categories":[16],"tags":[15855,44771,41,40,38,39,163,141,124,32653],"class_list":["post-277542","post","type-post","status-publish","format-standard","has-post-thumbnail","category-tehnologie","tag-exynos-2500","tag-galaxy-s26-fe","tag-ro","tag-romana","tag-romania","tag-romanian","tag-samsung","tag-technology","tag-tehnologie","tag-telefoane-samsung"],"share_on_mastodon":{"url":"https:\/\/pubeurope.com\/@ro\/117166658519689281","error":""},"_links":{"self":[{"href":"https:\/\/www.europesays.com\/ro\/wp-json\/wp\/v2\/posts\/277542","targetHints":{"allow":["GET"]}}],"collection":[{"href":"https:\/\/www.europesays.com\/ro\/wp-json\/wp\/v2\/posts"}],"about":[{"href":"https:\/\/www.europesays.com\/ro\/wp-json\/wp\/v2\/types\/post"}],"author":[{"embeddable":true,"href":"https:\/\/www.europesays.com\/ro\/wp-json\/wp\/v2\/users\/2"}],"replies":[{"embeddable":true,"href":"https:\/\/www.europesays.com\/ro\/wp-json\/wp\/v2\/comments?post=277542"}],"version-history":[{"count":0,"href":"https:\/\/www.europesays.com\/ro\/wp-json\/wp\/v2\/posts\/277542\/revisions"}],"wp:featuredmedia":[{"embeddable":true,"href":"https:\/\/www.europesays.com\/ro\/wp-json\/wp\/v2\/media\/277543"}],"wp:attachment":[{"href":"https:\/\/www.europesays.com\/ro\/wp-json\/wp\/v2\/media?parent=277542"}],"wp:term":[{"taxonomy":"category","embeddable":true,"href":"https:\/\/www.europesays.com\/ro\/wp-json\/wp\/v2\/categories?post=277542"},{"taxonomy":"post_tag","embeddable":true,"href":"https:\/\/www.europesays.com\/ro\/wp-json\/wp\/v2\/tags?post=277542"}],"curies":[{"name":"wp","href":"https:\/\/api.w.org\/{rel}","templated":true}]}}