{"id":277560,"date":"2026-08-27T09:12:07","date_gmt":"2026-08-27T09:12:07","guid":{"rendered":"https:\/\/www.europesays.com\/ro\/277560\/"},"modified":"2026-08-27T09:12:07","modified_gmt":"2026-08-27T09:12:07","slug":"primul-nu-pentru-gino-iorgulescu-eu-nu-l-votez","status":"publish","type":"post","link":"https:\/\/www.europesays.com\/ro\/277560\/","title":{"rendered":"Primul NU pentru Gino Iorgulescu: &#8222;Eu nu-l votez&#8221;"},"content":{"rendered":"\n<ul class=\"bullets\">\n<li>\n<p>La Liga: Barcelona &#8211; Bilbao, joi, 22:00, DGS 1<\/p>\n<\/li>\n<li>\n<p>EFL Cup: Chelsea &#8211; Luton, joi, 21:30, DGS 3<\/p>\n<\/li>\n<\/ul>\n<p>Aflat din anul 2013 \u00een fruntea LPF,\u00a0<a href=\"https:\/\/www.digisport.ro\/fotbal\/liga-1\/dani-coman-sau-gino-iorgulescu-patronul-din-superliga-a-spus-cine-crede-ca-va-iesi-noul-presedinte-al-lpf-3930909\" data-skip-linkfix=\"1\" rel=\"nofollow noopener\" target=\"_blank\">Gino Iorgulescu vrea s\u0103 candideze<\/a>\u00a0din nou pentru postul de pre\u0219edinte, \u00een 2027.<\/p>\n<p>Valeriu Iftime anun\u021b\u0103 c\u0103 nu-l voteaz\u0103 pe Gino Iorgulescu pentru un nou mandat la LPF<\/p>\n<p>La o zi distan\u021b\u0103 dup\u0103 declara\u021biile date de Gino Iorgulescu, Valeriu Iftime a reac\u021bionat. Finan\u021batorul celor de la FC Boto\u0219ani a avut o pozi\u021bie ferm\u0103 \u0219i a anun\u021bat c\u0103 nu este de acord ca \u0219eful LPF s\u0103 continue.\u00a0<\/p>\n<p>Valeriu Iftime vrea un alt suflu \u00een fruntea LPF, dup\u0103 13 ani de conducere a lui Gino Iorgulescu.<\/p>\n<p>&#8222;Eu mi-am dorit mereu s\u0103 punem un om care nu este neap\u0103rat din fotbal. Care a f\u0103cut \u0219i altceva \u00een afar\u0103 de fotbal. Unul t\u00e2n\u0103r, \u00een primul r\u00e2nd, cu o alt\u0103 viziune. Eu nu am nimic cu domnul Iorgulescu, poate s\u0103 candideze, dar eu nu-l votez. Asta e treaba mea! Eu cred c\u0103 suntem \u00eentr-o grop\u0103, iar LPF are o responsabilitate imens\u0103. Dac\u0103 nu facem nimic, nimic primim. Nevoia de schimbare este fundamental\u0103. <\/p>\n<p>S\u0103-l voteze al\u021bii, care vor. Eu nu a\u0219 vota o nou\u0103 candidatur\u0103 a lui Iorgulescu, ca s\u0103 \u0219ti\u021bi. Asta e Rom\u00e2nia, nu e prima dat\u0103 c\u00e2nd vot\u0103m prost. Sunt convins c\u0103 sunt cel pu\u021bin 7-8 cluburi \u00eempotriva sa. Pot fi \u0219i mai multe, nu \u0219tiu. <\/p>\n<p>Eu nu \u00een\u021beleg ce poate aduce nou domnul Iorgulescu. Ce a f\u0103cut p\u00e2n\u0103 acum? Ce ac\u021biuni a avut? Care este interac\u021biunea managerial\u0103 \u00eentre cluburi? Cum aducem c\u00e2\u0219tiguri mai mari? Fotbalul rom\u00e2nesc aduce bani, din fericire, dar trebuie g\u00e2ndit mai mult&#8221;, a spus Valeriu Iftime, pentru digisport.ro.<\/p>\n<p>Gino Iorgulescu s-a decis \u0219i va candida din nou la \u0219efia LPF<\/p>\n<p><a href=\"https:\/\/www.digisport.ro\/fotbal\/liga-1\/gino-iorgulescu-reales-in-functia-de-presedinte-al-lpf-in-unanimitate-principalele-obiective-din-noul-mandat-1704049\" target=\"_blank\" rel=\"noopener nofollow\" data-skip-linkfix=\"1\">Iorgulescu a fost reales pentru al treilea mandat<\/a>\u00a0la \u0219efia acestei institu\u021bii \u00een mai 2022, dup\u0103 ce a fost ales \u00een unanimitate de reprezentan\u021bii cluburilor din SuperLiga.<\/p>\n<p>La viitoarele alegeri de la LPF, care vor avea loc \u00een prim\u0103vara anului 2027, Gino Iorgulescu a dezv\u0103luit c\u0103 va candida din nou. Actualul \u0219ef al forului na\u021bional a spus c\u0103 are parte de sus\u021binerea cluburilor.<\/p>\n<ul>\n<li>Gino Iorgulescu a modificat recent statutul LPF pentru a putea ob\u021bine \u0219i al patrulea mandat la conducerea institu\u021biei<\/li>\n<\/ul>\n<p>&#8222;Candidez din nou, am sus\u021binerea cluburilor \u0219i, dac\u0103 tot timpul aducem bani, sper s\u0103 reu\u0219esc. Sper s\u0103 fiu ales&#8221;,\u00a0a declarat Gino Iorgulescu, miercuri, 26 august, la o conferin\u021b\u0103 de pres\u0103.<\/p>\n<p>La sf\u00e2r\u0219itul anului 2025,\u00a0<a href=\"https:\/\/www.digisport.ro\/fotbal\/liga-1\/surpriza-pe-cine-vede-gino-iorgulescu-presedinte-la-lpf-dupa-ce-si-dani-coman-si-a-anuntat-candidatura-3992295\" target=\"_blank\" rel=\"noopener nofollow\" data-skip-linkfix=\"1\">Gino Iorgulescu a \u00eencercat s\u0103-i fac\u0103 \u201dlobby\u201d lui Justin \u0218tefan<\/a>, actualul Secretar General al LPF, pentru \u0219efia institu\u021biei.\u00a0<\/p>\n<p>  Etichete:  <a href=\"https:\/\/www.digisport.ro\/eticheta\/lpf\" rel=\"nofollow noopener\" target=\"_blank\">lpf<\/a> , <a href=\"https:\/\/www.digisport.ro\/eticheta\/fc-botosani\" rel=\"nofollow noopener\" target=\"_blank\">fc botosani<\/a> , <a href=\"https:\/\/www.digisport.ro\/eticheta\/gino-iorgulescu\" rel=\"nofollow noopener\" target=\"_blank\">gino iorgulescu<\/a> , <a href=\"https:\/\/www.digisport.ro\/eticheta\/valeriu-iftime\" rel=\"nofollow noopener\" target=\"_blank\">valeriu iftime<\/a>   <\/p>\n<p>Urm\u0103re\u0219te \u0219tirile digisport.ro \u0219i pe <a href=\"https:\/\/news.google.com\/publications\/CAAiENr1L9HFNMG5hpp5zTfVtpsqFAgKIhDa9S_RxTTBuYaaec031bab?ceid=RO:ro&amp;oc=3\" target=\"_blank\" rel=\"external nofollow noopener\">Google News<\/a><\/p>\n<p>   Noua Aplica\u0163ie Digi Sport poate fi desc\u0103rcat\u0103 din   <\/p>\n","protected":false},"excerpt":{"rendered":"La Liga: Barcelona &#8211; Bilbao, joi, 22:00, DGS 1 EFL Cup: Chelsea &#8211; Luton, joi, 21:30, DGS 3&hellip;\n","protected":false},"author":2,"featured_media":277561,"comment_status":"","ping_status":"","sticky":false,"template":"","format":"standard","meta":{"footnotes":"","_share_on_mastodon":"0"},"categories":[20],"tags":[662,2109,3199,41,40,38,39,185,184,654],"class_list":["post-277560","post","type-post","status-publish","format-standard","has-post-thumbnail","category-sport","tag-fc-botosani","tag-gino-iorgulescu","tag-lpf","tag-ro","tag-romana","tag-romania","tag-romanian","tag-sport","tag-sports","tag-valeriu-iftime"],"share_on_mastodon":{"url":"https:\/\/pubeurope.com\/@ro\/117166705365400377","error":""},"_links":{"self":[{"href":"https:\/\/www.europesays.com\/ro\/wp-json\/wp\/v2\/posts\/277560","targetHints":{"allow":["GET"]}}],"collection":[{"href":"https:\/\/www.europesays.com\/ro\/wp-json\/wp\/v2\/posts"}],"about":[{"href":"https:\/\/www.europesays.com\/ro\/wp-json\/wp\/v2\/types\/post"}],"author":[{"embeddable":true,"href":"https:\/\/www.europesays.com\/ro\/wp-json\/wp\/v2\/users\/2"}],"replies":[{"embeddable":true,"href":"https:\/\/www.europesays.com\/ro\/wp-json\/wp\/v2\/comments?post=277560"}],"version-history":[{"count":0,"href":"https:\/\/www.europesays.com\/ro\/wp-json\/wp\/v2\/posts\/277560\/revisions"}],"wp:featuredmedia":[{"embeddable":true,"href":"https:\/\/www.europesays.com\/ro\/wp-json\/wp\/v2\/media\/277561"}],"wp:attachment":[{"href":"https:\/\/www.europesays.com\/ro\/wp-json\/wp\/v2\/media?parent=277560"}],"wp:term":[{"taxonomy":"category","embeddable":true,"href":"https:\/\/www.europesays.com\/ro\/wp-json\/wp\/v2\/categories?post=277560"},{"taxonomy":"post_tag","embeddable":true,"href":"https:\/\/www.europesays.com\/ro\/wp-json\/wp\/v2\/tags?post=277560"}],"curies":[{"name":"wp","href":"https:\/\/api.w.org\/{rel}","templated":true}]}}