{"id":277649,"date":"2026-08-27T10:29:10","date_gmt":"2026-08-27T10:29:10","guid":{"rendered":"https:\/\/www.europesays.com\/ro\/277649\/"},"modified":"2026-08-27T10:29:10","modified_gmt":"2026-08-27T10:29:10","slug":"s-a-incheiat-csa-steaua-nu-va-putea-evolua-in-playoff-ul-ligii-secunde-daca-nu-devine-club-privat-decizia-luata-de-frf","status":"publish","type":"post","link":"https:\/\/www.europesays.com\/ro\/277649\/","title":{"rendered":"S-a \u00eencheiat: CSA Steaua nu va putea evolua \u00een playoff-ul ligii secunde, dac\u0103 nu devine club privat. Decizia luat\u0103 de FRF"},"content":{"rendered":"<p>Joi, 27 August 2026, ora 08:35<\/p>\n<p>3261 citiri<\/p>\n<p><a class=\"news__image\" data-href=\"https:\/\/s2.ziareromania.ro\/?mmid=7146f56afbc10fe724\" data-size=\"820x492\" title=\"S-a \u00eencheiat: CSA Steaua nu va putea evolua \u00een playoff-ul ligii secunde, dac\u0103 nu devine club privat. Decizia luat\u0103 de FRF\"><img decoding=\"async\" src=\"https:\/\/www.europesays.com\/ro\/wp-content\/uploads\/2026\/08\/S-a---ncheiat--CSA-Steaua-nu-va-putea-evolua---n-playoff-ul-ligii-secunde--dac---nu-devine-club-priv.jpeg\" alt=\"S-a \u00eencheiat: CSA Steaua nu va putea evolua \u00een playoff-ul ligii secunde, dac\u0103 nu devine club privat. Decizia luat\u0103 de FRF\" title=\"S-a \u00eencheiat: CSA Steaua nu va putea evolua \u00een playoff-ul ligii secunde, dac\u0103 nu devine club privat. Decizia luat\u0103 de FRF\" class=\"img-responsive\"\/><\/a><\/p>\n<p>CSA Steaua FOTO Facebook Steaua Bucure\u0219ti<\/p>\n<p>Comitetul Executiv al Federa\u021biei Rom\u00e2ne de Fotbal a aprobat \u00een unanimitate, miercuri, o hot\u0103r\u00e2re menit\u0103 s\u0103 creasc\u0103 integritatea competi\u021biei din e\u0219alonul secund. Astfel, \u00eencep\u00e2nd cu sezonul 2028-2029, \u00een play-off-ul Ligii 2 vor avea drept de participare doar echipele de drept privat, cu excep\u021bia cazului \u00een care legisla\u021bia \u00een vigoare va suferi modific\u0103ri, informeaz\u0103 <a href=\"https:\/\/ziare.com\/frf\/\" title=\"FRF\" rel=\"nofollow noopener\" target=\"_blank\">FRF<\/a>.<\/p>\n<p>Una dintre echipele care ar fi, practic, dezavantajat\u0103 de aceast\u0103 decizie este CSA <a href=\"https:\/\/ziare.com\/steaua\/\" title=\"Steaua\" rel=\"nofollow noopener\" target=\"_blank\">Steaua<\/a>. Ei au jucat de multe ori \u00een playoff \u00een ultimii ani, f\u0103r\u0103 s\u0103 aib\u0103 drept de promovare.<\/p>\n<p>M\u0103sura vine ca o necesitate de clarificare a statutului competi\u021bional, av\u00e2nd \u00een vedere c\u0103 un club de drept public nu se poate afilia la Liga Profesionist\u0103 de Fotbal \u0219i, implicit, nu are drept de promovare \u00een Superlig\u0103, precizeaz\u0103 federa\u021bia.<\/p>\n<p>Prezen\u021ba unor echipe f\u0103r\u0103 drept de promovare \u00een faza care decide forma\u021biile care urc\u0103 \u00een prima lig\u0103 sau merg la baraj poate genera suspiciuni \u0219i confuzie cu privire la miza sportiv\u0103.<\/p>\n<p>Decizia nu va fi implementat\u0103 imediat din sezonul viitor, oferindu-se astfel timp suficient cluburilor s\u0103 se adapteze la noile cerin\u021be.<\/p>\n<p>Propunerea a beneficiat de un sprijin masiv din partea echipelor din e\u0219alon. Dintre cluburile din <a href=\"https:\/\/ziare.com\/fotbal\/liga-2\/\" title=\"Liga 2\" rel=\"nofollow noopener\" target=\"_blank\">Liga 2<\/a>, 15 au votat \u00een favoarea acestei propuneri, un singur club s-a opus, iar restul s-au ab\u021binut.<\/p>\n<p>\u021ai-a pl\u0103cut articolul?<\/p>\n<p> Vrem s\u0103 producem mai multe, \u00eens\u0103 avem nevoie de sus\u021binerea ta. Orice dona\u021bie conteaz\u0103 pentru jurnalismul independent <\/p>\n","protected":false},"excerpt":{"rendered":"Joi, 27 August 2026, ora 08:35 3261 citiri CSA Steaua FOTO Facebook Steaua Bucure\u0219ti Comitetul Executiv al Federa\u021biei&hellip;\n","protected":false},"author":2,"featured_media":277650,"comment_status":"","ping_status":"","sticky":false,"template":"","format":"standard","meta":{"footnotes":"","_share_on_mastodon":"0"},"categories":[20],"tags":[2366,661,2237,41,40,38,39,185,184],"class_list":["post-277649","post","type-post","status-publish","format-standard","has-post-thumbnail","category-sport","tag-csa-steaua","tag-fotbal-intern","tag-liga-a-doua","tag-ro","tag-romana","tag-romania","tag-romanian","tag-sport","tag-sports"],"share_on_mastodon":{"url":"https:\/\/pubeurope.com\/@ro\/117167008957990185","error":""},"_links":{"self":[{"href":"https:\/\/www.europesays.com\/ro\/wp-json\/wp\/v2\/posts\/277649","targetHints":{"allow":["GET"]}}],"collection":[{"href":"https:\/\/www.europesays.com\/ro\/wp-json\/wp\/v2\/posts"}],"about":[{"href":"https:\/\/www.europesays.com\/ro\/wp-json\/wp\/v2\/types\/post"}],"author":[{"embeddable":true,"href":"https:\/\/www.europesays.com\/ro\/wp-json\/wp\/v2\/users\/2"}],"replies":[{"embeddable":true,"href":"https:\/\/www.europesays.com\/ro\/wp-json\/wp\/v2\/comments?post=277649"}],"version-history":[{"count":0,"href":"https:\/\/www.europesays.com\/ro\/wp-json\/wp\/v2\/posts\/277649\/revisions"}],"wp:featuredmedia":[{"embeddable":true,"href":"https:\/\/www.europesays.com\/ro\/wp-json\/wp\/v2\/media\/277650"}],"wp:attachment":[{"href":"https:\/\/www.europesays.com\/ro\/wp-json\/wp\/v2\/media?parent=277649"}],"wp:term":[{"taxonomy":"category","embeddable":true,"href":"https:\/\/www.europesays.com\/ro\/wp-json\/wp\/v2\/categories?post=277649"},{"taxonomy":"post_tag","embeddable":true,"href":"https:\/\/www.europesays.com\/ro\/wp-json\/wp\/v2\/tags?post=277649"}],"curies":[{"name":"wp","href":"https:\/\/api.w.org\/{rel}","templated":true}]}}