{"id":277709,"date":"2026-08-27T11:25:14","date_gmt":"2026-08-27T11:25:14","guid":{"rendered":"https:\/\/www.europesays.com\/ro\/277709\/"},"modified":"2026-08-27T11:25:14","modified_gmt":"2026-08-27T11:25:14","slug":"mercato-radu-constantea-prima-reactie-dupa-transferul-momentului-din-superliga-e-important-poate-ajunge-la-nationala-romaniei-de-seniori-exclusiv","status":"publish","type":"post","link":"https:\/\/www.europesays.com\/ro\/277709\/","title":{"rendered":"MERCATO Radu Constantea, prima reac\u021bie dup\u0103 transferul momentului din Superliga: \u201eE important! Poate ajunge la na\u021bionala Rom\u00e2niei de seniori\u201d. EXCLUSIV"},"content":{"rendered":"<p>\t    <img loading=\"lazy\" decoding=\"async\" class=\"mg-x-auto\" width=\"30\" height=\"30\" src=\"https:\/\/www.europesays.com\/ro\/wp-content\/uploads\/2026\/08\/1787829913_496_google-g.png\" alt=\"\"\/><\/p>\n<p id=\"p-0\">Radu Constantea, pre\u0219edintele celor de la Universitatea Cluj, a oferit o prim\u0103 reac\u021bie dup\u0103 ce echipa lui a f\u0103cut mutarea momentului \u00een Superliga Rom\u00e2niei.<\/p>\n<p id=\"p-1\">Oficialul ardelenilor a vorbit pentru ProSport despre transferul lui Luca Szimiona\u0219 de la Hellas Verona \u0219i consider\u0103 c\u0103 t\u00e2n\u0103rul fotbalist poate face pasul la prima reprezentativ\u0103 a Rom\u00e2niei.<\/p>\n<p>Radu Constantea, verdict despre transferul lui Szimiona\u0219 la U Cluj<\/p>\n<p id=\"p-2\">\u00cen cursul zilei de miercuri, 26 august 2026, <a style=\"color: #0000ff;\" href=\"https:\/\/www.prosport.ro\/fotbal-intern\/superliga\/luca-szimionas-transfer-u-cluj-20511202\" rel=\"nofollow noopener\" target=\"_blank\">Universitatea Cluj a anun\u021bat c\u0103 a ajuns la o \u00een\u021belegere cu Hellas Verona pentru transferul lui Lucas Szimiona\u0219<\/a>, fotbalist \u00een v\u00e2rst\u0103 de doar 19 ani. T\u00e2n\u0103rul mijloca\u0219 a semnat un contract valabil pentru o perioad\u0103 de patru ani cu echipa preg\u0103tit\u0103 de Cristiano Bergodi.<\/p>\n<p>                <a href=\"https:\/\/www.prosport.ro\/poze\/radu-constantea-prima-reactie-dupa-transferul-momentului-din-superliga-e-important-poate-ajunge-la-nationala-romaniei-de-seniori-exclusiv-20511291\" rel=\"nofollow noopener\" target=\"_blank\">&#13;<br \/>\n                                            <img decoding=\"async\" loading=\"lazy\" fetchpriority=\"low\" src=\"https:\/\/www.europesays.com\/ro\/wp-content\/uploads\/2026\/08\/https:\/\/www.prosport.ro\/wp-content\/uploads\/2026\/08\/dz01otamagfzad1kmmzlztuzzdbjn2e0odnlmzvjzgi1mdc3n.jpeg\" width=\"458\" height=\"305\"\/>&#13;<br \/>\n                                    <\/a><\/p>\n<p>                <a href=\"https:\/\/www.prosport.ro\/poze\/radu-constantea-prima-reactie-dupa-transferul-momentului-din-superliga-e-important-poate-ajunge-la-nationala-romaniei-de-seniori-exclusiv-20511291\" rel=\"nofollow noopener\" target=\"_blank\">&#13;<br \/>\n                                            <img decoding=\"async\" loading=\"lazy\" fetchpriority=\"low\" src=\"https:\/\/www.europesays.com\/ro\/wp-content\/uploads\/2026\/08\/https:\/\/www.prosport.ro\/wp-content\/uploads\/2026\/08\/detaliile-transferului-lui-luca-szimionas-la-u-cl.jpeg\" width=\"227\" height=\"151\"\/>&#13;<br \/>\n                                    <\/a><\/p>\n<p id=\"p-3\">Radu Constantea, pre\u0219edintele forma\u021biei din Superliga Rom\u00e2niei, a oferit o prim\u0103 reac\u021bie despre mutarea reu\u0219it\u0103 de echipa lui \u0219i a precizat c\u0103 Luca Szimiona\u0219 \u201eeste un transfer important\u201d.<\/p>\n<p id=\"p-4\">Totodat\u0103, oficialul celor de la Universitatea Cluj este de p\u0103rere c\u0103 t\u00e2n\u0103rul mijloca\u0219 poate ajunge chiar \u00een aten\u021bia selec\u021bionerului Gic\u0103 Hagi \u0219i c\u0103 poate \u00eembr\u0103ca, \u00een viitorul apropiat, tricoul echipei na\u021bionale a Rom\u00e2niei.<\/p>\n<p id=\"p-5\">\u201eEste un transfer important pentru noi. Un juc\u0103tor care a avut un parcurs bun la Campionatul European under 19. Are o perspectiv\u0103 bun\u0103 de cre\u0219tere \u0219i pentru na\u021bionala Rom\u00e2niei, pe viitor. Cred c\u0103 \u0219i stabilitate clubului nostru \u0219i ceea ce am creat \u00een ultimii ani a contat \u00een alegerea lui\u201d, a declarat Radu Constantea, pentru\u201d, a declarat Radu Constantea, pentru ProSport.<\/p>\n<p id=\"p-6\">Conform platformei de specialitate Transfermarkt, Luca Szimiona\u0219 este cotat \u00een acest moment la suma de 250.000 de euro. Acesta a ajuns \u00een Italia \u00een 2022, dup\u0103 ce s-a desp\u0103r\u021bit de Ripensia Timi\u0219oara.<\/p>\n<p id=\"p-7\">De atunci, t\u00e2n\u0103rul mijloca\u0219 a evoluat pentru echipele U17, U19 \u0219i U20 ale italienilor, dar a f\u0103cut parte \u0219i din lotul echipei de seniori.<\/p>\n<p>\u201eCazul Coubi\u0219\u201d, vector de imagine pentru U Cluj<\/p>\n<p id=\"p-8\"><a style=\"color: #0000ff;\" href=\"https:\/\/www.prosport.ro\/fotbal-intern\/superliga\/detalii-transfer-luca-szimionas-u-cluj-20511207\" rel=\"nofollow noopener\" target=\"_blank\">Transferul lui Luca Szimiona\u0219<\/a> se aseam\u0103n\u0103 cu cel al lui Andrei Coubi\u0219, crescut tot \u00een fotbalul italian. Se pare c\u0103 exemplul funda\u0219ului central a c\u00e2nt\u0103rit \u0219i \u00een luarea deciziei lui Szimiona\u0219.<\/p>\n<p id=\"p-9\">Coubi\u0219 a fost v\u00e2ndut \u00een aceast\u0103 var\u0103 la Lincoln FC, pentru trei milioane de euro, cel mai scump transfer din istoria echipei. Szimiona\u0219 ar putea fi un viitor nou transfer record, pentru U Cluj.<\/p>\n<p id=\"p-10\">\u201eNu ne g\u00e2ndim a\u0219a departe. Deocamdat\u0103 trebuie s\u0103 se acomodeze \u0219i s\u0103 se integreze \u00een echip\u0103. Sper\u0103m s\u0103 aib\u0103 evolu\u021bii bune. Ulterior, aceste lucruri vin automat\u201d, a mai spus Radu Constantea.<\/p>\n","protected":false},"excerpt":{"rendered":"Radu Constantea, pre\u0219edintele celor de la Universitatea Cluj, a oferit o prim\u0103 reac\u021bie dup\u0103 ce echipa lui a&hellip;\n","protected":false},"author":2,"featured_media":277710,"comment_status":"","ping_status":"","sticky":false,"template":"","format":"standard","meta":{"footnotes":"","_share_on_mastodon":"0"},"categories":[20],"tags":[14645,29901,6381,41,40,38,39,185,184,379,29336],"class_list":["post-277709","post","type-post","status-publish","format-standard","has-post-thumbnail","category-sport","tag-hellas-verona","tag-luca-szimionas","tag-radu-constantea","tag-ro","tag-romana","tag-romania","tag-romanian","tag-sport","tag-sports","tag-transfer","tag-transfer-u-cluj"],"share_on_mastodon":{"url":"https:\/\/pubeurope.com\/@ro\/117167228925200596","error":""},"_links":{"self":[{"href":"https:\/\/www.europesays.com\/ro\/wp-json\/wp\/v2\/posts\/277709","targetHints":{"allow":["GET"]}}],"collection":[{"href":"https:\/\/www.europesays.com\/ro\/wp-json\/wp\/v2\/posts"}],"about":[{"href":"https:\/\/www.europesays.com\/ro\/wp-json\/wp\/v2\/types\/post"}],"author":[{"embeddable":true,"href":"https:\/\/www.europesays.com\/ro\/wp-json\/wp\/v2\/users\/2"}],"replies":[{"embeddable":true,"href":"https:\/\/www.europesays.com\/ro\/wp-json\/wp\/v2\/comments?post=277709"}],"version-history":[{"count":0,"href":"https:\/\/www.europesays.com\/ro\/wp-json\/wp\/v2\/posts\/277709\/revisions"}],"wp:featuredmedia":[{"embeddable":true,"href":"https:\/\/www.europesays.com\/ro\/wp-json\/wp\/v2\/media\/277710"}],"wp:attachment":[{"href":"https:\/\/www.europesays.com\/ro\/wp-json\/wp\/v2\/media?parent=277709"}],"wp:term":[{"taxonomy":"category","embeddable":true,"href":"https:\/\/www.europesays.com\/ro\/wp-json\/wp\/v2\/categories?post=277709"},{"taxonomy":"post_tag","embeddable":true,"href":"https:\/\/www.europesays.com\/ro\/wp-json\/wp\/v2\/tags?post=277709"}],"curies":[{"name":"wp","href":"https:\/\/api.w.org\/{rel}","templated":true}]}}