{"id":277805,"date":"2026-08-27T12:58:08","date_gmt":"2026-08-27T12:58:08","guid":{"rendered":"https:\/\/www.europesays.com\/ro\/277805\/"},"modified":"2026-08-27T12:58:08","modified_gmt":"2026-08-27T12:58:08","slug":"samsung-lanseaza-modelul-galaxy-s26-fe-pret-si-specificatii","status":"publish","type":"post","link":"https:\/\/www.europesays.com\/ro\/277805\/","title":{"rendered":"Samsung lanseaz\u0103 modelul Galaxy S26 FE. Pre\u021b \u0219i specifica\u021bii"},"content":{"rendered":"<p class=\"wp-block-paragraph\">Gigantul tech Samsung a lansat noul model Galaxy S26 FE, cu procesorul lansat pe modelul pliabil de anul trecut <a href=\"https:\/\/startupcafe.ro\/samsung-telefoane-galaxy-z-fold7-z-flip7-ceasuri-galaxy-watch-8-pret-specificatii-83640\" rel=\"nofollow noopener\" target=\"_blank\">Galaxy Z Flip7<\/a>, func\u021bii cu inteligen\u021b\u0103 artificial\u0103 Galaxy AI \u0219i Android 17, cu OneUI 9.<\/p>\n<p class=\"wp-block-paragraph\">Telefonul vrea s\u0103 fie, \u00eentocmai ca anul trecut, o variant\u0103 mai accesibil\u0103 la <a href=\"https:\/\/startupcafe.ro\/samsung-lansare-gama-telefoane-galaxy-s26-casti-galaxy-buds4-pret-specificatii-95314\" rel=\"nofollow noopener\" target=\"_blank\">gama Galaxy S26<\/a>, lansat\u0103 la \u00eenceputul acestui an.<\/p>\n<p>Samsung Galaxy S26 FE. Specifica\u021bii \u0219i func\u021bii<\/p>\n<ul class=\"wp-block-list\">\n<li>Baterie de 4.900 mAh, \u00eenc\u0103rcare rapid\u0103 de 45W \u0219i 15W wireless<\/li>\n<li>Camer\u0103 frontal\u0103 de\u00a012 MP\u00a0<\/li>\n<li>Camer\u0103 principal\u0103 de\u00a050 MP, camer\u0103 Ultra-wide de\u00a012 MP\u00a0\u0219i camer\u0103\u00a0Telefoto de 8 MP<\/li>\n<li>Ecran de\u00a06,7 inch Dynamic AMOLED 2X, rat\u0103 de refresh de\u00a0120Hz<\/li>\n<li>Procesor\u00a0Exynos 2500, pe arhitectur\u0103 de 3 nm<\/li>\n<li>8 GB RAM, 128\/256\/512 GB stocare intern\u0103<\/li>\n<li>Android 17 cu One UI 9, 7 ani de actualiz\u0103ri ale sistemului de operare<\/li>\n<li>Rezisten\u021b\u0103 la ap\u0103 \u0219i praf\u00a0IP68<\/li>\n<li>Now Bar, Now Brief, Now Nudge<\/li>\n<li>Knox Enhanced Encrypted Protection (KEEP)<\/li>\n<li>Func\u021bii foto-video:\u00a0My FanCam, Video Super Steady, Photo Assist, Nightography, Audio Eraser<\/li>\n<\/ul>\n<p class=\"wp-block-paragraph\">Telefonul vine \u00een trei variante de culori,\u00a0Blueberry, Graphite \u0219i Pistachio. Pre\u021bul de pornire este de 699 dolari.<\/p>\n","protected":false},"excerpt":{"rendered":"Gigantul tech Samsung a lansat noul model Galaxy S26 FE, cu procesorul lansat pe modelul pliabil de anul&hellip;\n","protected":false},"author":2,"featured_media":277806,"comment_status":"","ping_status":"","sticky":false,"template":"","format":"standard","meta":{"footnotes":"","_share_on_mastodon":"0"},"categories":[16],"tags":[11560,37044,520,1202,41,40,38,39,163,19803,9735,41494,208,141,124],"class_list":["post-277805","post","type-post","status-publish","format-standard","has-post-thumbnail","category-tehnologie","tag-accesibil","tag-galaxy-ai","tag-lansare","tag-pret","tag-ro","tag-romana","tag-romania","tag-romanian","tag-samsung","tag-samsung-galaxy","tag-samsung-galaxy-s26","tag-samsung-galaxy-s26-fe","tag-specificatii","tag-technology","tag-tehnologie"],"share_on_mastodon":{"url":"https:\/\/pubeurope.com\/@ro\/117167594033819713","error":""},"_links":{"self":[{"href":"https:\/\/www.europesays.com\/ro\/wp-json\/wp\/v2\/posts\/277805","targetHints":{"allow":["GET"]}}],"collection":[{"href":"https:\/\/www.europesays.com\/ro\/wp-json\/wp\/v2\/posts"}],"about":[{"href":"https:\/\/www.europesays.com\/ro\/wp-json\/wp\/v2\/types\/post"}],"author":[{"embeddable":true,"href":"https:\/\/www.europesays.com\/ro\/wp-json\/wp\/v2\/users\/2"}],"replies":[{"embeddable":true,"href":"https:\/\/www.europesays.com\/ro\/wp-json\/wp\/v2\/comments?post=277805"}],"version-history":[{"count":0,"href":"https:\/\/www.europesays.com\/ro\/wp-json\/wp\/v2\/posts\/277805\/revisions"}],"wp:featuredmedia":[{"embeddable":true,"href":"https:\/\/www.europesays.com\/ro\/wp-json\/wp\/v2\/media\/277806"}],"wp:attachment":[{"href":"https:\/\/www.europesays.com\/ro\/wp-json\/wp\/v2\/media?parent=277805"}],"wp:term":[{"taxonomy":"category","embeddable":true,"href":"https:\/\/www.europesays.com\/ro\/wp-json\/wp\/v2\/categories?post=277805"},{"taxonomy":"post_tag","embeddable":true,"href":"https:\/\/www.europesays.com\/ro\/wp-json\/wp\/v2\/tags?post=277805"}],"curies":[{"name":"wp","href":"https:\/\/api.w.org\/{rel}","templated":true}]}}