{"id":277825,"date":"2026-08-27T13:13:08","date_gmt":"2026-08-27T13:13:08","guid":{"rendered":"https:\/\/www.europesays.com\/ro\/277825\/"},"modified":"2026-08-27T13:13:08","modified_gmt":"2026-08-27T13:13:08","slug":"un-nou-pret-de-referinta-pentru-vanzarea-directa-a-colosului-liberty-galati-320","status":"publish","type":"post","link":"https:\/\/www.europesays.com\/ro\/277825\/","title":{"rendered":"Un nou pre\u0163 de referin\u0163\u0103 pentru v\u00e2nzarea direct\u0103 a colosului Liberty Gala\u0163i: 320&#8230;"},"content":{"rendered":"<p>\u2666\u00a0ANAF are de recuperat 150 de milioane de euro de la Liberty, iar EximBank 300 mil. euro.<\/p>\n<p>Combinatul siderurgic Liberty Gala\u0163i, care va fi v\u00e2ndut prin negociere direct\u0103 cu investitori strategici, a\u015fteapt\u0103 noua evaluare a activelor realizat\u0103 de Darian, iar p\u00e2n\u0103 pe 23 septembrie trebuie s\u0103 finalizeze to\u0163i pa\u015fii \u00een vederea \u00eenceperii negocierilor directe.<\/p>\n<p>\u201eAvem regulamentul de v\u00e2nzare, am avut \u00eent\u00e2lnire cu comitetul interministerial s\u0103pt\u0103m\u00e2na trecut\u0103. Am agreat pa\u015fii. A\u015ftept\u0103m evaluarea f\u0103cut\u0103 de Darian, iar p\u00e2n\u0103 pe 23 sep\u00adtembrie trebuie s\u0103 facem planul nou de restructurare care prevede v\u00e2nzarea prin negociere direct\u0103, aprobarea creditorilor, depunerea planului la Tribunalul Gala\u0163i \u015fi omologarea\u201c, a spus pentru ZF Remus Borza, administrator concordatar al Liberty Gala\u0163i, al\u0103turi de CITR.<\/p>\n<p>Te-ar putea interesa \u0219i:<\/p>\n<p>\u00a0<\/p>\n<p>\t\t\t\t\t\t\tPentru alte \u0219tiri, analize, articole \u0219i informa\u021bii din business \u00een timp real urm\u0103re\u0219te Ziarul Financiar pe <a href=\"https:\/\/whatsapp.com\/channel\/0029VannM9bJZg42BhXhej1Y\" target=\"_blank\" rel=\"nofollow noopener\">WhatsApp Channels<\/a><\/p>\n","protected":false},"excerpt":{"rendered":"\u2666\u00a0ANAF are de recuperat 150 de milioane de euro de la Liberty, iar EximBank 300 mil. euro. Combinatul&hellip;\n","protected":false},"author":2,"featured_media":277826,"comment_status":"","ping_status":"","sticky":false,"template":"","format":"standard","meta":{"footnotes":"","_share_on_mastodon":"0"},"categories":[14],"tags":[97,96,41,40,38,39],"class_list":["post-277825","post","type-post","status-publish","format-standard","has-post-thumbnail","category-afaceri","tag-afaceri","tag-business","tag-ro","tag-romana","tag-romania","tag-romanian"],"share_on_mastodon":{"url":"https:\/\/pubeurope.com\/@ro\/117167653372869791","error":""},"_links":{"self":[{"href":"https:\/\/www.europesays.com\/ro\/wp-json\/wp\/v2\/posts\/277825","targetHints":{"allow":["GET"]}}],"collection":[{"href":"https:\/\/www.europesays.com\/ro\/wp-json\/wp\/v2\/posts"}],"about":[{"href":"https:\/\/www.europesays.com\/ro\/wp-json\/wp\/v2\/types\/post"}],"author":[{"embeddable":true,"href":"https:\/\/www.europesays.com\/ro\/wp-json\/wp\/v2\/users\/2"}],"replies":[{"embeddable":true,"href":"https:\/\/www.europesays.com\/ro\/wp-json\/wp\/v2\/comments?post=277825"}],"version-history":[{"count":0,"href":"https:\/\/www.europesays.com\/ro\/wp-json\/wp\/v2\/posts\/277825\/revisions"}],"wp:featuredmedia":[{"embeddable":true,"href":"https:\/\/www.europesays.com\/ro\/wp-json\/wp\/v2\/media\/277826"}],"wp:attachment":[{"href":"https:\/\/www.europesays.com\/ro\/wp-json\/wp\/v2\/media?parent=277825"}],"wp:term":[{"taxonomy":"category","embeddable":true,"href":"https:\/\/www.europesays.com\/ro\/wp-json\/wp\/v2\/categories?post=277825"},{"taxonomy":"post_tag","embeddable":true,"href":"https:\/\/www.europesays.com\/ro\/wp-json\/wp\/v2\/tags?post=277825"}],"curies":[{"name":"wp","href":"https:\/\/api.w.org\/{rel}","templated":true}]}}