{"id":278071,"date":"2026-08-27T16:50:09","date_gmt":"2026-08-27T16:50:09","guid":{"rendered":"https:\/\/www.europesays.com\/ro\/278071\/"},"modified":"2026-08-27T16:50:09","modified_gmt":"2026-08-27T16:50:09","slug":"one-united-properties-are-pentru-prima-data-stoc-de-apartamente-finalizate-este","status":"publish","type":"post","link":"https:\/\/www.europesays.com\/ro\/278071\/","title":{"rendered":"One United Properties are pentru prima dat\u0103 stoc de apartamente finalizate: &#8222;Este&#8230;"},"content":{"rendered":"<p>One United Properties, cel mai mare dezvoltator imobiliar listat la Bursa de Valori Bucure\u015fti, a ajuns pentru prima dat\u0103 \u00een cei aproape 15 ani de activitate s\u0103 aib\u0103 un stoc de apartamente finali-zate disponibile la v\u00e2nzare, dup\u0103 ce 2026 este anul cu cele mai multe livr\u0103ri din istoria companiei.<\/p>\n<p>Te-ar putea interesa \u0219i:<\/p>\n<p>\t\t\t\t\t\t\tPentru alte \u0219tiri, analize, articole \u0219i informa\u021bii din business \u00een timp real urm\u0103re\u0219te Ziarul Financiar pe <a href=\"https:\/\/whatsapp.com\/channel\/0029VannM9bJZg42BhXhej1Y\" target=\"_blank\" rel=\"nofollow noopener\">WhatsApp Channels<\/a><\/p>\n","protected":false},"excerpt":{"rendered":"One United Properties, cel mai mare dezvoltator imobiliar listat la Bursa de Valori Bucure\u015fti, a ajuns pentru prima&hellip;\n","protected":false},"author":2,"featured_media":278072,"comment_status":"","ping_status":"","sticky":false,"template":"","format":"standard","meta":{"footnotes":"","_share_on_mastodon":"0"},"categories":[14],"tags":[97,96,41,40,38,39],"class_list":["post-278071","post","type-post","status-publish","format-standard","has-post-thumbnail","category-afaceri","tag-afaceri","tag-business","tag-ro","tag-romana","tag-romania","tag-romanian"],"share_on_mastodon":{"url":"https:\/\/pubeurope.com\/@ro\/117168506383029210","error":""},"_links":{"self":[{"href":"https:\/\/www.europesays.com\/ro\/wp-json\/wp\/v2\/posts\/278071","targetHints":{"allow":["GET"]}}],"collection":[{"href":"https:\/\/www.europesays.com\/ro\/wp-json\/wp\/v2\/posts"}],"about":[{"href":"https:\/\/www.europesays.com\/ro\/wp-json\/wp\/v2\/types\/post"}],"author":[{"embeddable":true,"href":"https:\/\/www.europesays.com\/ro\/wp-json\/wp\/v2\/users\/2"}],"replies":[{"embeddable":true,"href":"https:\/\/www.europesays.com\/ro\/wp-json\/wp\/v2\/comments?post=278071"}],"version-history":[{"count":0,"href":"https:\/\/www.europesays.com\/ro\/wp-json\/wp\/v2\/posts\/278071\/revisions"}],"wp:featuredmedia":[{"embeddable":true,"href":"https:\/\/www.europesays.com\/ro\/wp-json\/wp\/v2\/media\/278072"}],"wp:attachment":[{"href":"https:\/\/www.europesays.com\/ro\/wp-json\/wp\/v2\/media?parent=278071"}],"wp:term":[{"taxonomy":"category","embeddable":true,"href":"https:\/\/www.europesays.com\/ro\/wp-json\/wp\/v2\/categories?post=278071"},{"taxonomy":"post_tag","embeddable":true,"href":"https:\/\/www.europesays.com\/ro\/wp-json\/wp\/v2\/tags?post=278071"}],"curies":[{"name":"wp","href":"https:\/\/api.w.org\/{rel}","templated":true}]}}