{"id":278087,"date":"2026-08-27T17:04:14","date_gmt":"2026-08-27T17:04:14","guid":{"rendered":"https:\/\/www.europesays.com\/ro\/278087\/"},"modified":"2026-08-27T17:04:14","modified_gmt":"2026-08-27T17:04:14","slug":"panouri-solare-de-balcon-contectate-direct-la-priza-in-magazinele-din-marea-britanie-cat-costa","status":"publish","type":"post","link":"https:\/\/www.europesays.com\/ro\/278087\/","title":{"rendered":"Panouri solare de balcon, contectate direct la priz\u0103, \u00een magazinele din Marea Britanie. C\u00e2t cost\u0103"},"content":{"rendered":"<p>\t    <img loading=\"lazy\" decoding=\"async\" class=\"mg-x-auto\" width=\"30\" height=\"30\" src=\"https:\/\/www.europesays.com\/ro\/wp-content\/uploads\/2026\/08\/1787850254_349_google-g-w.png\" alt=\"\"\/>\t\t\t    <\/p>\n<p id=\"p-0\"><a style=\"color: #0000ff;\" href=\"https:\/\/www.theguardian.com\/environment\/2026\/aug\/26\/plug-in-balcony-solar-panels-to-go-on-sale-in-uk-for-first-time?CMP=fb_gu&amp;utm_medium=Social&amp;utm_source=Facebook&amp;fbclid=IwY2xjawT9F1RwZG9mBWV4dG4DYWVtAjEwAGJyaWQRMFpEb1I4bjl4YmdqN1gxNTVzcnRjBmFwcF9pZBAyMjIwMzkxNzg4MjAwODkyAAEeYbuzQa-YHZoucYUNOJibUQrTfYP842uPeNffuZpCFYBPJvYsiGsPz-7qg20_aem_w1Yt455Xt4lmYhiyQzOF7A#Echobox=1787818671\" target=\"_blank\" rel=\"noopener nofollow\">The Guardian<\/a> anun\u021b\u0103 c\u0103 panourile solare pentru balcon vor fi disponibile la unii dintre cei mai mari retaileri din Marea Britanie.<\/p>\n<p id=\"p-1\">Argos va fi primul care va oferi aceste sisteme solare din aceast\u0103 sppt\u0103m\u00e2n\u0103, dar se a\u0219teapt\u0103 ca \u0219i concuren\u021bii Amazon, Currys, B&amp;Q \u0219i Screwfix s\u0103-\u0219i aprovizioneze rafturile cu panouri conectabile la priz\u0103 \u00een urm\u0103toarele s\u0103pt\u0103m\u00e2ni.<\/p>\n<p id=\"p-2\">Pre\u021burile sunt cuprinse \u00eentre 400 \u0219i 500 de lire sterline, \u00een func\u021bie de capacitatea sistemului.<\/p>\n<p>Cum func\u021bioneaz\u0103 panourile solare de balcon<\/p>\n<p id=\"p-3\">Dispozitivele sunt deja populare \u00een Spania \u0219i Germania, scriu jurnali\u0219tii britanici.<\/p>\n<p id=\"p-4\">Acestea pot fi conectate la o priz\u0103 standard de perete pentru a genera energie solar\u0103 de pe un balcon, o teras\u0103, acoperi\u0219ul unui \u0219opron sau orice alt spa\u021biu exterior.<\/p>\n<p id=\"p-5\">Energia solar\u0103 este dirijat\u0103 direct \u00een circuitul electric al imobilului pentru a alimenta aparatele electrocasnice.<\/p>\n<p id=\"p-6\">\u00cen Marea Britanie, sistemele solare de 800 de wa\u021bi care urmeaz\u0103 s\u0103 fie puse \u00een v\u00e2nzare vor avea aproximativ o cincime din dimensiunea unei instala\u021bii solare tipice montate pe acoperi\u0219ul unei locuin\u021be. Asta \u00eenseamn\u0103 c\u0103 nu pot furniza suficient\u0103 energie pentru a alimenta o locuin\u021b\u0103, dar ar putea ajuta o gospod\u0103rie medie s\u0103 economiseasc\u0103 p\u00e2n\u0103 la 110 lire sterline pe an din factura anual\u0103 de energie electric\u0103.<\/p>\n<p>Ce factori influen\u021beaz\u0103 economiile<\/p>\n<p id=\"p-7\">Economiile vor depinde de cantitatea de energie solar\u0103 generat\u0103, care ar putea fi influen\u021bat\u0103 de orientarea panourilor \u0219i de condi\u021biile meteo.<\/p>\n<p id=\"p-8\">Acestea vor depinde \u0219i de capacitatea gospod\u0103riei de a utiliza energia electric\u0103 \u00een momentul gener\u0103rii acesteia, deoarece bateriile re\u00eenc\u0103rcabile nu au fost incluse \u00een noua legisla\u021bie care permite v\u00e2nzarea sistemelor solare conectabile la re\u021bea.<\/p>\n","protected":false},"excerpt":{"rendered":"The Guardian anun\u021b\u0103 c\u0103 panourile solare pentru balcon vor fi disponibile la unii dintre cei mai mari retaileri&hellip;\n","protected":false},"author":2,"featured_media":278088,"comment_status":"","ping_status":"","sticky":false,"template":"","format":"standard","meta":{"footnotes":"","_share_on_mastodon":"0"},"categories":[14],"tags":[97,96,29486,93,35097,12077,76714,41,40,38,39],"class_list":["post-278087","post","type-post","status-publish","format-standard","has-post-thumbnail","category-afaceri","tag-afaceri","tag-business","tag-energie-solara","tag-marea-britanie","tag-panouri-fotovoltaice","tag-panouri-solare","tag-panouri-solare-de-balcon","tag-ro","tag-romana","tag-romania","tag-romanian"],"share_on_mastodon":{"url":"https:\/\/pubeurope.com\/@ro\/117168561861297046","error":""},"_links":{"self":[{"href":"https:\/\/www.europesays.com\/ro\/wp-json\/wp\/v2\/posts\/278087","targetHints":{"allow":["GET"]}}],"collection":[{"href":"https:\/\/www.europesays.com\/ro\/wp-json\/wp\/v2\/posts"}],"about":[{"href":"https:\/\/www.europesays.com\/ro\/wp-json\/wp\/v2\/types\/post"}],"author":[{"embeddable":true,"href":"https:\/\/www.europesays.com\/ro\/wp-json\/wp\/v2\/users\/2"}],"replies":[{"embeddable":true,"href":"https:\/\/www.europesays.com\/ro\/wp-json\/wp\/v2\/comments?post=278087"}],"version-history":[{"count":0,"href":"https:\/\/www.europesays.com\/ro\/wp-json\/wp\/v2\/posts\/278087\/revisions"}],"wp:featuredmedia":[{"embeddable":true,"href":"https:\/\/www.europesays.com\/ro\/wp-json\/wp\/v2\/media\/278088"}],"wp:attachment":[{"href":"https:\/\/www.europesays.com\/ro\/wp-json\/wp\/v2\/media?parent=278087"}],"wp:term":[{"taxonomy":"category","embeddable":true,"href":"https:\/\/www.europesays.com\/ro\/wp-json\/wp\/v2\/categories?post=278087"},{"taxonomy":"post_tag","embeddable":true,"href":"https:\/\/www.europesays.com\/ro\/wp-json\/wp\/v2\/tags?post=278087"}],"curies":[{"name":"wp","href":"https:\/\/api.w.org\/{rel}","templated":true}]}}