{"id":278103,"date":"2026-08-27T17:18:12","date_gmt":"2026-08-27T17:18:12","guid":{"rendered":"https:\/\/www.europesays.com\/ro\/278103\/"},"modified":"2026-08-27T17:18:12","modified_gmt":"2026-08-27T17:18:12","slug":"ce-sta-in-spatele-loviturii-istorice-a-fratilor-paval-prin-care-au-cumparat-carrefour-e-un-semnal","status":"publish","type":"post","link":"https:\/\/www.europesays.com\/ro\/278103\/","title":{"rendered":"Ce st\u0103 \u00een spatele loviturii istorice a fra\u021bilor Pav\u0103l prin care au cump\u0103rat Carrefour: \u201eE un semnal!\u201d"},"content":{"rendered":"<p>\t    <img loading=\"lazy\" decoding=\"async\" class=\"mg-x-auto\" width=\"30\" height=\"30\" src=\"https:\/\/www.europesays.com\/ro\/wp-content\/uploads\/2026\/08\/1787851091_52_google-g.png\" alt=\"\"\/><\/p>\n<p id=\"p-0\">Recent, fra\u021bii Drago\u0219 \u0219i Adrian Pav\u0103l au dat o lovitur\u0103 istoric\u0103, achizi\u021bion\u00e2nd Carrefour Rom\u00e2nia cu 823 de milioane de euro.<\/p>\n<p id=\"p-1\">Mutarea efectuat\u0103 de c\u0103tre proprietarii colosului Dedeman a \u021binut capul de afi\u0219 \u00een pres\u0103. \u0218i jurnali\u0219tii din str\u0103in\u0103tate s-au exprimat \u00een leg\u0103tur\u0103 cu reu\u0219ita celor doi oameni de business, iar acum, reprezentan\u021bii unei companii de cercetare au scos \u00een eviden\u021b\u0103 aspectul care st\u0103 \u00een spatele v\u00e2nz\u0103rii magazinelor Carrefour c\u0103tre fra\u021bii Pav\u0103l.<\/p>\n<p>Drago\u0219 \u0219i Adrian Pav\u0103l au achizi\u021bionat Carrefourr Rom\u00e2nia, iar YouGov a analizat situa\u021bia<\/p>\n<p id=\"p-2\">\u00centreg procesul e privit ca o poveste de succes, mai ales de c\u0103tre cump\u0103r\u0103tor. Totu\u0219i, <a style=\"color: #0000ff;\" href=\"https:\/\/www.prosport.ro\/diverse\/reactie-francezi-achizitie-paval-carrefour-romania-823-milioane-de-euro-20480290\" rel=\"nofollow noopener\" target=\"_blank\">v\u00e2nzarea magazinelor Carrefour c\u0103tre afaceri\u0219tii Pav\u0103l<\/a> reflect\u0103 \u0219i un semnal al impozitelor.<\/p>\n<p>                <a href=\"https:\/\/www.prosport.ro\/poze\/fratii-paval-semnal-lovitura-cumparare-carrefour-20511077\" rel=\"nofollow noopener\" target=\"_blank\">&#13;<br \/>\n                                            <img decoding=\"async\" loading=\"lazy\" fetchpriority=\"low\" src=\"https:\/\/www.europesays.com\/ro\/wp-content\/uploads\/2026\/08\/https:\/\/www.prosport.ro\/wp-content\/uploads\/2026\/08\/fratii-paval-au-apasat-pedala-de-acceleratie-la-c.jpeg\" width=\"458\" height=\"305\"\/>&#13;<br \/>\n                                    <\/a><\/p>\n<p>                <a href=\"https:\/\/www.prosport.ro\/poze\/fratii-paval-semnal-lovitura-cumparare-carrefour-20511077\" rel=\"nofollow noopener\" target=\"_blank\">&#13;<br \/>\n                                            <img decoding=\"async\" loading=\"lazy\" fetchpriority=\"low\" src=\"https:\/\/www.europesays.com\/ro\/wp-content\/uploads\/2026\/08\/https:\/\/www.prosport.ro\/wp-content\/uploads\/2026\/08\/fratii-paval-baga-60000000-de-euro-in-perla-hotel.jpeg\" width=\"227\" height=\"151\"\/>&#13;<br \/>\n                                    <\/a><\/p>\n<p id=\"p-3\">\u201eRetragerea unui juc\u0103tor mare, cum ar fi Carrefour, este un semnal al unui sector care \u00een ultima perioad\u0103 s-a luptat cu noua legisla\u021bie \u0219i cu impozitele \u2013 de exemplu, impozitele pe cifra de afaceri mai degrab\u0103 dec\u00e2t pe profit, plafoanele la cre\u0219terea tarifelor, cre\u0219terea impozitelor pe active, impozitarea ridicat\u0103 a for\u021bei de munc\u0103, lipsa de previzibilitate fiscal\u0103\u201d, a comunicat compania de cercetare YouGov, conform informa\u021biilor prezentate pe site-ul <a style=\"color: #000000;\" href=\"https:\/\/www.profit.ro\/povesti-cu-profit\/vecini\/vanzarea-magazinelor-carrefour-catre-proprietarii-dedeman-este-vazuta-ca-o-poveste-de-succes-in-special-de-catre-cumparator-dar-reflecta-si-un-semnal-al-impozitelor-de-pe-piata-din-romania-22660921?fbclid=IwY2xjawT7uepwZG9mBWV4dG4DYWVtAjEwAHNydGMGYXBwX2lkEDIyMjAzOTE3ODgyMDA4OTIAAR5eIUjv8nQKuQlSh2NWJyZofH9MKsejBRDnOjv91y2GifgMUvQyoUVlscHD-g_aem_CvxdODigszzlywtQifPRpg\" target=\"_blank\" rel=\"noopener nofollow\">profit.ro<\/a>.<\/p>\n<ul>\n<li>\u201eYouGov e o companie independent\u0103 de cercetare de pia\u021b\u0103, recunoscut\u0103 de brand-uri \u0219i de mass-media pentru acurate\u021bea opiniilor expimate\u201d, se arat\u0103 pe site-ul yougov.com<\/li>\n<li>Carrefour a finalizat v\u00e2nzarea afacerii din \u021bara noastr\u0103 c\u0103tre Pav\u0103l Holding la finalul lunii iunie<\/li>\n<\/ul>\n<p>Mitic\u0103 Dragomir: \u201eB\u0103i, \u0103\u0219tia sunt rom\u00e2ni adev\u0103ra\u021bi, patrio\u021bi. Bravo lor!\u201d<\/p>\n<p id=\"p-4\">La r\u00e2ndul s\u0103u, Mitic\u0103 Dragomir (80 de ani) s-a exprimat recent \u00een leg\u0103tur\u0103 cu lovitura pe care fra\u021bii Pav\u0103l au dat-o. Fostul pre\u0219edinte al Ligii Profesioniste de Fotbal a \u021binut s\u0103-i laude pe afaceri\u0219tii b\u0103c\u0103uani.<\/p>\n<p id=\"p-5\">\u201eAm auzit c\u0103 fra\u021bii Dedeman au cump\u0103rat un lan\u021b de magazine \u0219i c\u0103 \u00een magazinele lor vor fi numai produse rom\u00e2ne\u0219ti. B\u0103i, \u0103\u0219tia sunt rom\u00e2ni adev\u0103ra\u021bi, patrio\u021bi. Bravo lor! Se arunc\u0103 foarte multe legume la gunoi\u201d, <a style=\"color: #0000ff;\" href=\"https:\/\/www.prosport.ro\/diverse\/cum-i-a-numit-mitica-dragomir-pe-fratii-paval-dupa-ce-afaceristii-au-dat-lovitura-de-823-de-milioane-de-care-vorbeste-toata-romania-20475664\" rel=\"nofollow noopener\" target=\"_blank\">a declarat Mitic\u0103 Dragomir, potrivit fanatik.ro<\/a>.<\/p>\n<p id=\"p-6\">De asemenea, ex-conduc\u0103torul LPF a fost \u00eentrebat de ce proprietarii Dedeman nu se implic\u0103 serios \u00een fotbal. Trebuie men\u021bionat c\u0103, de fapt, Drago\u0219 \u0219i Adrian Pav\u0103l investesc \u00een acest sport, la FC Bac\u0103u.<\/p>\n<p id=\"p-7\">\u201eNu se pricep la a\u0219a ceva. La fotbal trebuie s\u0103 te pricepi un pic \u0219i s\u0103 \u00ee\u021bi \u0219i plac\u0103. Nu sunt mul\u021bi care fac asta. Dac\u0103 fac asta \u0219i dau produsele noastre rom\u00e2ne\u0219ti \u0219i au posibilitatea s\u0103 v\u00e2nd\u0103 \u00een sute de magazine, \u0103sta e un lucru mare.<\/p>\n<p id=\"p-8\">De ce nu se bag\u0103 \u00een fotbal, eu nu \u0219tiu, nu m\u0103 intereseaz\u0103. Nu vor s\u0103 ri\u0219te, s\u0103 piard\u0103 banii. \u00cen fotbal se pierd bani\u201d, a mai ad\u0103ugat Mitic\u0103 Dragomir.<\/p>\n","protected":false},"excerpt":{"rendered":"Recent, fra\u021bii Drago\u0219 \u0219i Adrian Pav\u0103l au dat o lovitur\u0103 istoric\u0103, achizi\u021bion\u00e2nd Carrefour Rom\u00e2nia cu 823 de milioane&hellip;\n","protected":false},"author":2,"featured_media":278104,"comment_status":"","ping_status":"","sticky":false,"template":"","format":"standard","meta":{"footnotes":"","_share_on_mastodon":"0"},"categories":[14],"tags":[97,96,11382,16728,76720,2233,41,40,38,39],"class_list":["post-278103","post","type-post","status-publish","format-standard","has-post-thumbnail","category-afaceri","tag-afaceri","tag-business","tag-carrefour","tag-fratii-paval","tag-fratii-paval-carrefour","tag-impozite","tag-ro","tag-romana","tag-romania","tag-romanian"],"share_on_mastodon":{"url":"https:\/\/pubeurope.com\/@ro\/117168616933388485","error":""},"_links":{"self":[{"href":"https:\/\/www.europesays.com\/ro\/wp-json\/wp\/v2\/posts\/278103","targetHints":{"allow":["GET"]}}],"collection":[{"href":"https:\/\/www.europesays.com\/ro\/wp-json\/wp\/v2\/posts"}],"about":[{"href":"https:\/\/www.europesays.com\/ro\/wp-json\/wp\/v2\/types\/post"}],"author":[{"embeddable":true,"href":"https:\/\/www.europesays.com\/ro\/wp-json\/wp\/v2\/users\/2"}],"replies":[{"embeddable":true,"href":"https:\/\/www.europesays.com\/ro\/wp-json\/wp\/v2\/comments?post=278103"}],"version-history":[{"count":0,"href":"https:\/\/www.europesays.com\/ro\/wp-json\/wp\/v2\/posts\/278103\/revisions"}],"wp:featuredmedia":[{"embeddable":true,"href":"https:\/\/www.europesays.com\/ro\/wp-json\/wp\/v2\/media\/278104"}],"wp:attachment":[{"href":"https:\/\/www.europesays.com\/ro\/wp-json\/wp\/v2\/media?parent=278103"}],"wp:term":[{"taxonomy":"category","embeddable":true,"href":"https:\/\/www.europesays.com\/ro\/wp-json\/wp\/v2\/categories?post=278103"},{"taxonomy":"post_tag","embeddable":true,"href":"https:\/\/www.europesays.com\/ro\/wp-json\/wp\/v2\/tags?post=278103"}],"curies":[{"name":"wp","href":"https:\/\/api.w.org\/{rel}","templated":true}]}}