{"id":278227,"date":"2026-08-27T19:24:13","date_gmt":"2026-08-27T19:24:13","guid":{"rendered":"https:\/\/www.europesays.com\/ro\/278227\/"},"modified":"2026-08-27T19:24:13","modified_gmt":"2026-08-27T19:24:13","slug":"one-united-properties-renunta-deocamdata-la-vanzarea-one-tower-nu-a-gasit","status":"publish","type":"post","link":"https:\/\/www.europesays.com\/ro\/278227\/","title":{"rendered":"One United Properties renun\u0163\u0103 deocamdat\u0103 la v\u00e2nzarea One Tower: nu a g\u0103sit&#8230;"},"content":{"rendered":"<p>\nDezvoltatorul imobiliar\u00a0One United Properties (symbol bursier ONE) a oprit procesul de v\u00e2nzare a cl\u0103dirii de birouri One Tower din Calea Floreasca, dup\u0103 ce nu a g\u0103sit un cump\u0103r\u0103tor dispus s\u0103 pl\u0103teasc\u0103 pre\u0163ul urm\u0103rit, a spus cofondatorul companiei, Victor C\u0103pitanu, \u00een teleconferin\u0163a cu investitorii de joi.<\/p>\n<p>\n\u00a0<\/p>\n<p>\n&#8222;Deocamdat\u0103 nu exist\u0103 o v\u00e2nzare a One Tower. Nu am reu\u015fit s\u0103 g\u0103sim un cump\u0103r\u0103tor la pre\u0163ul pe care \u00eel urm\u0103rim. A\u015fa c\u0103 am decis c\u0103 este mai bine, deocamdat\u0103, pentru ac\u0163ionari s\u0103 p\u0103str\u0103m acest activ&#8221;, a r\u0103spuns C\u0103pitanu la \u00eentrebarea unui investitor privind stadiul tranzac\u0163iei.<\/p>\n<p>\n\u00a0<\/p>\n<p>\nCompania anun\u0163ase \u00een 2025 c\u0103 a primit aprobarea pentru demararea negocierilor de v\u00e2nzare a pachetului de\u0163inut \u00een One United Tower SRL, subsidiara care opereaz\u0103 cl\u0103direa, controlat\u0103 \u00een propor\u0163ie de 71,46%.<\/p>\n<p>\t\t\t\t\t\t\tPentru alte \u0219tiri, analize, articole \u0219i informa\u021bii din business \u00een timp real urm\u0103re\u0219te Ziarul Financiar pe <a href=\"https:\/\/whatsapp.com\/channel\/0029VannM9bJZg42BhXhej1Y\" target=\"_blank\" rel=\"nofollow noopener\">WhatsApp Channels<\/a><\/p>\n","protected":false},"excerpt":{"rendered":"Dezvoltatorul imobiliar\u00a0One United Properties (symbol bursier ONE) a oprit procesul de v\u00e2nzare a cl\u0103dirii de birouri One Tower&hellip;\n","protected":false},"author":2,"featured_media":278228,"comment_status":"","ping_status":"","sticky":false,"template":"","format":"standard","meta":{"footnotes":"","_share_on_mastodon":"0"},"categories":[14],"tags":[97,96,41,40,38,39],"class_list":["post-278227","post","type-post","status-publish","format-standard","has-post-thumbnail","category-afaceri","tag-afaceri","tag-business","tag-ro","tag-romana","tag-romania","tag-romanian"],"share_on_mastodon":{"url":"https:\/\/pubeurope.com\/@ro\/117169111970822642","error":""},"_links":{"self":[{"href":"https:\/\/www.europesays.com\/ro\/wp-json\/wp\/v2\/posts\/278227","targetHints":{"allow":["GET"]}}],"collection":[{"href":"https:\/\/www.europesays.com\/ro\/wp-json\/wp\/v2\/posts"}],"about":[{"href":"https:\/\/www.europesays.com\/ro\/wp-json\/wp\/v2\/types\/post"}],"author":[{"embeddable":true,"href":"https:\/\/www.europesays.com\/ro\/wp-json\/wp\/v2\/users\/2"}],"replies":[{"embeddable":true,"href":"https:\/\/www.europesays.com\/ro\/wp-json\/wp\/v2\/comments?post=278227"}],"version-history":[{"count":0,"href":"https:\/\/www.europesays.com\/ro\/wp-json\/wp\/v2\/posts\/278227\/revisions"}],"wp:featuredmedia":[{"embeddable":true,"href":"https:\/\/www.europesays.com\/ro\/wp-json\/wp\/v2\/media\/278228"}],"wp:attachment":[{"href":"https:\/\/www.europesays.com\/ro\/wp-json\/wp\/v2\/media?parent=278227"}],"wp:term":[{"taxonomy":"category","embeddable":true,"href":"https:\/\/www.europesays.com\/ro\/wp-json\/wp\/v2\/categories?post=278227"},{"taxonomy":"post_tag","embeddable":true,"href":"https:\/\/www.europesays.com\/ro\/wp-json\/wp\/v2\/tags?post=278227"}],"curies":[{"name":"wp","href":"https:\/\/api.w.org\/{rel}","templated":true}]}}