{"id":278303,"date":"2026-08-27T20:36:16","date_gmt":"2026-08-27T20:36:16","guid":{"rendered":"https:\/\/www.europesays.com\/ro\/278303\/"},"modified":"2026-08-27T20:36:16","modified_gmt":"2026-08-27T20:36:16","slug":"cati-bani-se-opresc-lunar-din-pensiile-de-peste-3-000-de-lei-calcule-pentru-fiecare-prag-de-venit","status":"publish","type":"post","link":"https:\/\/www.europesays.com\/ro\/278303\/","title":{"rendered":"C\u00e2\u021bi bani se opresc lunar din pensiile de peste 3.000 de lei. Calcule pentru fiecare prag de venit"},"content":{"rendered":"<p>Declara\u021bia vine pe fondul unei discu\u021bii aflate deja pe agenda Guvernului: ministrul Investi\u021biilor \u0219i Proiectelor Europene, Drago\u0219 P\u00eeslaru, a spus recent c\u0103 se analizeaz\u0103 extinderea, dup\u0103 2027, a perioadei \u00een care pensionarii cu venituri de peste 3.000 de lei pl\u0103tesc CASS. Motivul ar fi acoperirea unei diferen\u021be de c\u00e2teva miliarde de lei generate de noua Lege a salariz\u0103rii.<\/p>\n<p>Ce a spus Bolojan despre bugetul S\u0103n\u0103t\u0103\u021bii<\/p>\n<p>Invitat mar\u021bi sear\u0103 la Digi24, premierul a explicat de ce consider\u0103 necesar\u0103 p\u0103strarea contribu\u021biei:<\/p>\n<blockquote>\n<p>\u201eM\u0103surile care au fost adoptate anul trecut trebuie men\u021binute. G\u00e2ndi\u021bi-v\u0103, de exemplu, c\u0103 bugetul Casei de S\u0103n\u0103tate, care are ni\u0219te cifre impresionante, peste 70 de miliarde de lei, era alimentat doar par\u021bial, pentru c\u0103 pl\u0103teau 6,5 milioane de rom\u00e2ni contribu\u021bii de s\u0103n\u0103tate \u0219i beneficiau 16,5. Acum pl\u0103tesc 11 milioane de rom\u00e2ni. E \u00eentr-o form\u0103 relativ echilibrat\u0103\u201d, a explicat Bolojan.<\/p>\n<\/blockquote>\n<p>Premierul a insistat c\u0103 renun\u021barea la contribu\u021bia pl\u0103tit\u0103 de cei care apeleaz\u0103 frecvent la servicii medicale ar pune presiune suplimentar\u0103 pe bugetul de stat:<\/p>\n<blockquote>\n<p>\u201eNu po\u021bi s\u0103 anulezi contribu\u021bia unor persoane, unor cet\u0103\u021beni care au nevoie de aceste servicii \u00eentr-o pondere mai mare. \u0218i \u00een toat\u0103 Europa \u0219i peste tot, fiecare cet\u0103\u021bean contribuie pe m\u0103sura venitului, trebuie s\u0103 fie p\u0103stra\u021bi, da, pentru ca banii s\u0103 r\u0103m\u00e2n\u0103 la s\u0103n\u0103tate, pentru c\u0103 altfel S\u0103n\u0103tatea trebuie s\u0103 primeasc\u0103 bani de la bugetul de stat\u201d, sus\u021bine acesta.<\/p>\n<\/blockquote>\n<p>Cite\u0219te \u0219i <a href=\"https:\/\/jurnalul.ro\/bani-afaceri\/economia\/de-ce-nu-au-fost-indexate-pensiile-2025-2026-guvern-1040685.html\" target=\"_blank\" rel=\"nofollow noopener\">Pensiile r\u0103m\u00e2n blocate p\u00e2n\u0103 \u00een 2027: ce sum\u0103 a pierdut fiecare pensionar din Rom\u00e2nia<\/a><\/p>\n<p>Cine pl\u0103te\u0219te CASS din pensie \u0219i de c\u00e2nd se aplic\u0103 regula<\/p>\n<p>Regula este \u00een vigoare din 1 august 2025 \u0219i, potrivit legisla\u021biei actuale, se va aplica p\u00e2n\u0103 la 31 decembrie 2027 \u2014 extinderea ei dincolo de acest termen fiind, deocamdat\u0103, doar \u00een discu\u021bie, nu decis\u0103. Re\u021binerile sunt calculate \u0219i aplicate automat de casa de<a href=\"https:\/\/jurnalul.ro\/tag\/pensii-145102.html\" rel=\"nofollow noopener\" target=\"_blank\"> pensii<\/a>, f\u0103r\u0103 ca beneficiarii s\u0103 depun\u0103 vreo declara\u021bie sau s\u0103 achite separat banii.<\/p>\n<p>Pensiile de p\u00e2n\u0103 la 3.000 de lei brut r\u0103m\u00e2n complet scutite, at\u00e2t de CASS, c\u00e2t \u0219i de impozitul pe venit. Pentru tot ce dep\u0103\u0219e\u0219te acest prag, statul re\u021bine dou\u0103 sume distincte, calculate \u00een ordine: mai \u00eent\u00e2i CASS de 10%, apoi impozitul de 10% aplicat pe ce r\u0103m\u00e2ne dup\u0103 sc\u0103derea contribu\u021biei de s\u0103n\u0103tate.<\/p>\n<p>Cum se calculeaz\u0103, pas cu pas, banii opri\u021bi din pensie<\/p>\n<p>Mecanismul are patru etape:<\/p>\n<ul>\n<li>Se scade plafonul de 3.000 de lei din pensia brut\u0103 \u2014 rezult\u0103 suma supus\u0103 tax\u0103rii.<\/li>\n<li>Din acea sum\u0103 se re\u021bine CASS de 10%.<\/li>\n<li>Se scade CASS-ul din suma r\u0103mas\u0103, ob\u021bin\u00e2ndu-se venitul impozabil.<\/li>\n<li>Din venitul impozabil se re\u021bine impozitul de 10%.<\/li>\n<\/ul>\n<p>Efectul cumulat al celor dou\u0103 re\u021bineri ajunge la aproximativ 19% din suma care trece de 3.000 de lei \u2014 nu 20%, tocmai pentru c\u0103 impozitul se calculeaz\u0103 dup\u0103 ce CASS a fost deja sc\u0103zut din baz\u0103.<\/p>\n<p>Cite\u0219te \u0219i\u00a0<a href=\"https:\/\/jurnalul.ro\/stiri\/social\/comparatie-pensie-romania-germania-austria-franta-1040563.html\" target=\"_blank\" rel=\"nofollow noopener\">Pensiile din Rom\u00e2nia, compara\u021bie cu cele din Germania, Austria \u0219i Fran\u021ba<\/a><\/p>\n<p>C\u00e2t se opre\u0219te, \u00een bani reali, la fiecare prag de pensie<\/p>\n<ul>\n<li>Pensie de 3.100 lei \u2192 CASS de 10 lei<\/li>\n<li>Pensie de 3.500 lei \u2192 CASS de 50 lei, impozit 45 lei, total re\u021bineri 95 lei, r\u0103m\u00e2n net 3.405 lei<\/li>\n<li>Pensie de 4.000 lei \u2192 CASS de 100 lei, impozit 90 lei, total re\u021bineri 190 lei, r\u0103m\u00e2n net 3.810 lei<\/li>\n<li>Pensie de 5.000 lei \u2192 CASS de 200 lei, impozit 180 lei, total re\u021bineri 380 lei, r\u0103m\u00e2n net 4.620 lei<\/li>\n<li>Pensie de 6.000 lei \u2192 CASS de 300 lei, impozit 270 lei, total re\u021bineri 570 lei, r\u0103m\u00e2n net 5.430 lei<\/li>\n<li>Pensie de 7.000 lei \u2192 CASS de 400 lei, urmat\u0103 de impozitul aferent aplicat pe diferen\u021ba r\u0103mas\u0103<\/li>\n<\/ul>\n<p>Exemplul oficial publicat de Casa Na\u021bional\u0103 de Pensii Publice, pentru o pensie de 4.467 de lei, confirm\u0103 formula: CASS de 147 de lei, impozit de 132 de lei, total re\u021bineri 279 de lei, pensie net\u0103 de 4.188 de lei.<\/p>\n<p>Excep\u021bii: handicap \u0219i pensii speciale<\/p>\n<p>Persoanele cu handicap grav sau accentuat sunt scutite de impozitul pe pensie, dar nu \u0219i de CASS \u2014 pentru partea care dep\u0103\u0219e\u0219te 3.000 de lei, contribu\u021bia de 10% se re\u021bine \u00een continuare. De exemplu, la o pensie de 4.000 de lei, o astfel de persoan\u0103 pl\u0103te\u0219te 100 de lei CASS, dar 0 lei impozit, r\u0103m\u00e2n\u00e2nd cu 3.900 de lei net.<\/p>\n<p>Exist\u0103 \u0219i categorii speciale, precum pensiile de invaliditate sau de urma\u0219 acordate orfanilor \u0219i v\u0103duvelor de r\u0103zboi, care pot fi neimpozabile \u2014 situa\u021bia trebuind verificat\u0103 individual, \u00een func\u021bie de tipul dreptului \u00eenscris pe talonul de pensie.<\/p>\n<p>Cite\u0219te \u0219i<a href=\"https:\/\/jurnalul.ro\/stiri\/observator\/statul-roman-pensie-minima-carte-de-munca-1040529.html\" target=\"_blank\" rel=\"nofollow noopener\">\u00a0Pensie f\u0103r\u0103 carte de munc\u0103: Ce sum\u0103 \u00eencaseaz\u0103 persoanele care nu au lucrat niciodat\u0103<\/a><\/p>\n<p>Ce urmeaz\u0103 dup\u0103 2027<\/p>\n<p>Potrivit legii actuale, CASS pentru pensii ar urma s\u0103 dispar\u0103 din nou \u00eencep\u00e2nd cu 1 ianuarie 2028. Discu\u021bia deschis\u0103 de ministrul P\u00eeslaru arat\u0103 \u00eens\u0103 c\u0103 extinderea m\u0103surii este pe masa Guvernului, iar declara\u021biile lui Bolojan sugereaz\u0103 c\u0103 varianta men\u021binerii ei r\u0103m\u00e2ne principala op\u021biune analizat\u0103 \u00een prezent.\u00e2\u00e2<\/p>\n<p>Cite\u0219te pe Antena3.ro<\/p>\n<p><img loading=\"lazy\" decoding=\"async\" class=\"lazy\" title=\"Un b\u0103rbat a fost scos, joi, de 3 ori din mare de salvamari, la Eforie. A patra oar\u0103 a murit\" alt=\"Un b\u0103rbat a fost scos, joi, de 3 ori din mare de salvamari, la Eforie. A patra oar\u0103 a murit\" src=\"\/thumbs\/rss\/2026\/08\/un-barbat-a-fost-scos-joi-de-3-ori-din-mare-de-sal-33d0e70.jpg\" width=\"500\" height=\"278\"\/>&#13;<br \/>\n    <a href=\"https:\/\/www.antena3.ro\/actualitate\/locale\/un-barbat-a-fost-scos-joi-de-3-ori-din-mare-de-salvamari-la-eforie-a-patra-oara-a-murit-801065.html?utm_source=Jurnalul.ro&amp;utm_medium=referral&amp;utm_campaign=Jurnalul articol\" title=\"Un b\u0103rbat a fost scos, joi, de 3 ori din mare de salvamari, la Eforie. A patra oar\u0103 a murit\" target=\"_blank\" rel=\"nofollow noopener\">Un b\u0103rbat a fost scos, joi, de 3 ori din mare de salvamari, la Eforie. A patra oar\u0103 a murit<\/a><\/p>\n","protected":false},"excerpt":{"rendered":"Declara\u021bia vine pe fondul unei discu\u021bii aflate deja pe agenda Guvernului: ministrul Investi\u021biilor \u0219i Proiectelor Europene, Drago\u0219 P\u00eeslaru,&hellip;\n","protected":false},"author":2,"featured_media":278304,"comment_status":"","ping_status":"","sticky":false,"template":"","format":"standard","meta":{"footnotes":"","_share_on_mastodon":"0"},"categories":[10],"tags":[32,33,76781,2288,31,36,37,27,690,76782,34,35,25,1378,2732,41,40,38,39,26,28,29,30],"class_list":["post-278303","post","type-post","status-publish","format-standard","has-post-thumbnail","category-romania","tag-breaking-news","tag-breakingnews","tag-casa-de-sanatate","tag-cass","tag-cele-mai-populare-subiecte","tag-featured-news","tag-featurednews","tag-headlines","tag-ilie-bolojan","tag-impozitare-pensii","tag-latest-news","tag-latestnews","tag-news","tag-pensii","tag-pensionari","tag-ro","tag-romana","tag-romania","tag-romanian","tag-stiri","tag-titluri","tag-top-stories","tag-topstories"],"share_on_mastodon":{"url":"https:\/\/pubeurope.com\/@ro\/117169395329287085","error":""},"_links":{"self":[{"href":"https:\/\/www.europesays.com\/ro\/wp-json\/wp\/v2\/posts\/278303","targetHints":{"allow":["GET"]}}],"collection":[{"href":"https:\/\/www.europesays.com\/ro\/wp-json\/wp\/v2\/posts"}],"about":[{"href":"https:\/\/www.europesays.com\/ro\/wp-json\/wp\/v2\/types\/post"}],"author":[{"embeddable":true,"href":"https:\/\/www.europesays.com\/ro\/wp-json\/wp\/v2\/users\/2"}],"replies":[{"embeddable":true,"href":"https:\/\/www.europesays.com\/ro\/wp-json\/wp\/v2\/comments?post=278303"}],"version-history":[{"count":0,"href":"https:\/\/www.europesays.com\/ro\/wp-json\/wp\/v2\/posts\/278303\/revisions"}],"wp:featuredmedia":[{"embeddable":true,"href":"https:\/\/www.europesays.com\/ro\/wp-json\/wp\/v2\/media\/278304"}],"wp:attachment":[{"href":"https:\/\/www.europesays.com\/ro\/wp-json\/wp\/v2\/media?parent=278303"}],"wp:term":[{"taxonomy":"category","embeddable":true,"href":"https:\/\/www.europesays.com\/ro\/wp-json\/wp\/v2\/categories?post=278303"},{"taxonomy":"post_tag","embeddable":true,"href":"https:\/\/www.europesays.com\/ro\/wp-json\/wp\/v2\/tags?post=278303"}],"curies":[{"name":"wp","href":"https:\/\/api.w.org\/{rel}","templated":true}]}}