{"id":278305,"date":"2026-08-27T20:38:15","date_gmt":"2026-08-27T20:38:15","guid":{"rendered":"https:\/\/www.europesays.com\/ro\/278305\/"},"modified":"2026-08-27T20:38:15","modified_gmt":"2026-08-27T20:38:15","slug":"iorgulescu-imparte-liga-1-opinii-impartite-dupa-ce-seful-lpf-si-a-anuntat-candidatura-nu-pot-sa-ma-dezic-de-el-ce-aduce-nou","status":"publish","type":"post","link":"https:\/\/www.europesays.com\/ro\/278305\/","title":{"rendered":"Iorgulescu \u00eemparte Liga 1.\u00a0Opinii \u00eemp\u0103r\u021bite dup\u0103 ce \u0219eful LPF \u0219i-a anun\u021bat candidatura: \u201eNu pot s\u0103 m\u0103 dezic de el\u201d\/\u201eCe aduce nou?\u201d"},"content":{"rendered":"<ul class=\"bullets\">&#13;<\/p>\n<li>Mihai Stoica (61 de ani), Andrei Nicolescu (50 de ani) \u0219i Valeriu Iftime (66 de ani), oficialii de la FCSB, Dinamo, respectiv FC Boto\u0219ani, au vorbit despre pozi\u021bia cluburilor pe care le conduc \u00eenaintea alegerilor pentru pre\u0219edin\u021bia LPF, din 2027.<\/li>\n<p>&#13;\n<\/ul>\n<p><a id=\"google-source-button\" class=\"google-favorite\" target=\"_blank\" href=\"https:\/\/www.google.com\/preferences\/source?q=golazo.ro\" rel=\"nofollow noopener\"><\/p>\n<p>        <img loading=\"lazy\" decoding=\"async\" src=\"https:\/\/golazo.ro\/images\/google-logo.svg\" alt=\"\" width=\"24\" height=\"24\"\/><br \/>\n        <img loading=\"lazy\" decoding=\"async\" src=\"https:\/\/golazo.ro\/images\/check-icon-2.svg\" alt=\"\" width=\"24\" height=\"24\"\/><\/p>\n<p>    Adaug\u0103 GOLAZO.ro la favorite<\/p>\n<p><\/a><\/p>\n<p class=\"\">Declara\u021biile acestora vin la scurt timp dup\u0103 ce Gino Iorgulescu, actualul pre\u0219edinte al Ligii Profesioniste de Fotbal, <a target=\"_blank\" href=\"https:\/\/golazo.ro\/gino-iorgulescu-candidatura-lpf-liga-1-184445\" rel=\"nofollow noopener\">\u0219i-a anun\u021bat candidatura<\/a> pentru cel de-al patrulea mandat.<\/p>\n<p>Andrei Nicolescu: \u201eNe trebuie un sistem mult mai fiabil\u201d<\/p>\n<p class=\"\">Gino Iorgulescu a declarat, miercuri, c\u0103 are sus\u021binerea cluburilor din Liga 1, dar Andrei Nicolescu a l\u0103sat de \u00een\u021beles c\u0103 Dinamo nu \u0219i-a stabilit \u00eenc\u0103 pozi\u021bia pentru scrutinul de anul viitor.<\/p>\n<p class=\"\">\u201ePoate nu suntem \u00een majoritatea celor cu care a discutat, nu \u0219tiu, cu noi nu a vorbit. Auzisem ni\u0219te lucruri cum c\u0103 ar fi Justin \u0218tefan (n.r. &#8211; secretarul general al LPF) cel care ar candida, dar nu cred c\u0103 o va face contra lui Gino.<\/p>\n<p class=\"\">Ne trebuie o mai mare vizibilitate apropo de ce se \u00eent\u00e2mpl\u0103 la Lig\u0103, toate costurile de acolo.<\/p>\n<p class=\"\">Ne trebuie un sistem mult mai fiabil prin care s\u0103 fie remunerat\u0103 Liga \u00een raport cu ceea ce aduce \u00een plus fa\u021b\u0103 de drepturile TV, pentru c\u0103 explorarea capacit\u0103\u021bilor de a aduce finan\u021b\u0103ri c\u0103tre cluburi, bani. Ar trebui s\u0103 fie primordial pentru cei care conduc Liga\u201d, a declarat pre\u0219edintele lui Dinamo la Prima Sport, citat de <a target=\"_blank\" href=\"https:\/\/www.gsp.ro\/fotbal\/liga-1\/alegeri-lpf-fcsb-dinamo-gino-iorgulescu-973711.html\" rel=\"nofollow noopener\">gsp.ro<\/a>.<\/p>\n<blockquote class=\"quote\"><p>\n    O s\u0103 candidez din nou pentru c\u0103 am sus\u021binerea cluburilor \u0219i dac\u0103 tot timpul aducem bani, sper s\u0103 fiu ales. Gino Iorgulescu, pre\u0219edintele LPF\n<\/p><\/blockquote>\n<p>Mihai Stoica: \u201eNu \u0219tiu dac\u0103 a\u0219 putea vota pe altcineva\u201d<\/p>\n<p class=\"\">Dac\u0103 cei de la Dinamo nu au luat \u00eenc\u0103 o decizie \u00een privin\u021ba alegerilor pentru \u0219efia LPF, Mihai Stoica a precizat c\u0103 l-ar vota din nou pe Gino Iorgulescu. Totu\u0219i, decizia final\u0103 \u00eei apar\u021bine lui Gigi Becali.<\/p>\n<p class=\"\">\u201eDepinde \u0219i cine candideaz\u0103. Atunci c\u00e2nd ai toate candidaturile pe mas\u0103, atunci alegi. Eu unul, dac\u0103 vorbesc \u00een nume propriu, e clar c\u0103 la noi Gigi Becali decide.<\/p>\n<p class=\"\">Pe mine m\u0103 leag\u0103 de Gino o rela\u021bie de prietenie. Practic, din 1993, o rela\u021bie de prietenie \u0219i mare, mare respect. La un moment dat vorbeam, c\u00e2nd eram la O\u021belul Gala\u021bi, c\u0103 \u00een ultimii ani FC Na\u021bional mi se potrive\u0219te perfect.<\/p>\n<p class=\"\">Eu niciodat\u0103 n-a\u0219 putea s\u0103 m\u0103 dezic de Gino, sunt ni\u0219te chestii care conteaz\u0103 mult prea mult, rela\u021biile astea conteaz\u0103 mult prea mult. Nu sunt foarte, foarte aplicat pe\u2026 m\u0103 ocup de cu totul \u0219i cu totul altceva, nu sunt foarte pasionat de ce trebuie s\u0103 fac\u0103 Liga pentru cluburi.<\/p>\n<p class=\"\">Arg\u0103seal\u0103 (n.r. &#8211; pre\u0219edintele FCSB) ar fi mai \u00een domeniu, mai aplicat \u00een discu\u021bia asta dec\u00e2t mine. S\u0103 presupunem c\u0103 a\u0219 merge s\u0103 votez \u0219i ar candida Gino, depinde \u0219i \u00eempotriva cui\u2026 Nu \u0219tiu dac\u0103 a\u0219 putea vota pe altcineva\u201d, a declarat Mihai Stoica.<\/p>\n<p>Valeriu Iftime nu-l sus\u021bine pe Iorgulescu: \u201eEu nu-l votez\u201d<\/p>\n<p class=\"\">Pe de alt\u0103 parte, Valeriu Iftime, finan\u021batorul clubului FC Boto\u0219ani, a anun\u021bat c\u0103 vrea o schimbare la \u0219efia LPF \u0219i nu \u00eel va vota pe Gino Iorgulescu.<\/p>\n<p class=\"\">\u201eEu mi-am dorit mereu s\u0103 punem un om care nu este neap\u0103rat din fotbal. Care a f\u0103cut \u0219i altceva \u00een afar\u0103 de fotbal. Unul t\u00e2n\u0103r, \u00een primul r\u00e2nd, cu o alt\u0103 viziune. <\/p>\n<p class=\"\">Eu nu am nimic cu domnul Iorgulescu, poate s\u0103 candideze, dar eu nu-l votez. Asta e treaba mea! Eu cred c\u0103 suntem \u00eentr-o groap\u0103, iar LPF are o responsabilitate imens\u0103. Dac\u0103 nu facem nimic, nimic primim. Nevoia de schimbare este fundamental\u0103.<\/p>\n<p class=\"\">S\u0103-l voteze al\u021bii, care vor. Eu nu a\u0219 vota o nou\u0103 candidatur\u0103 a lui Iorgulescu, ca s\u0103 \u0219ti\u021bi. Asta e Rom\u00e2nia, nu e prima dat\u0103 c\u00e2nd vot\u0103m prost. Sunt convins c\u0103 sunt cel pu\u021bin 7-8 cluburi \u00eempotriva sa. Pot fi \u0219i mai multe, nu \u0219tiu\u201d, a declarat Iftime, conform <a target=\"_blank\" href=\"https:\/\/www.digisport.ro\/fotbal\/liga-1\/primul-nu-pentru-gino-iorgulescu-eu-nu-l-votez-4452963\" rel=\"nofollow noopener\">digisport.ro<\/a>.<\/p>\n<blockquote class=\"quote\"><p>\n    Eu nu \u00een\u021beleg ce poate aduce nou domnul Iorgulescu. Ce a f\u0103cut p\u00e2n\u0103 acum? Ce ac\u021biuni a avut? Care este interac\u021biunea managerial\u0103 \u00eentre cluburi? Cum aducem c\u00e2\u0219tiguri mai mari? Fotbalul rom\u00e2nesc aduce bani, din fericire, dar trebuie g\u00e2ndit mai mult. Valeriu Iftime, finan\u021batorul clubului FC Boto\u0219ani\n<\/p><\/blockquote>\n<p class=\"\">Parcursul lui Gino Iorgulescu \u00een fruntea LPF:<\/p>\n<ul class=\"\">&#13;<\/p>\n<li>Primul mandat: 2013-2017<\/li>\n<p>&#13;<br \/>\n&#13;<\/p>\n<li>Al doilea mandat: 2017-2022<\/li>\n<p>&#13;<br \/>\n&#13;<\/p>\n<li>Al treilea mandat: 2022-2027, c\u00e2nd a fost ales cu unanimitate de voturi<\/li>\n<p>&#13;\n<\/ul>\n<p>Cite\u0219te \u0219i<\/p>\n<p>VIDEO: cele mai noi imagini din sport<\/p>\n","protected":false},"excerpt":{"rendered":"&#13; Mihai Stoica (61 de ani), Andrei Nicolescu (50 de ani) \u0219i Valeriu Iftime (66 de ani), oficialii&hellip;\n","protected":false},"author":2,"featured_media":278306,"comment_status":"","ping_status":"","sticky":false,"template":"","format":"standard","meta":{"footnotes":"","_share_on_mastodon":"0"},"categories":[20],"tags":[334,49,662,269,2109,3199,41,40,38,39,185,184],"class_list":["post-278305","post","type-post","status-publish","format-standard","has-post-thumbnail","category-sport","tag-alegeri","tag-dinamo","tag-fc-botosani","tag-fcsb","tag-gino-iorgulescu","tag-lpf","tag-ro","tag-romana","tag-romania","tag-romanian","tag-sport","tag-sports"],"share_on_mastodon":{"url":"https:\/\/pubeurope.com\/@ro\/117169403668005370","error":""},"_links":{"self":[{"href":"https:\/\/www.europesays.com\/ro\/wp-json\/wp\/v2\/posts\/278305","targetHints":{"allow":["GET"]}}],"collection":[{"href":"https:\/\/www.europesays.com\/ro\/wp-json\/wp\/v2\/posts"}],"about":[{"href":"https:\/\/www.europesays.com\/ro\/wp-json\/wp\/v2\/types\/post"}],"author":[{"embeddable":true,"href":"https:\/\/www.europesays.com\/ro\/wp-json\/wp\/v2\/users\/2"}],"replies":[{"embeddable":true,"href":"https:\/\/www.europesays.com\/ro\/wp-json\/wp\/v2\/comments?post=278305"}],"version-history":[{"count":0,"href":"https:\/\/www.europesays.com\/ro\/wp-json\/wp\/v2\/posts\/278305\/revisions"}],"wp:featuredmedia":[{"embeddable":true,"href":"https:\/\/www.europesays.com\/ro\/wp-json\/wp\/v2\/media\/278306"}],"wp:attachment":[{"href":"https:\/\/www.europesays.com\/ro\/wp-json\/wp\/v2\/media?parent=278305"}],"wp:term":[{"taxonomy":"category","embeddable":true,"href":"https:\/\/www.europesays.com\/ro\/wp-json\/wp\/v2\/categories?post=278305"},{"taxonomy":"post_tag","embeddable":true,"href":"https:\/\/www.europesays.com\/ro\/wp-json\/wp\/v2\/tags?post=278305"}],"curies":[{"name":"wp","href":"https:\/\/api.w.org\/{rel}","templated":true}]}}