{"id":278383,"date":"2026-08-27T22:30:11","date_gmt":"2026-08-27T22:30:11","guid":{"rendered":"https:\/\/www.europesays.com\/ro\/278383\/"},"modified":"2026-08-27T22:30:11","modified_gmt":"2026-08-27T22:30:11","slug":"ungaria-poate-sa-rada-de-romania-in-timp-ce-craiova-a-iesit-cu-coada-intre-picioare-din-europa-league-ferencvaros-a-umilit-o-pe-trabzonspor","status":"publish","type":"post","link":"https:\/\/www.europesays.com\/ro\/278383\/","title":{"rendered":"Ungaria poate s\u0103 r\u00e2d\u0103 de Rom\u00e2nia! \u00cen timp ce Craiova a ie\u0219it cu coada \u00eentre picioare din Europa League, Ferencvaros a umilit-o pe Trabzonspor!"},"content":{"rendered":"<p>\t    <img loading=\"lazy\" decoding=\"async\" class=\"mg-x-auto\" width=\"30\" height=\"30\" src=\"https:\/\/www.europesays.com\/ro\/wp-content\/uploads\/2026\/08\/1787869810_303_google-g.png\" alt=\"\"\/><\/p>\n<p id=\"p-0\">Ungaria poate s\u0103 r\u00e2d\u0103 de Rom\u00e2nia! \u00cen timp ce Universitatea Craiova a ie\u0219it cu coada \u00eentre picioare din UEFA Europa League, Ferecvaros a umilit-o pe Trabzonspor.<\/p>\n<p id=\"p-1\">Dup\u0103 ce s-au impus la limit\u0103 \u00een man\u0219a tur, disputat\u0103 \u00een deplasare, scor 1-0, ungurii nu au avut probleme nici pe teren propriu, unde au c\u00e2\u0219tigat cu scorul categoric de 4-0.<\/p>\n<p>Ferencvaros a umilit-o pe Trabzonspor<\/p>\n<p id=\"p-2\">Ferencvaros s-a calificat \u00eentr-un stil de mare echip\u0103 \u00een faza principal\u0103 din UEFA Europa League, dup\u0103 ce s-a impus cu scorul general de 5-0 \u00een fa\u021ba turcilor de la Trabzonspor.<\/p>\n<p id=\"p-3\">Dup\u0103 ce au c\u00e2\u0219tigat \u00een prima man\u0219\u0103 la limit\u0103, scor 1-0, ungurii s-au impus f\u0103r\u0103 prea multe emo\u021bii \u0219i pe teren propriu, cu scorul categoric de 4-0. Astfel, au reu\u0219it s\u0103 ob\u021bin\u0103 calificarea \u00een faza principal\u0103 a competi\u021biei.<\/p>\n<p>                <a href=\"https:\/\/www.prosport.ro\/poze\/ungaria-poate-sa-rada-de-romania-in-timp-ce-craiova-a-iesit-cu-coada-intre-picioare-din-europa-league-ferencvaros-a-umilit-o-pe-trabzonspor-20512202\" rel=\"nofollow noopener\" target=\"_blank\">&#13;<br \/>\n                                            <img decoding=\"async\" loading=\"lazy\" fetchpriority=\"low\" src=\"https:\/\/www.europesays.com\/ro\/wp-content\/uploads\/2026\/08\/https:\/\/www.prosport.ro\/wp-content\/uploads\/2026\/08\/6000000-de-euro-pentru-transferul-lui-stefan-baia.jpeg\" width=\"458\" height=\"305\"\/>&#13;<br \/>\n                                    <\/a><\/p>\n<p>                <a href=\"https:\/\/www.prosport.ro\/poze\/ungaria-poate-sa-rada-de-romania-in-timp-ce-craiova-a-iesit-cu-coada-intre-picioare-din-europa-league-ferencvaros-a-umilit-o-pe-trabzonspor-20512202\" rel=\"nofollow noopener\" target=\"_blank\">&#13;<br \/>\n                                            <img decoding=\"async\" loading=\"lazy\" fetchpriority=\"low\" src=\"https:\/\/www.europesays.com\/ro\/wp-content\/uploads\/2026\/08\/https:\/\/www.prosport.ro\/wp-content\/uploads\/2026\/08\/capitanul-nicusor-bancu-a-venit-si-a-spus-clar-de.jpeg\" width=\"227\" height=\"151\"\/>&#13;<br \/>\n                                    <\/a><\/p>\n<p id=\"p-4\">\u00cen acela\u0219i timp, <a style=\"color: #0000ff;\" href=\"https:\/\/www.prosport.ro\/fotbal-extern\/europa-league\/ce-nenorocit-e-fotbalul-asta-pe-care-l-iubim-ararat-armenia-universitatea-craiova-1-0-cu-gol-din-penalty-repetat-in-prelungiri-povestea-completa-a-eliminarii-dramatice-pentru-olteni-care-continua-20511421\" rel=\"nofollow noopener\" target=\"_blank\">Universitatea Craiova nu a reu\u0219it s\u0103 treac\u0103 de Ararat Armenia<\/a>. Oltenii au cedat, scor 1-0, \u00een meciul disputat la Erevan, dup\u0103 egalul \u00eenregistrat \u00een man\u0219a tur, scor 1-1. Astfel, echipa preg\u0103tit\u0103 de Filipe Coelho <a style=\"color: #0000ff;\" href=\"https:\/\/www.prosport.ro\/fotbal-extern\/europa-league\/cate-milioane-de-euro-a-pierdut-universitatea-craiova-europa-league-20512171\" rel=\"nofollow noopener\" target=\"_blank\">va evolua \u00een faza principal\u0103 din UEFA Conference League<\/a>.<\/p>\n<p>Ferencvaros a zdrobit-o pe Trabzonspor<\/p>\n<p id=\"p-5\">\u00cen urm\u0103 cu o s\u0103pt\u0103m\u00e2n\u0103, Ferencvaros s-a impus la limit\u0103 \u00een man\u0219a tur din play-off-ul UEFA Europa League, scor 1-0, \u00een deplasare, \u00een fa\u021ba celor de la Trabzonspor.<\/p>\n<p id=\"p-6\">Joi, 27 august 2026, cele dou\u0103 forma\u021bii s-au \u00eent\u00e2lnit din nou, de data aceasta \u00een \u201ereturul\u201d disputat \u00een Ungaria. De data aceasta, Ferencvaros s-a impus categoric, scor 4-0.<\/p>\n<p id=\"p-7\">Trabzonspor a evoluat \u00een inferioritate numeric\u0103 \u00eenc\u0103 din minutul 13, dup\u0103 eliminarea lui Malinovsky. Gazdele au profitat de situa\u021bie \u0219i au deschis imediat scorul, \u00een minutul 19, prin O\u2019Dowda, cel care a stabilit \u0219i scorul pauzei, 1-0.<\/p>\n<p id=\"p-8\">Partea a doua a jocului le-a apar\u021binut tot celor de la Ferencvaros, care au marcat pentru 2-0 \u00een minutul 54, prin Corbu. \u00cen minutul 57, turcii au mai primit o lovitur\u0103: Lopes Cabral a v\u0103zut al doilea cartona\u0219 galben \u0219i a fost eliminat.<\/p>\n<p id=\"p-9\">P\u00e2n\u0103 la final, Ferencvaros a mai lovit de dou\u0103 ori, prin Dele \u0219i Lisztes, \u00een minutele 59 \u0219i 86.<\/p>\n","protected":false},"excerpt":{"rendered":"Ungaria poate s\u0103 r\u00e2d\u0103 de Rom\u00e2nia! \u00cen timp ce Universitatea Craiova a ie\u0219it cu coada \u00eentre picioare din&hellip;\n","protected":false},"author":2,"featured_media":278384,"comment_status":"","ping_status":"","sticky":false,"template":"","format":"standard","meta":{"footnotes":"","_share_on_mastodon":"0"},"categories":[20],"tags":[2535,12254,76796,69056,41,40,38,39,185,184,291],"class_list":["post-278383","post","type-post","status-publish","format-standard","has-post-thumbnail","category-sport","tag-calificare","tag-ferencvaros","tag-ferencvaros-trabzonspor","tag-play-off-europa-league","tag-ro","tag-romana","tag-romania","tag-romanian","tag-sport","tag-sports","tag-ungaria"],"share_on_mastodon":{"url":"https:\/\/pubeurope.com\/@ro\/117169843652462828","error":""},"_links":{"self":[{"href":"https:\/\/www.europesays.com\/ro\/wp-json\/wp\/v2\/posts\/278383","targetHints":{"allow":["GET"]}}],"collection":[{"href":"https:\/\/www.europesays.com\/ro\/wp-json\/wp\/v2\/posts"}],"about":[{"href":"https:\/\/www.europesays.com\/ro\/wp-json\/wp\/v2\/types\/post"}],"author":[{"embeddable":true,"href":"https:\/\/www.europesays.com\/ro\/wp-json\/wp\/v2\/users\/2"}],"replies":[{"embeddable":true,"href":"https:\/\/www.europesays.com\/ro\/wp-json\/wp\/v2\/comments?post=278383"}],"version-history":[{"count":0,"href":"https:\/\/www.europesays.com\/ro\/wp-json\/wp\/v2\/posts\/278383\/revisions"}],"wp:featuredmedia":[{"embeddable":true,"href":"https:\/\/www.europesays.com\/ro\/wp-json\/wp\/v2\/media\/278384"}],"wp:attachment":[{"href":"https:\/\/www.europesays.com\/ro\/wp-json\/wp\/v2\/media?parent=278383"}],"wp:term":[{"taxonomy":"category","embeddable":true,"href":"https:\/\/www.europesays.com\/ro\/wp-json\/wp\/v2\/categories?post=278383"},{"taxonomy":"post_tag","embeddable":true,"href":"https:\/\/www.europesays.com\/ro\/wp-json\/wp\/v2\/tags?post=278383"}],"curies":[{"name":"wp","href":"https:\/\/api.w.org\/{rel}","templated":true}]}}