{"id":278387,"date":"2026-08-27T22:58:12","date_gmt":"2026-08-27T22:58:12","guid":{"rendered":"https:\/\/www.europesays.com\/ro\/278387\/"},"modified":"2026-08-27T22:58:12","modified_gmt":"2026-08-27T22:58:12","slug":"vor-plange-mult-dupa-razvan-lucescu-grecii-de-la-paok-out-definitiv-din-europa-din-tururile-preliminare","status":"publish","type":"post","link":"https:\/\/www.europesays.com\/ro\/278387\/","title":{"rendered":"Vor pl\u00e2nge mult dup\u0103 R\u0103zvan Lucescu! Grecii de la PAOK, out definitiv din Europa din tururile preliminare!"},"content":{"rendered":"<p>\t    <img loading=\"lazy\" decoding=\"async\" class=\"mg-x-auto\" width=\"30\" height=\"30\" src=\"https:\/\/www.europesays.com\/ro\/wp-content\/uploads\/2026\/08\/1787871490_136_google-g.png\" alt=\"\"\/><\/p>\n<p id=\"p-0\">PAOK a ratat complet sezonul european la prima campanie dup\u0103 plecarea lui R\u0103zvan Lucescu (57 de ani).\u00a0<\/p>\n<p id=\"p-1\">Forma\u021bia din Grecia a fost eliminat\u0103 de Brann \u00een play-off-ul Conference League, scor 3-4 la general, \u0219i nu va juca \u00een faza principal\u0103 a niciunei competi\u021bii continentale.<\/p>\n<p>PAOK, eliminat\u0103 din play-off-ul Conference League<\/p>\n<p id=\"p-2\">E\u0219ecul este unul important pentru clubul din Salonic, obi\u0219nuit \u00een ultimii ani s\u0103 fie prezent \u00een grupele europene, <a style=\"color: #0000ff;\" href=\"https:\/\/www.prosport.ro\/fotbal-extern\/razvan-lucescu-oficial-plecare-paok-20465220\" rel=\"nofollow noopener\" target=\"_blank\">mai ales cu R\u0103zvan Lucescu pe banc\u0103<\/a>. PAOK a ratat o astfel de calificare pentru prima dat\u0103 dup\u0103 nou\u0103 ani, iar eliminarea a venit dup\u0103 un traseu european dezam\u0103gitor.<\/p>\n<p id=\"p-3\">Grecii fuseser\u0103 sco\u0219i mai \u00eent\u00e2i din turul 3 preliminar al Europa League de Anderlecht, dup\u0103 dou\u0103 \u00eenfr\u00e2ngeri: 0-1 \u0219i 2-3. C\u0103zu\u021bi \u00een Conference League, cei de la PAOK nici acolo nu au reu\u0219it s\u0103 treac\u0103 de play-off.<\/p>\n<p>                <a href=\"https:\/\/www.prosport.ro\/poze\/paok-eliminata-europa-20512217\" rel=\"nofollow noopener\" target=\"_blank\">&#13;<br \/>\n                                            <img decoding=\"async\" loading=\"lazy\" fetchpriority=\"low\" src=\"https:\/\/www.europesays.com\/ro\/wp-content\/uploads\/2026\/08\/https:\/\/www.prosport.ro\/wp-content\/uploads\/2026\/08\/profimedia-1128832494.jpg\" width=\"458\" height=\"305\"\/>&#13;<br \/>\n                                    <\/a><\/p>\n<p>                <a href=\"https:\/\/www.prosport.ro\/poze\/paok-eliminata-europa-20512217\" rel=\"nofollow noopener\" target=\"_blank\">&#13;<br \/>\n                                            <img decoding=\"async\" loading=\"lazy\" fetchpriority=\"low\" src=\"https:\/\/www.europesays.com\/ro\/wp-content\/uploads\/2026\/08\/https:\/\/www.prosport.ro\/wp-content\/uploads\/2026\/06\/oferta-razvan-lucescu-grecii-plecare-antrenor-pao.jpeg\" width=\"227\" height=\"151\"\/>&#13;<br \/>\n                                    <\/a><\/p>\n<p id=\"p-4\">Dup\u0103 1-1 \u00een Grecia cu Brann, PAOK a mers \u00een Norvegia cu speran\u021ba calific\u0103rii. Returul a \u00eenceput \u00eens\u0103 prost pentru forma\u021bia elen\u0103, care s-a v\u0103zut condus\u0103 cu 2-0 dup\u0103 golurile marcate de Holm \u0219i Ingason.<\/p>\n<p id=\"p-5\">PAOK a avut o reac\u021bie \u00een repriza a doua \u0219i a revenit spectaculos \u00een doar cinci minute. Ndiaye \u0219i Zaferis au marcat \u0219i au readus echipa \u00een joc, \u00eens\u0103 finalul le-a apar\u021binut norvegienilor. Castro a \u00eenscris \u00een minutul 86, din penalty, golul de 3-2 pentru Brann, rezultat care a trimis echipa scandinav\u0103 mai departe.<\/p>\n<p>R\u0103zvan Lucescu este l\u0103udat de arabi<\/p>\n<p id=\"p-6\">De celalt\u0103 parte, fostul tehnician al forma\u021biei elene impresioneaz\u0103 \u00een Qatar. \u00cen cadrul emisiunii \u201eAl-Maydan\u201d, expertul postului Al-Kass a vorbit despre <a style=\"color: #0000ff;\" href=\"https:\/\/www.prosport.ro\/fotbal-extern\/arabii-s-au-convins-cu-razvan-lucescu-20511158\" rel=\"nofollow noopener\" target=\"_blank\">noua abordare pe care R\u0103zvan Lucescu a adus-o la echip\u0103<\/a>.<\/p>\n<p id=\"p-7\">\u201eDeja, sunt evidente rezultatele procesului implementat de R\u0103zvan Lucescu. Un antrenor excelent, care nu mai are nevoie de laude. \u00cen cazul lui Lucescu, rezultatele sale vorbesc pentru el.<\/p>\n<p id=\"p-8\">Marea lui calitate e c\u0103 e un antrenor cu foarte multe idei bune, capabil de a implementa mai multe sisteme de joc. \u0102sta e \u0219i cheia succesului s\u0103u. De asta, cariera sa de p\u00e2n\u0103 acum a fost plin\u0103 de realiz\u0103ri. Aducerea acestui rom\u00e2n a fost o mutare excelent\u0103 pentru Al-Sadd. Echipa va avea mare succes, \u00een acest sezon, cu R\u0103zvan Lucescu\u201d, a spus analistul arab.<\/p>\n","protected":false},"excerpt":{"rendered":"PAOK a ratat complet sezonul european la prima campanie dup\u0103 plecarea lui R\u0103zvan Lucescu (57 de ani).\u00a0 Forma\u021bia&hellip;\n","protected":false},"author":2,"featured_media":278388,"comment_status":"","ping_status":"","sticky":false,"template":"","format":"standard","meta":{"footnotes":"","_share_on_mastodon":"0"},"categories":[20],"tags":[76797,76798,2466,36494,41,40,38,39,185,184],"class_list":["post-278387","post","type-post","status-publish","format-standard","has-post-thumbnail","category-sport","tag-meciuri-paok","tag-paok-europa","tag-razvan-lucescu","tag-razvan-lucescu-paok","tag-ro","tag-romana","tag-romania","tag-romanian","tag-sport","tag-sports"],"share_on_mastodon":{"url":"https:\/\/pubeurope.com\/@ro\/117169953799187167","error":""},"_links":{"self":[{"href":"https:\/\/www.europesays.com\/ro\/wp-json\/wp\/v2\/posts\/278387","targetHints":{"allow":["GET"]}}],"collection":[{"href":"https:\/\/www.europesays.com\/ro\/wp-json\/wp\/v2\/posts"}],"about":[{"href":"https:\/\/www.europesays.com\/ro\/wp-json\/wp\/v2\/types\/post"}],"author":[{"embeddable":true,"href":"https:\/\/www.europesays.com\/ro\/wp-json\/wp\/v2\/users\/2"}],"replies":[{"embeddable":true,"href":"https:\/\/www.europesays.com\/ro\/wp-json\/wp\/v2\/comments?post=278387"}],"version-history":[{"count":0,"href":"https:\/\/www.europesays.com\/ro\/wp-json\/wp\/v2\/posts\/278387\/revisions"}],"wp:featuredmedia":[{"embeddable":true,"href":"https:\/\/www.europesays.com\/ro\/wp-json\/wp\/v2\/media\/278388"}],"wp:attachment":[{"href":"https:\/\/www.europesays.com\/ro\/wp-json\/wp\/v2\/media?parent=278387"}],"wp:term":[{"taxonomy":"category","embeddable":true,"href":"https:\/\/www.europesays.com\/ro\/wp-json\/wp\/v2\/categories?post=278387"},{"taxonomy":"post_tag","embeddable":true,"href":"https:\/\/www.europesays.com\/ro\/wp-json\/wp\/v2\/tags?post=278387"}],"curies":[{"name":"wp","href":"https:\/\/api.w.org\/{rel}","templated":true}]}}