{"id":278407,"date":"2026-08-28T00:22:09","date_gmt":"2026-08-28T00:22:09","guid":{"rendered":"https:\/\/www.europesays.com\/ro\/278407\/"},"modified":"2026-08-28T00:22:09","modified_gmt":"2026-08-28T00:22:09","slug":"cosmarul-lui-u-cluj-a-eliminat-o-din-europa-pe-paok-dezastru-pentru-fosta-echipa-a-lui-razvan-lucescu","status":"publish","type":"post","link":"https:\/\/www.europesays.com\/ro\/278407\/","title":{"rendered":"\u201dCo\u0219marul\u201d lui \u201dU\u201d Cluj a eliminat-o din Europa pe PAOK: dezastru pentru fosta echip\u0103 a lui R\u0103zvan Lucescu"},"content":{"rendered":"\n<ul class=\"bullets\">\n<li>\n<p>SuperLiga: \u201dU\u201d Cluj &#8211; Petrolul, vineri, 21:00, DGS 1<\/p>\n<\/li>\n<li>\n<p>SuperLiga: Voluntari &#8211; O\u021belul, vineri, 18:00, DGS 1<\/p>\n<\/li>\n<\/ul>\n<p>Dup\u0103 1-1 \u00een turul din Grecia, Brann, grupare din Norvegia, a dat lovitura pe teren propriu \u0219i a c\u00e2\u0219tigat cu 3-2, motiv pentru care s-a calificat \u00een faza principal\u0103 din Europa League.<\/p>\n<p>Brann a eliminat-o pe PAOK din Conference League: 4-3 la general \u00een play-off<\/p>\n<p>Holm a deschis scorul \u00een minutul 45+3 pentru cei de la Brann, \u00een timp ce Ingason a f\u0103cut 2-0 \u00een minutul 56.<\/p>\n<p>Cei de la PAOK au avut puterea s\u0103 egaleze: Ndiaye (min 63) \u0219i Zafeiris (min 68) au \u00eenscris pentru gruparea din Grecia.<\/p>\n<p>Oaspe\u021bii au clacat pe final \u00een Norvegia. Castro a marcat golul calific\u0103rii pentru Brann \u00een minutul 86, din lovitur\u0103 de la 11 metri.<\/p>\n<p>Astfel, \u00een urma rezultatului din man\u0219a a doua a play-off-ului, Brann va evolua \u00een faza principal\u0103 din Conference League, \u00een timp ce PAOK se va mul\u021bumi doar cu meciurile din competi\u021biile interne.<\/p>\n<p>\u00cen sezonul trecut, cu rom\u00e2nul R\u0103zvan Lucescu pe banc\u0103, PAOK a dep\u0103\u0219it faza principal\u0103 din Europa League \u0219i a fost eliminat\u0103 \u00een play-off-ul pentru optimi.<\/p>\n<p>Brann a eliminat-o \u0219i pe \u201dU\u201d Cluj din Europa \u00een acest sezon<\/p>\n<p>\u00cen drumul spre faza principal\u0103 din Conference League, <a href=\"https:\/\/www.digisport.ro\/fotbal\/conference-league\/brann-u-cluj-3-1-ardelenii-parasesc-europa-dupa-3-5-la-general-cu-norvegienii-4404269\" target=\"_blank\" rel=\"noopener nofollow\" data-skip-linkfix=\"1\">Brann a trecut \u0219i de \u201dU\u201d Cluj, scor 5-3 la general<\/a>. Dup\u0103 2-2 \u00een Rom\u00e2nia, norvegienii s-au impus cu 3-1 pe teren propriu \u00een fa\u021ba \u201d\u0218epcilor Ro\u0219ii\u201d, \u00een turul doi preliminar.<\/p>\n<p>Cum s-a desf\u0103\u0219urat partida Brann &#8211; \u201dU\u201d Cluj 3-1:<\/p>\n<p>Norvegenii au \u00eenceput \u00een for\u021b\u0103 partida de pe teren propriu, iar Castro a deschis scorul dup\u0103 doar 8 minute, cu un \u0219ut din interiorul careului. U Cluj a revenit \u00een joc \u00een minutul 26, c\u00e2nd Jovo Lukic a restabilit egalitatea, fiind singur \u00een fa\u021ba por\u021bii.<\/p>\n<p>De\u0219i ardelenii au avut mai multe ocazii dup\u0103 reu\u0219ita lui Lukic, norvegienii au fost cei care au marcat. A f\u0103cut-o Mathisen cu capul \u00een minutul 45, iar Brann a intrat cu avantaj la cabine, scor 2-1.<\/p>\n<p>U Cluj a mai avut \u0219anse de a marca \u00een actul secund, \u00eens\u0103 f\u0103r\u0103 succes. Tot Brann a fost cea care a marcat, tot prin Castro, \u00een minutul 75, cu un \u0219ut din afara careului.<\/p>\n<p>Nimic nu s-a mai \u00eent\u00e2mplat p\u00e2n\u0103 la fluierul final, iar Brann s-a impus cu 3-1. Astfel, \u201dU\u201d Cluj a p\u0103r\u0103sit definitiv cupele europene, dup\u0103 ce anterior fusese eliminat\u0103 de Dinamo Kiev din turul 1 preliminar al UEFA Europa League.<\/p>\n<p>VIDEO Rezumat Brann &#8211; \u201dU\u201d Cluj 3-1Brann a \u00eenvins-o pe U Cluj cu 3-1   <\/p>\n<p>  Etichete:  <a href=\"https:\/\/www.digisport.ro\/eticheta\/razvan-lucescu\" rel=\"nofollow noopener\" target=\"_blank\">razvan lucescu<\/a> , <a href=\"https:\/\/www.digisport.ro\/eticheta\/brann\" rel=\"nofollow noopener\" target=\"_blank\">brann<\/a> , <a href=\"https:\/\/www.digisport.ro\/eticheta\/brann-paok\" rel=\"nofollow noopener\" target=\"_blank\">brann paok<\/a> , <a href=\"https:\/\/www.digisport.ro\/eticheta\/cosmar-u-cluj\" rel=\"nofollow noopener\" target=\"_blank\">cosmar u cluj<\/a>   <\/p>\n<p>Urm\u0103re\u0219te \u0219tirile digisport.ro \u0219i pe <a href=\"https:\/\/news.google.com\/publications\/CAAiENr1L9HFNMG5hpp5zTfVtpsqFAgKIhDa9S_RxTTBuYaaec031bab?ceid=RO:ro&amp;oc=3\" target=\"_blank\" rel=\"external nofollow noopener\">Google News<\/a><\/p>\n<p>   Noua Aplica\u0163ie Digi Sport poate fi desc\u0103rcat\u0103 din   <\/p>\n","protected":false},"excerpt":{"rendered":"SuperLiga: \u201dU\u201d Cluj &#8211; Petrolul, vineri, 21:00, DGS 1 SuperLiga: Voluntari &#8211; O\u021belul, vineri, 18:00, DGS 1 Dup\u0103&hellip;\n","protected":false},"author":2,"featured_media":278408,"comment_status":"","ping_status":"","sticky":false,"template":"","format":"standard","meta":{"footnotes":"","_share_on_mastodon":"0"},"categories":[20],"tags":[20687,76809,76810,2466,41,40,38,39,185,184],"class_list":["post-278407","post","type-post","status-publish","format-standard","has-post-thumbnail","category-sport","tag-brann","tag-brann-paok","tag-cosmar-u-cluj","tag-razvan-lucescu","tag-ro","tag-romana","tag-romania","tag-romanian","tag-sport","tag-sports"],"share_on_mastodon":{"url":"https:\/\/pubeurope.com\/@ro\/117170283817779812","error":""},"_links":{"self":[{"href":"https:\/\/www.europesays.com\/ro\/wp-json\/wp\/v2\/posts\/278407","targetHints":{"allow":["GET"]}}],"collection":[{"href":"https:\/\/www.europesays.com\/ro\/wp-json\/wp\/v2\/posts"}],"about":[{"href":"https:\/\/www.europesays.com\/ro\/wp-json\/wp\/v2\/types\/post"}],"author":[{"embeddable":true,"href":"https:\/\/www.europesays.com\/ro\/wp-json\/wp\/v2\/users\/2"}],"replies":[{"embeddable":true,"href":"https:\/\/www.europesays.com\/ro\/wp-json\/wp\/v2\/comments?post=278407"}],"version-history":[{"count":0,"href":"https:\/\/www.europesays.com\/ro\/wp-json\/wp\/v2\/posts\/278407\/revisions"}],"wp:featuredmedia":[{"embeddable":true,"href":"https:\/\/www.europesays.com\/ro\/wp-json\/wp\/v2\/media\/278408"}],"wp:attachment":[{"href":"https:\/\/www.europesays.com\/ro\/wp-json\/wp\/v2\/media?parent=278407"}],"wp:term":[{"taxonomy":"category","embeddable":true,"href":"https:\/\/www.europesays.com\/ro\/wp-json\/wp\/v2\/categories?post=278407"},{"taxonomy":"post_tag","embeddable":true,"href":"https:\/\/www.europesays.com\/ro\/wp-json\/wp\/v2\/tags?post=278407"}],"curies":[{"name":"wp","href":"https:\/\/api.w.org\/{rel}","templated":true}]}}