{"id":278831,"date":"2026-08-28T12:33:16","date_gmt":"2026-08-28T12:33:16","guid":{"rendered":"https:\/\/www.europesays.com\/ro\/278831\/"},"modified":"2026-08-28T12:33:16","modified_gmt":"2026-08-28T12:33:16","slug":"calvin-klein-lanseaza-feel-the-fit-campania-de-toamna-2026-dedicata-articolelor-din-denim-27-08-2026","status":"publish","type":"post","link":"https:\/\/www.europesays.com\/ro\/278831\/","title":{"rendered":"Calvin Klein lanseaz\u0103 \u201dFeel the Fit\u201d, campania de toamn\u0103 2026 dedicat\u0103 articolelor din denim &#8211; 27.08.2026"},"content":{"rendered":"<p class=\"par\" style=\"overflow-wrap:break-word;\">Calvin Klein a dezv\u0103luit, s\u0103pt\u0103m\u00e2na aceasta, primul capitol al campaniei sale de toamn\u0103 2026 dedicat\u0103 denimului, intitulat\u0103 \u201dFeel the Fit\u201d, av\u00e2nd-o ca protagonist\u0103 pe Tate McRae, c\u00e2nt\u0103rea\u0163\u0103 \u015fi dansatoare canadian\u0103 nominalizat\u0103 la premiile GRAMMY. Tate McRae aduce atitudinea care o caracterizeaz\u0103 \u00een denimul iconic Calvin Klein.<\/p>\n<p class=\"par\" style=\"overflow-wrap:break-word;\">Lansat\u0103 cu o serie de talente interna\u0163ionale, campania \u201dFeel the Fit\u201d celebreaz\u0103 \u00eencrederea care apare atunci c\u00e2nd \u0163inuta se potrive\u015fte perfect, aceasta fiind redat\u0103 prin energia \u015fi stilul proprii fiec\u0103rui talent.<\/p>\n<p class=\"par\" style=\"overflow-wrap:break-word;\">\u201dAm fost \u00eentotdeauna o admiratoare a blugilor Calvin Klein. Fiecare model are propria personalitate, dar toate \u00ee\u0163i confer\u0103 aceea\u015fi \u00eencredere de necontestat\u201d, a declarat Tate McRae, men\u0163ion\u00e2nd: \u201dAceast\u0103 campanie se concentreaz\u0103 pe acel moment \u00een care \u00ee\u0163i pui perechea preferat\u0103 de blugi \u015fi totul se potrive\u015fte perfect. Mi-a pl\u0103cut foarte mult s\u0103 pot s\u0103 m\u0103 mi\u015fc, s\u0103 dansez \u015fi s\u0103 aduc propria mea energie \u00een fiecare \u0163inut\u0103\u201d.<\/p>\n<p class=\"par\" style=\"overflow-wrap:break-word;\">Regizat\u0103 de Carlijn Jacobs, campania surprinde schimbarea instantanee care are loc atunci c\u00e2nd Tate \u00ee\u015fi \u00eembrac\u0103 blugii Calvin Klein. Energia, amplificat\u0103 de coloana sonor\u0103 \u201dGroove Is In The Heart\u201d, evoc\u0103 stilul Calvin Klein din anii &#8217;90, reinterpretat pentru zilele noastre prin stilul de interpretare caracteristic al lui Tate.<\/p>\n<p class=\"par\" style=\"overflow-wrap:break-word;\">\u201dDenimul a fost \u00eentotdeauna \u00een centrul brandului Calvin Klein, contur\u00e2nd viziunea noastr\u0103 distinct\u0103 asupra \u00eencrederii, senzualit\u0103\u0163ii \u015fi exprim\u0103rii de sine\u201d, a declarat David Savman, pre\u015fedinte global al brandului Calvin Klein, ad\u0103ug\u00e2nd: \u201dCaracterizate prin coduri de design emblematice, o croial\u0103 superioar\u0103 \u015fi un stil seduc\u0103tor, blugii Calvin Klein sunt purta\u0163i de mult timp de cei care definesc spiritul vremii, contribuind la transformarea brandului \u00eentr-o for\u0163\u0103 definitorie \u00een lumea denimului. Campania \u00abFeel the Fit\u00bb readuce la via\u0163\u0103 aceast\u0103 mo\u015ftenire pentru o nou\u0103 genera\u0163ie, \u00eentr-un mod care poart\u0103 amprenta inconfundabil\u0103 a m\u0103rcii Calvin Klein \u015fi este \u00een deplin\u0103 armonie cu spiritul actual\u201d. <\/p>\n<p class=\"par\" style=\"overflow-wrap:break-word;\">Pentru toamna 2026, Calvin Klein introduce noi croieli de blugi: Low Rise Baggy, High Rise Loose Jean, 90s Straight Jeans.<\/p>\n<p class=\"par\" style=\"overflow-wrap:break-word;\">Campania s-a lansat global pe 25 august \u00een magazinele Calvin Klein, pe site-ul companiei \u015fi pe platformele de socializare, precum \u015fi prin afi\u015faje publicitare \u00een spa\u0163iul public.<\/p>\n","protected":false},"excerpt":{"rendered":"Calvin Klein a dezv\u0103luit, s\u0103pt\u0103m\u00e2na aceasta, primul capitol al campaniei sale de toamn\u0103 2026 dedicat\u0103 denimului, intitulat\u0103 \u201dFeel&hellip;\n","protected":false},"author":2,"featured_media":278832,"comment_status":"","ping_status":"","sticky":false,"template":"","format":"standard","meta":{"footnotes":"","_share_on_mastodon":"0"},"categories":[16],"tags":[76902,261,76903,41,40,38,39,141,124],"class_list":["post-278831","post","type-post","status-publish","format-standard","has-post-thumbnail","category-tehnologie","tag-calvin-klein","tag-campanie","tag-denim","tag-ro","tag-romana","tag-romania","tag-romanian","tag-technology","tag-tehnologie"],"share_on_mastodon":{"url":"https:\/\/pubeurope.com\/@ro\/117173158044965093","error":""},"_links":{"self":[{"href":"https:\/\/www.europesays.com\/ro\/wp-json\/wp\/v2\/posts\/278831","targetHints":{"allow":["GET"]}}],"collection":[{"href":"https:\/\/www.europesays.com\/ro\/wp-json\/wp\/v2\/posts"}],"about":[{"href":"https:\/\/www.europesays.com\/ro\/wp-json\/wp\/v2\/types\/post"}],"author":[{"embeddable":true,"href":"https:\/\/www.europesays.com\/ro\/wp-json\/wp\/v2\/users\/2"}],"replies":[{"embeddable":true,"href":"https:\/\/www.europesays.com\/ro\/wp-json\/wp\/v2\/comments?post=278831"}],"version-history":[{"count":0,"href":"https:\/\/www.europesays.com\/ro\/wp-json\/wp\/v2\/posts\/278831\/revisions"}],"wp:featuredmedia":[{"embeddable":true,"href":"https:\/\/www.europesays.com\/ro\/wp-json\/wp\/v2\/media\/278832"}],"wp:attachment":[{"href":"https:\/\/www.europesays.com\/ro\/wp-json\/wp\/v2\/media?parent=278831"}],"wp:term":[{"taxonomy":"category","embeddable":true,"href":"https:\/\/www.europesays.com\/ro\/wp-json\/wp\/v2\/categories?post=278831"},{"taxonomy":"post_tag","embeddable":true,"href":"https:\/\/www.europesays.com\/ro\/wp-json\/wp\/v2\/tags?post=278831"}],"curies":[{"name":"wp","href":"https:\/\/api.w.org\/{rel}","templated":true}]}}