{"id":278949,"date":"2026-08-28T13:55:19","date_gmt":"2026-08-28T13:55:19","guid":{"rendered":"https:\/\/www.europesays.com\/ro\/278949\/"},"modified":"2026-08-28T13:55:19","modified_gmt":"2026-08-28T13:55:19","slug":"dupa-razvan-lucescu-dezastrul-paok-scoasa-din-europa-de-o-reprezentanta-a-tarii-minune-4-echipe-in-grupe","status":"publish","type":"post","link":"https:\/\/www.europesays.com\/ro\/278949\/","title":{"rendered":"Dup\u0103 R\u0103zvan Lucescu, dezastrul \u00bb PAOK, scoas\u0103 din Europa de o reprezentant\u0103 a \u201e\u021b\u0103rii-minune\u201d: 4 echipe \u00een grupe"},"content":{"rendered":"<p>\n            Articol de <a rel=\"author nofollow noopener\" href=\"https:\/\/www.gsp.ro\/autor\/adrian-duta-3930.html\" target=\"_blank\">Adrian Du\u0163\u0103<\/a>            &#8211; Publicat joi, 27 august 2026 23:02            \/ Actualizat joi, 27 august 2026 23:15                    <\/p>\n<p>La primul sezon dup\u0103 plecarea lui R\u0103zvan Lucescu, <a class=\"autolink-enabled\" data-resource-id=\"553\" data-resource-type=\"team\" data-sport=\"football\" href=\"https:\/\/www.gsp.ro\/rezultate-live\/echipa-teamname-553\" rel=\"nofollow noopener\" target=\"_blank\">PAOK<\/a> a ratat accederea \u00eentr-o grup\u0103 european\u0103. Echipa din Grecia a fost eliminat\u0103 de <a class=\"autolink-enabled\" data-resource-id=\"898\" data-resource-type=\"team\" data-sport=\"football\" href=\"https:\/\/www.gsp.ro\/rezultate-live\/echipa-teamname-898\" rel=\"nofollow noopener\" target=\"_blank\">Brann<\/a> \u00een play-off-ul Conference League, cu 3-4 la general.<\/p>\n<p class=\"do-not-hide\">Norvegia a ajuns la 4 echipe \u00een grupele cupelor europene \u00een acest sezon. <a target=\"_blank\" class=\"editor-link autolink-enabled\" href=\"https:\/\/www.gsp.ro\/rezultate-live\/echipa-teamname-1031\" data-resource-id=\"1031\" data-resource-type=\"team\" data-sport=\"football\" rel=\"nofollow noopener\">Viking<\/a> \u0219i <a target=\"_blank\" class=\"editor-link autolink-enabled\" href=\"https:\/\/www.gsp.ro\/rezultate-live\/echipa-teamname-1138\" data-resource-id=\"1138\" data-resource-type=\"team\" data-sport=\"football\" rel=\"nofollow noopener\">Bodo\/Glimt<\/a> \u00een Champions League, <a target=\"_blank\" class=\"editor-link autolink-enabled\" href=\"https:\/\/www.gsp.ro\/rezultate-live\/echipa-teamname-912\" data-resource-id=\"912\" data-resource-type=\"team\" data-sport=\"football\" rel=\"nofollow noopener\">Lillestrom<\/a> \u00een Europa League \u0219i <a target=\"_blank\" class=\"editor-link autolink-enabled\" href=\"https:\/\/www.gsp.ro\/rezultate-live\/echipa-teamname-898\" data-resource-id=\"898\" data-resource-type=\"team\" data-sport=\"football\" rel=\"nofollow noopener\">Brann<\/a> \u00een Conference League.<\/p>\n<p>PAOK, eliminat\u0103 de Brann \u00een play-off-ul Conference League<\/p>\n<p>Dup\u0103 1-1 \u00een Grecia, PAOK s-a dus \u00een Norvegia \u00een speran\u021ba calific\u0103rii \u00een Conference. Fosta echip\u0103 a lui R\u0103zvan Lucescu fusese eliminat\u0103 \u00een turul 3 Europa League de Anderlecht, cu dubl\u0103 \u00eenfr\u00e2ngere, 0-1 \u0219i 2-3.<\/p>\n<p>C\u0103zut\u0103 \u00een play-off-ul Conference League, PAOK a remizat acas\u0103 cu Brann. La retur, \u00een Norvegia, scandinavii au condus cu 2-0, prin golurile lui Holm \u0219i Ingason. PAOK a egalat \u00een interval de 5 minute \u00een repriza a doua, prin reu\u0219itele lui Ndiaye \u0219i Zaferis.<\/p>\n<p>Castro a marcat golul de 3-2 pentru Brann \u00een minutul 86, din penalty. Iar PAOK a ratat pentru prima dat\u0103 dup\u0103 9 ani grupele unei competi\u021bii europene.<\/p>\n<p>Rangers, scoas\u0103 de Jablonec<\/p>\n<p>PAOK nu e singura echip\u0103 cu nume care p\u0103r\u0103se\u0219te competi\u021biile europene \u00eenainte de faza grupelor. Rangers a fost eliminat\u0103 \u00een play-off-ul Conference League de Jablonec, la loviturile de departajare.<\/p>\n<p>Dup\u0103 0-1 \u00een Sco\u021bia, \u00een tur, cehii s-au impus acas\u0103 cu 1-0 \u0219i au trimis meciul \u00een prelungiri. S-a ajuns la loviturile de departajare, unde Jablonec a c\u00e2\u0219tigat cu 4-3.<\/p>\n<p>\u0218i Qarabag a ratat grupele<\/p>\n<p>Dup\u0103 ce a pierdut titlul \u00een Azerbaidjan \u00een fa\u021ba lui Sabah, Qarabag \u00ee\u0219i continu\u0103 perioada catastrofal\u0103. Forma\u021bia care anul trecut ajungea \u00een prim\u0103vara Champions League a fost eliminat\u0103 \u00een play-off-ul Conference League de Twente.<\/p>\n<p>Azerii au c\u00e2\u0219tigat cu 1-0 \u00een tur, \u00een Olanda, dar au clacat acas\u0103 \u0219i au pierdut cu 1-4 dup\u0103 120 de minute.<\/p>\n<p>Twente a avut 2-1 dup\u0103 90 de minute \u0219i a trimis \u201edubla\u201d \u00een prelungiri. Acolo, olandezii au mai \u00eenscris de dou\u0103 ori \u0219i s-au calificat \u00een grupele Conference League.<\/p>\n","protected":false},"excerpt":{"rendered":"Articol de Adrian Du\u0163\u0103 &#8211; Publicat joi, 27 august 2026 23:02 \/ Actualizat joi, 27 august 2026 23:15&hellip;\n","protected":false},"author":2,"featured_media":278950,"comment_status":"","ping_status":"","sticky":false,"template":"","format":"standard","meta":{"footnotes":"","_share_on_mastodon":"0"},"categories":[20],"tags":[20687,4042,2385,41,40,38,39,185,184],"class_list":["post-278949","post","type-post","status-publish","format-standard","has-post-thumbnail","category-sport","tag-brann","tag-conference-league","tag-paok","tag-ro","tag-romana","tag-romania","tag-romanian","tag-sport","tag-sports"],"share_on_mastodon":{"url":"https:\/\/pubeurope.com\/@ro\/117173480491743946","error":""},"_links":{"self":[{"href":"https:\/\/www.europesays.com\/ro\/wp-json\/wp\/v2\/posts\/278949","targetHints":{"allow":["GET"]}}],"collection":[{"href":"https:\/\/www.europesays.com\/ro\/wp-json\/wp\/v2\/posts"}],"about":[{"href":"https:\/\/www.europesays.com\/ro\/wp-json\/wp\/v2\/types\/post"}],"author":[{"embeddable":true,"href":"https:\/\/www.europesays.com\/ro\/wp-json\/wp\/v2\/users\/2"}],"replies":[{"embeddable":true,"href":"https:\/\/www.europesays.com\/ro\/wp-json\/wp\/v2\/comments?post=278949"}],"version-history":[{"count":0,"href":"https:\/\/www.europesays.com\/ro\/wp-json\/wp\/v2\/posts\/278949\/revisions"}],"wp:featuredmedia":[{"embeddable":true,"href":"https:\/\/www.europesays.com\/ro\/wp-json\/wp\/v2\/media\/278950"}],"wp:attachment":[{"href":"https:\/\/www.europesays.com\/ro\/wp-json\/wp\/v2\/media?parent=278949"}],"wp:term":[{"taxonomy":"category","embeddable":true,"href":"https:\/\/www.europesays.com\/ro\/wp-json\/wp\/v2\/categories?post=278949"},{"taxonomy":"post_tag","embeddable":true,"href":"https:\/\/www.europesays.com\/ro\/wp-json\/wp\/v2\/tags?post=278949"}],"curies":[{"name":"wp","href":"https:\/\/api.w.org\/{rel}","templated":true}]}}