{"id":279069,"date":"2026-08-28T15:49:10","date_gmt":"2026-08-28T15:49:10","guid":{"rendered":"https:\/\/www.europesays.com\/ro\/279069\/"},"modified":"2026-08-28T15:49:10","modified_gmt":"2026-08-28T15:49:10","slug":"microsoft-schimba-din-nou-windows-11-taskbar-mai-mic-start-personalizabil-si-zona-search-mai-usor-de-controlat","status":"publish","type":"post","link":"https:\/\/www.europesays.com\/ro\/279069\/","title":{"rendered":"Microsoft schimb\u0103 din nou Windows 11: Taskbar mai mic, Start personalizabil \u0219i zon\u0103 search mai u\u0219or de controlat"},"content":{"rendered":"<p>Finalul verii ne aduce \u0219i o actualizare important\u0103 pentru <a href=\"https:\/\/www.mobilissimo.ro\/stiri-telefoane\/microsoft-cere-mai-mult-pentru-windows-11-urmatoarea-intrebare-este-ce-se-intampla-cu-cheile-ieftine\" target=\"_blank\" rel=\"nofollow noopener\">Windows 11<\/a>. Microsoft a lansat update-ul op\u021bional KB5120998 pentru versiunile 25H2 \u0219i 24H2, cu build-urile 26200.9278, respectiv 26100.9278. Vorbim pentru moment despre un Preview Update, deci instalarea nu e obligatorie, iar o parte din func\u021biile noi sunt distribuite gradual. Iat\u0103 despre ce e vorba!<\/p>\n<p>Probabil cea mai vizibil\u0103 schimbare este revenirea op\u021biunii pentru repozi\u021bionarea Taskbar-ului. Bara poate fi amplasat\u0103 jos, sus, \u00een st\u00e2nga sau \u00een dreapta ecranului, iar majoritatea set\u0103rilor de personalizare continu\u0103 s\u0103 func\u021bioneze indiferent de pozi\u021bie. Exist\u0103 totu\u0219i o limitare: caseta Search \u0219i noua variant\u0103 de taskbar redus sunt momentan compatibile doar cu pozi\u021biile de sus \u0219i jos.<\/p>\n<p style=\"text-align:center\"><a href=\"https:\/\/www.mobilissimo.ro\/imgs\/uploaded\/images\/9\/download (98)(1).jpg\" target=\"_blank\" rel=\"nofollow noopener\"><img decoding=\"async\" alt=\"\" src=\"https:\/\/www.europesays.com\/ro\/wp-content\/uploads\/2026\/08\/download (98)(1).jpg\" style=\"height:326px; width:592px\"\/><\/a><\/p>\n<p>Microsoft adaug\u0103 \u0219i op\u021biunea Small, care mic\u0219oreaz\u0103 at\u00e2t bara, c\u00e2t \u0219i pictogramele, util\u0103 mai ales pe laptopuri \u0219i tablete cu ecrane compacte. Meniul Start prime\u0219te la r\u00e2ndul s\u0103u mai multe controale. Utilizatorul poate alege dimensiunea Small sau Large, poate ascunde numele \u0219i fotografia de profil \u0219i poate controla separat sec\u021biunile Pinned, Recommended \u0219i All.<\/p>\n<p>Search devine mai u\u0219or de controlat<\/p>\n<p>Windows Search afi\u0219eaz\u0103 mai explicit dac\u0103 un rezultat provine dintr-o aplica\u021bie, setare, fi\u0219ier, web sau Microsoft Store. Mai important, apare o setare prin care sugestiile web \u0219i cele din Store pot fi dezactivate din Settings &gt; Privacy &amp; Security &gt; Search. Sistemul poate indexa automat \u0219i folderele folosite frecvent, pentru a g\u0103si mai rapid fi\u0219ierele accesate des.<\/p>\n<p>Totodat\u0103, File Explorer-ul ar trebui s\u0103 se deschid\u0103 mai rapid,\u00a0schimbare binevenit\u0103 \u00eentr-o zon\u0103 a Windows 11 unde viteza nu a fost mereu punctul forte. Mai apar \u00eembun\u0103t\u0103\u021biri pentru comutarea \u00eentre desktop-uri virtuale, Task Manager, touchpad, set\u0103rile de luminozitate \u0219i comportamentul PC-ului dup\u0103 restarturile necesare Windows Update.<\/p>\n<p style=\"text-align:center\"><a href=\"https:\/\/www.mobilissimo.ro\/imgs\/uploaded\/images\/9\/download (99)(2).jpg\" target=\"_blank\" rel=\"nofollow noopener\"><img decoding=\"async\" alt=\"\" src=\"https:\/\/www.europesays.com\/ro\/wp-content\/uploads\/2026\/08\/download (99)(2).jpg\" style=\"height:320px; width:592px\"\/><\/a><\/p>\n<p>Actualizarea aducde \u0219i schimb\u0103ri ceva mai tehnice.\u00a0Administrator Protection \u00eencepe s\u0103 fie distribuit gradual, Microsoft Execution Containers primesc izolare la nivel de proces pentru sarcini precum agen\u021bii de programare \u0219i codul generat de modele AI, iar Windows poate eticheta \u00een regim Preview procesele \u201eagentice\u201d. Tot din august 2026 dispare utilitarul WMIC din Windows 11 24H2 \u0219i 25H2; WMI r\u0103m\u00e2ne \u00eens\u0103 suportat.<\/p>\n<p>Disponibilitate<\/p>\n<p>KB5120998 poate fi instalat manual din Settings &gt; Windows Update &gt; Advanced options &gt; Optional updates. Merit\u0103 totu\u0219i men\u021bionat c\u0103 func\u021biile din distribuirea gradual\u0103 nu vor ap\u0103rea \u00een acela\u0219i timp pe toate PC-urile eligibile, chiar dac\u0103 update-ul este instalat.<\/p>\n","protected":false},"excerpt":{"rendered":"Finalul verii ne aduce \u0219i o actualizare important\u0103 pentru Windows 11. Microsoft a lansat update-ul op\u021bional KB5120998 pentru&hellip;\n","protected":false},"author":2,"featured_media":279070,"comment_status":"","ping_status":"","sticky":false,"template":"","format":"standard","meta":{"footnotes":"","_share_on_mastodon":"0"},"categories":[16],"tags":[64358,76973,15933,76971,76975,76866,76970,796,76974,41,40,38,39,68248,42413,141,124,76972,1281,2453,56425,48149,76977,76976],"class_list":["post-279069","post","type-post","status-publish","format-standard","has-post-thumbnail","category-tehnologie","tag-actualizari-software","tag-administrator-protection","tag-agenti-ai","tag-desktopuri-virtuale","tag-izolare-procese","tag-kb5120998","tag-meniu-start","tag-microsoft","tag-microsoft-execution-containers","tag-ro","tag-romana","tag-romania","tag-romanian","tag-task-manager","tag-taskbar","tag-technology","tag-tehnologie","tag-touchpad","tag-windows","tag-windows-11","tag-windows-search","tag-windows-update","tag-wmi","tag-wmic"],"share_on_mastodon":{"url":"https:\/\/pubeurope.com\/@ro\/117173929250177108","error":""},"_links":{"self":[{"href":"https:\/\/www.europesays.com\/ro\/wp-json\/wp\/v2\/posts\/279069","targetHints":{"allow":["GET"]}}],"collection":[{"href":"https:\/\/www.europesays.com\/ro\/wp-json\/wp\/v2\/posts"}],"about":[{"href":"https:\/\/www.europesays.com\/ro\/wp-json\/wp\/v2\/types\/post"}],"author":[{"embeddable":true,"href":"https:\/\/www.europesays.com\/ro\/wp-json\/wp\/v2\/users\/2"}],"replies":[{"embeddable":true,"href":"https:\/\/www.europesays.com\/ro\/wp-json\/wp\/v2\/comments?post=279069"}],"version-history":[{"count":0,"href":"https:\/\/www.europesays.com\/ro\/wp-json\/wp\/v2\/posts\/279069\/revisions"}],"wp:featuredmedia":[{"embeddable":true,"href":"https:\/\/www.europesays.com\/ro\/wp-json\/wp\/v2\/media\/279070"}],"wp:attachment":[{"href":"https:\/\/www.europesays.com\/ro\/wp-json\/wp\/v2\/media?parent=279069"}],"wp:term":[{"taxonomy":"category","embeddable":true,"href":"https:\/\/www.europesays.com\/ro\/wp-json\/wp\/v2\/categories?post=279069"},{"taxonomy":"post_tag","embeddable":true,"href":"https:\/\/www.europesays.com\/ro\/wp-json\/wp\/v2\/tags?post=279069"}],"curies":[{"name":"wp","href":"https:\/\/api.w.org\/{rel}","templated":true}]}}