{"id":279281,"date":"2026-08-28T20:00:14","date_gmt":"2026-08-28T20:00:14","guid":{"rendered":"https:\/\/www.europesays.com\/ro\/279281\/"},"modified":"2026-08-28T20:00:14","modified_gmt":"2026-08-28T20:00:14","slug":"a-gasit-gigi-becali-inlocuitor-pentru-marius-baciu-intalnire-secreta-cu-antrenorul-vizat-pentru-banca-fcsb","status":"publish","type":"post","link":"https:\/\/www.europesays.com\/ro\/279281\/","title":{"rendered":"A g\u0103sit Gigi Becali \u00eenlocuitor pentru Marius Baciu? \u00cent\u00e2lnire secret\u0103 cu antrenorul vizat pentru banca FCSB"},"content":{"rendered":"<p>Vineri, 28 August 2026, ora 18:15<\/p>\n<p>1423 citiri<\/p>\n<p><a href=\"https:\/\/ziare.com\/viitorul\/\" title=\"Viitorul\" rel=\"nofollow noopener\" target=\"_blank\">Viitorul<\/a> lui Marius Baciu pe banca <a href=\"https:\/\/ziare.com\/fcsb\/\" title=\"FCSB\" rel=\"nofollow noopener\" target=\"_blank\">FCSB<\/a> pare tot mai incert dup\u0103 \u00eenfr\u00e2ngerea suferit\u0103 de campioana Rom\u00e2niei pe terenul CFR-ului, scor 0-1. Nemul\u021bumit de evolu\u021biile echipei, <a href=\"https:\/\/ziare.com\/becali\/\" title=\"Gigi Becali\" rel=\"nofollow noopener\" target=\"_blank\">Gigi Becali<\/a> ar fi \u00eenceput deja demersurile pentru schimbarea antrenorului.<\/p>\n<p>Potrivit informa\u021biilor <a href=\"https:\/\/www.fanatik.ro\/ianis-zicu-in-locul-lui-marius-baciu-la-fcsb-gigi-becali-intalnire-secreta-cu-fostul-fotbalist-al-lui-dinamo-exclusiv-21532211\" target=\"_blank\" rel=\"nofollow noopener\">Fanatik<\/a>, finan\u021batorul ro\u0219-alba\u0219trilor a avut o \u00eent\u00e2lnire cu <a href=\"https:\/\/ziare.com\/ianis-zicu\/\" title=\"Ianis Zicu\" rel=\"nofollow noopener\" target=\"_blank\">Ianis Zicu<\/a>, unul dintre tehnicienii lua\u021bi \u00een calcul pentru preluarea echipei.<\/p>\n<p>\u00cen prezent, Zicu este antrenorul celor de la Metaloglobus, forma\u021bie pe care a promovat-o \u00een SuperLiga \u00een urm\u0103 cu dou\u0103 sezoane. Fostul interna\u021bional este v\u0103zut drept principalul favorit pentru a deveni noul antrenor al <a href=\"https:\/\/ziare.com\/fotbal\/fcsb\/\" title=\"FCSB\" rel=\"nofollow noopener\" target=\"_blank\">FCSB<\/a>, \u00een cazul \u00een care Becali va decide s\u0103 renun\u021be la Baciu.<\/p>\n<p>Sursele citate sus\u021bin c\u0103 patronul campioanei ar fi fost influen\u021bat \u0219i de nemul\u021bumirile din vestiar. Marius Baciu ar fi avut divergen\u021be cu Florin T\u0103nase, iar o parte dintre juc\u0103tori nu ar mai fi convin\u0219i de metodele sale.<\/p>\n<p>Pentru Ianis Zicu, o eventual\u0103 numire la FCSB ar reprezenta cea mai important\u0103 provocare a carierei de antrenor. Fostul atacant, care a c\u00e2\u0219tigat trei trofee \u00een perioada petrecut\u0103 la <a href=\"https:\/\/ziare.com\/dinamo\/\" title=\"Dinamo\" rel=\"nofollow noopener\" target=\"_blank\">Dinamo<\/a> ca juc\u0103tor, a acumulat experien\u021b\u0103 pe b\u0103ncile tehnice ale mai multor forma\u021bii din fotbalul rom\u00e2nesc.<\/p>\n<p>\u021ai-a pl\u0103cut articolul?<\/p>\n<p> Vrem s\u0103 producem mai multe, \u00eens\u0103 avem nevoie de sus\u021binerea ta. Orice dona\u021bie conteaz\u0103 pentru jurnalismul independent <\/p>\n","protected":false},"excerpt":{"rendered":"Vineri, 28 August 2026, ora 18:15 1423 citiri Viitorul lui Marius Baciu pe banca FCSB pare tot mai&hellip;\n","protected":false},"author":2,"featured_media":279282,"comment_status":"","ping_status":"","sticky":false,"template":"","format":"standard","meta":{"footnotes":"","_share_on_mastodon":"0"},"categories":[20],"tags":[351,269,196,1941,909,41,40,38,39,185,184],"class_list":["post-279281","post","type-post","status-publish","format-standard","has-post-thumbnail","category-sport","tag-antrenor","tag-fcsb","tag-gigi-becali","tag-ianis-zicu","tag-marius-baciu","tag-ro","tag-romana","tag-romania","tag-romanian","tag-sport","tag-sports"],"share_on_mastodon":{"url":"https:\/\/pubeurope.com\/@ro\/117174915761600900","error":""},"_links":{"self":[{"href":"https:\/\/www.europesays.com\/ro\/wp-json\/wp\/v2\/posts\/279281","targetHints":{"allow":["GET"]}}],"collection":[{"href":"https:\/\/www.europesays.com\/ro\/wp-json\/wp\/v2\/posts"}],"about":[{"href":"https:\/\/www.europesays.com\/ro\/wp-json\/wp\/v2\/types\/post"}],"author":[{"embeddable":true,"href":"https:\/\/www.europesays.com\/ro\/wp-json\/wp\/v2\/users\/2"}],"replies":[{"embeddable":true,"href":"https:\/\/www.europesays.com\/ro\/wp-json\/wp\/v2\/comments?post=279281"}],"version-history":[{"count":0,"href":"https:\/\/www.europesays.com\/ro\/wp-json\/wp\/v2\/posts\/279281\/revisions"}],"wp:featuredmedia":[{"embeddable":true,"href":"https:\/\/www.europesays.com\/ro\/wp-json\/wp\/v2\/media\/279282"}],"wp:attachment":[{"href":"https:\/\/www.europesays.com\/ro\/wp-json\/wp\/v2\/media?parent=279281"}],"wp:term":[{"taxonomy":"category","embeddable":true,"href":"https:\/\/www.europesays.com\/ro\/wp-json\/wp\/v2\/categories?post=279281"},{"taxonomy":"post_tag","embeddable":true,"href":"https:\/\/www.europesays.com\/ro\/wp-json\/wp\/v2\/tags?post=279281"}],"curies":[{"name":"wp","href":"https:\/\/api.w.org\/{rel}","templated":true}]}}