{"id":279567,"date":"2026-08-29T07:26:12","date_gmt":"2026-08-29T07:26:12","guid":{"rendered":"https:\/\/www.europesays.com\/ro\/279567\/"},"modified":"2026-08-29T07:26:12","modified_gmt":"2026-08-29T07:26:12","slug":"surse-eugen-tomac-favorit-sa-fie-desemnat-din-nou-pentru-functia-de-prim-ministru-psd-ar-putea-sustine-varianta-agreata-de-nicusor-dan","status":"publish","type":"post","link":"https:\/\/www.europesays.com\/ro\/279567\/","title":{"rendered":"SURSE Eugen Tomac, favorit s\u0103 fie desemnat din nou pentru func\u021bia de prim-ministru. PSD ar putea sus\u021bine varianta agreat\u0103 de Nicu\u0219or Dan"},"content":{"rendered":"<p>Pre\u0219edintele Nicu\u0219or Dan va convoca, s\u0103pt\u0103m\u00e2na viitoare, partidele politice la consult\u0103ri pentru o nou\u0103 desemnare a premierului. Potrivit informa\u021biilor ob\u021binute de \u201eAdev\u0103rul\u201d, scenariul aflat \u00een acest moment \u00een discu\u021bie este ca europarlamentarul Eugen Tomac s\u0103 fie desemnat din nou pentru func\u021bia de prim-ministru, de aceast\u0103 dat\u0103 pentru a conduce un guvern sus\u021binut de PSD.<\/p>\n<p> <img decoding=\"async\" src=\"https:\/\/www.europesays.com\/ro\/wp-content\/uploads\/2026\/08\/1787988372_887_index.jpeg\" alt=\"Eugen Tomac \u0219i Nicu\u0219or Dan\" width=\"1125\" height=\"750\" loading=\"eager\" fetchpriority=\"high\" class=\"svelte-1kfbksm\"\/> <\/p>\n<p>Eugen Tomac \u0219i Nicu\u0219or Dan Foto: Inquam Photos<\/p>\n<p>publicitate&#8221;); background-position: center center; background-repeat: no-repeat;&#8221;&gt;<\/p>\n<p>Nicu\u0219or Dan a anun\u021bat joi sear\u0103 c\u0103 va organiza, pe 1 septembrie, consult\u0103ri cu partidele politice pentru desemnarea unui nou premier. \u0218eful statului a precizat c\u0103 discu\u021biile ar putea avea un caracter formal sau informal, f\u0103r\u0103 s\u0103 ofere detalii despre profilul candidatului pe care \u00eel are \u00een vedere.<\/p>\n<p>Nicu\u0219or Dan a indicat \u00eens\u0103 c\u0103 viitorul Executiv ar urma s\u0103 fie unul politic, afirm\u00e2nd c\u0103 este mai probabil ca portofoliile ministeriale s\u0103 fie ocupate de politicieni \u0219i nu de tehnocra\u021bi. Pre\u0219edintele a explicat, \u00eentr-o conferin\u021b\u0103 de pres\u0103 sus\u021binut\u0103 la Chi\u0219in\u0103u, \u0219i motivele pentru care nu a f\u0103cut o nou\u0103 desemnare pentru func\u021bia de premier pe perioada verii.<\/p>\n<p>\u201eDup\u0103 cele dou\u0103 nominaliz\u0103ri am realizat c\u0103 nu exist\u0103 \u0219anse de majoritate pe perioada vacan\u021bei parlamentare \u0219i atunci, inclusiv din perspectiva agen\u021biilor de rating care urmau s\u0103 vin\u0103 s\u0103 evalueze Rom\u00e2nia, ar fi fost tare nefericit ca \u0219tirile din presa global\u0103 s\u0103 fie al treilea guvern n-a fost \u00eenvestit, al patrulea guvern n-a fost \u00eenvestit \u00een Rom\u00e2nia\u201d, a spus Nicu\u0219or Dan.<\/p>\n<p> Eugen Tomac, la a doua \u00eencercare <\/p>\n<p>Potrivit informa\u021biilor ob\u021binute de \u201eAdev\u0103rul\u201d, PSD inten\u021bioneaz\u0103 s\u0103 mearg\u0103 la consult\u0103rile de la Cotroceni cu propunerea lui Sorin Grindeanu pentru func\u021bia de premier. Social-democra\u021bii p\u0103streaz\u0103 \u00eens\u0103 deschis\u0103 posibilitatea unei alte solu\u021bii, \u00een condi\u021biile \u00een care partidul este flexibil \u00een privin\u021ba numelui celui care ar urma s\u0103 ocupe fotoliul de la Palatul Victoria.<\/p>\n<p>Una dintre variantele vehiculate \u00een ultimele luni a fost Alexandru Nazare, actualul ministru al Finan\u021belor. Desemnarea sa ar putea \u00eent\u00e2mpina \u00eens\u0103 un obstacol politic. De\u0219i nu mai este oficial membru al PNL, Nazare ar putea avea nevoie de un vot formal \u00een forurile de conducere ale partidului pentru a putea fi sus\u021binut pentru func\u021bia de premier. O astfel de procedur\u0103 pare pu\u021bin probabil\u0103 \u00een actualul context, dup\u0103 ce PNL a decis s\u0103 nu refac\u0103 alian\u021ba cu PSD.<\/p>\n<p>publicitate&#8221;); background-position: center center; background-repeat: no-repeat;&#8221;&gt;<\/p>\n<p>Social-democra\u021bii sunt \u00eens\u0103 deschi\u0219i \u0219i unei alte variante, care ar avea \u0219i sus\u021binerea pre\u0219edintelui Nicu\u0219or Dan. Este vorba despre europarlamentarul Eugen Tomac, consilier onorific al \u0219efului statului, care ar putea primi din nou mandatul de a \u00eencerca formarea unui guvern. Acesta ar urma s\u0103 conduc\u0103 un guvern PSD din care unul sau dou\u0103 ministere &#8211; Externe \u0219i Ap\u0103rare &#8211; i-ar reveni pre\u0219edintelui Nicu\u0219or Dan.<\/p>\n<p>La prima desemnare, Tomac \u0219i-a depus mandatul dup\u0103 ce a devenit clar c\u0103 nu poate ob\u021bine sus\u021binerea necesar\u0103 \u00een Parlament. De aceast\u0103 dat\u0103, \u00eens\u0103, contextul politic este diferit, iar surse politice sus\u021bin c\u0103 \u0219ansele ca europarlamentarul s\u0103 formeze un Executiv ar fi mai mari.<\/p>\n<p> UDMR ar putea face parte din Guvern <\/p>\n<p>Principalul argument pentru aceast\u0103 variant\u0103 \u021bine de configura\u021bia votului din Parlament. Printre parlamentarii care ar putea sus\u021bine \u00eenvestirea unui guvern condus de Eugen Tomac s-ar num\u0103ra \u0219i cei ai UDMR, ceea ce ar cre\u0219te \u0219ansele form\u0103rii unei majorit\u0103\u021bi.<\/p>\n<p>Vicepremierul interimar Tanczos Barna a l\u0103sat de \u00een\u021beles, \u00eentr-o interven\u021bie la B1 TV, c\u0103 UDMR ar putea contribui la \u00eenvestirea unui guvern sus\u021binut de PSD \u0219i nu a exclus nici participarea forma\u021biunii la viitorul Executiv.<\/p>\n<p>\u201eAm spus de la bun \u00eenceput c\u0103 la noi singura linie ro\u0219ie este o excludere a unei colabor\u0103ri cu AUR. Deci \u00een orice variant\u0103, nici un guvern minoritar care e sus\u021binut de AUR nu o s\u0103 fie sus\u021binut de UDMR. \u00cen rest, \u00eencerc\u0103m \u0219i noi s\u0103 fim un fel de catalizator, s\u0103 \u00eencerc\u0103m s\u0103 mediem, \u00eencerc\u0103m s\u0103 venim cu variante alternative\u201d, a declarat liderul UDMR, joi, la B1 TV.\u00a0<\/p>\n<p>publicitate&#8221;); background-position: center center; background-repeat: no-repeat;&#8221;&gt;<\/p>\n<p>R\u0103m\u00e2ne \u00eens\u0103 problema aritmeticii parlamentare. PSD are \u00een prezent 127 de parlamentari, UDMR \u2013 31, iar grupul minorit\u0103\u021bilor na\u021bionale \u2013 17. La acest nucleu s-ar putea ad\u0103uga cei 18 parlamentari din grupul Uni\u021bi pentru Rom\u00e2nia, controlat de Victor Ponta, precum \u0219i cei \u0219apte ale\u0219i din grupul PACE. Un sprijin suplimentar ar putea veni \u0219i din a aproximativ 20 de parlamentari liberali din gruparea \u201epuci\u0219tilor\u201d.\u00a0<\/p>\n<p>\u00cen aceast\u0103 configura\u021bie, o eventual\u0103 majoritate ar ajunge la aproximativ 220 de parlamentari, cu 13 voturi sub pragul de 233 necesar pentru \u00eenvestirea Guvernului. Prin urmare, voturile pentru un nou Executiv ar urma s\u0103 depind\u0103 \u00een continuare de pozi\u021bionarea AUR, SOS \u0219i POT.<\/p>\n<p> \\n  const _iprc = performance.now();\\n\\u003C\/script>\\n\\n\\u003Cscript class=\\&#8221;optanon-category-C0004\\&#8221; type=\\&#8221;text\/plain\\&#8221;>\\nconsole.log(\\&#8221;*** cookieconsent done:\\&#8221;, Math.round(performance.now() &#8211; _iprc) \/ 1000);\\n  gtag(&#8216;event&#8217;, &#8216;cookieconsent&#8217;, {\\n    name: &#8216;load&#8217;,\\n    value: Math.round(performance.now() &#8211; _iprc) \/ 1000\\n  });\\n\\u003C\/script>\\n\\u003C!&#8211; END PERFORMANCE COOKIE PRO &#8211;>\\n\\n{{#unless context.ads_disabled}}\\n\\n\\u003Cscript class=\\&#8221;optanon-category-C0004\\&#8221; type=\\&#8221;text\/plain\\&#8221; src=\\&#8221;\/\/a.teads.tv\/page\/99553\/tag\\&#8221; async=\\&#8221;true\\&#8221;>\\u003C\/script>\\n{{\/unless}}\\n\\n\\u003Cdiv data-ad=\\&#8221;adevarul.ro_728x90_sticky_display_bottom_adevarul_bottom_center_leaderboard\\&#8221; data-devices=\\&#8221;m:0,t:1,d:1\\&#8221;   class=\\&#8221;demand-supply\\&#8221;>\\u003C\/div>\\n\\n{{#if context.content}}\\n\\n{{#unless context.ads_disabled}}\\n\\u003Cscript class=\\&#8221;optanon-category-C0004\\&#8221; type=\\&#8221;text\/plain\\&#8221; src=\\&#8221;https:\/\/cnt.trvdp.com\/js\/1544\/6545.js\\&#8221;>\\u003C\/script>\\n{{\/unless}}\\n\\n\\n{{\/if}}\\n\\n\\n&#8221;,&#8221;html_mobile&#8221;:&#8221;\\n\\n\\n\\u003C!&#8211; CHECK PERFORMANCE COOKIE PRO &#8211;>\\n\\u003Cscript>\\n  const _iprc = performance.now();\\n\\u003C\/script>\\n\\n\\u003Cscript class=\\&#8221;optanon-category-C0004\\&#8221; type=\\&#8221;text\/plain\\&#8221;>\\nconsole.log(\\&#8221;*** cookieconsent done:\\&#8221;, Math.round(performance.now() &#8211; _iprc) \/ 1000);\\n  gtag(&#8216;event&#8217;, &#8216;cookieconsent&#8217;, {\\n    name: &#8216;load&#8217;,\\n    value: Math.round(performance.now() &#8211; _iprc) \/ 1000\\n  });\\n\\u003C\/script>\\n\\u003C!&#8211; END PERFORMANCE COOKIE PRO &#8211;>\\n\\n{{#unless context.ads_disabled}}\\n\\n\\n\\u003Cscript\\n  class=\\&#8221;optanon-category-C0004\\&#8221;\\n  type=\\&#8221;text\/plain\\&#8221;\\n  src=\\&#8221;\/\/a.teads.tv\/page\/99553\/tag\\&#8221;\\n  async=\\&#8221;true\\&#8221;\\n>\\u003C\/script>\\n\\n{{\/unless}} \\n\\n\\u003Cdiv\\n  data-ad=\\&#8221;adevarul.ro_sticky_mobile_bottom\\&#8221;\\n  data-devices=\\&#8221;m:1,t:0,d:0\\&#8221;\\n  class=\\&#8221;demand-supply\\&#8221;\\n>\\u003C\/div>\\n\\n{{#if context.content}} \\n\\n\\n{{#unless context.ads_disabled}}\\n\\u003Cscript class=\\&#8221;optanon-category-C0004\\&#8221; type=\\&#8221;text\/plain\\&#8221; src=\\&#8221;https:\/\/cnt.trvdp.com\/js\/1544\/6545.js\\&#8221;>\\u003C\/script>\\n{{\/unless}}\\n\\n{{\/if}}\\n\\n&#8221;},&#8221;updated_at&#8221;:&#8221;2025-11-01T11:31:21.462Z&#8221;},&#8221;AdPosition_head&#8221;:{&#8222;data&#8221;:{&#8222;custom_fields&#8221;:{},&#8221;for_desktop&#8221;:true,&#8221;for_mobile&#8221;:true,&#8221;html_desktop&#8221;:&#8221;\\u003Cmeta name=\\&#8221;profitshareid\\&#8221; content=\\&#8221;934cd37887433d585a2a227ef0576fcc\\&#8221; \/>\\n\\n\\n\\n{{#unless context.ads_disabled}}\\n\\n\\n{{#if context.content}}\\n\\u003Cscript type=\\&#8221;text\/plain\\&#8221; class=\\&#8221;optanon-category-C0004\\&#8221; src=\\&#8221;https:\/\/jsc.mgid.com\/site\/960965.js\\&#8221; async>\\u003C\/script>\\n\\n\\n\\u003Cscript type=\\&#8221;text\/plain\\&#8221; class=\\&#8221;optanon-category-C0004\\&#8221;>\\n  (function () {\\n    if (document.location.pathname.indexOf(&#8222;https:\/\/adevarul.ro\/ghid-de-cumparaturi&#8221;) === 0) {\\n      return;\\n    }\\n\\n    const s = document.createElement(\\&#8221;script\\&#8221;);\\n    s.src = \\&#8221;https:\/\/srv.divee.ai\/storage\/v1\/object\/public\/sdk\/divee.sdk.latest.js\\&#8221;;\\n    s.setAttribute(\\&#8221;data-project-id\\&#8221;, \\&#8221;4428864e-2da6-4fef-a83c-c16c2dfe86d9\\&#8221;);\\n    s.async = true;\\n    document.head.appendChild(s);\\n  })();\\n\\u003C\/script>\\n\\n\\n\\n\\n\\n{{\/if}}\\n\\n\\u003Cscript>\\n  window.teads_analytics = window.teads_analytics || {};\\n  window.teads_analytics.analytics_tag_id = \\&#8221;PUB_26459\\&#8221;;\\n  window.teads_analytics.share = window.teads_analytics.share || function() {\\n    ;(window.teads_analytics.shared_data = window.teads_analytics.shared_data || []).push(arguments)\\n  };\\n\\u003C\/script>\\n\\u003Cscript type=\\&#8221;text\/plain\\&#8221; class=\\&#8221;optanon-category-C0004\\&#8221; src=\\&#8221;https:\/\/a.teads.tv\/analytics\/tag.js\\&#8221;>\\u003C\/script>\\n\\n\\n{{#unless context.features.nolivesupply}}\\n\\u003Cscript async data-cfasync=\\&#8221;false\\&#8221; type=\\&#8221;text\/plain\\&#8221; class=\\&#8221;optanon-category-C0004\\&#8221; src=\\&#8221;https:\/\/live.demand.supply\/up.js\\&#8221;>\\u003C\/script>\\n{{\/unless}}\\n\\n\\u003Cscript type=\\&#8221;text\/plain\\&#8221; class=\\&#8221;optanon-category-C0004\\&#8221; src=\\&#8221;https:\/\/pagead2.googlesyndication.com\/pagead\/js\/adsbygoogle.js?client=ca-pub-3345426167175409\\&#8221; crossorigin=\\&#8221;anonymous\\&#8221;>\\u003C\/script>\\n\\n \\u003Cscript type=\\&#8221;text\/plain\\&#8221; class=\\&#8221;optanon-category-C0004\\&#8221; src=\\&#8221;https:\/\/terrific.live\/terrific-sdk.js\\&#8221; storeid=\\&#8221;iN6X0VPTDIicsVPKX6p0\\&#8221;>\\u003C\/script>\\n\\n{{\/unless}}\\n\\n\\u003Cstyle>\\n.google-adposition > div {\\n  flex-grow: 1;\\n}\\n\\n.google-adposition:has(iframe) {\\n    background-image: none !important;\\n}\\n\\n.menu-fixed .menu .headContainer .google-auto-placed {\\n    display: none;\\n}\\n\\narticle header .title .google-auto-placed {\\n    display: none;\\n}\\n\\n#onetrust-banner-sdk #onetrust-accept-btn-handler {\\n        margin-bottom: 10px;\\n    }\\n\\n    #onetrust-banner-sdk #onetrust-reject-all-handler {\\n        visibility: hidden;\\n    }\\n\\n\\u003C\/style>\\n\\n \\u003C!&#8211; Facebook Pixel Code &#8211;>\\u003Cscript type=\\&#8221;text\/plain\\&#8221; class=\\&#8221;optanon-category-C0002\\&#8221;>!function(f,b,e,v,n,t,s){if(f.fbq)return;n=f.fbq=function(){n.callMethod?n.callMethod.apply(n,arguments):n.queue.push(arguments)};if(!f._fbq)f._fbq=n;n.push=n;n.loaded=!0;n.version=&#8217;2.0&#8242;;n.queue=[];t=b.createElement(e);t.async=!0;t.src=v;s=b.getElementsByTagName(e)[0];s.parentNode.insertBefore(t,s)}(window,document,&#8217;script&#8217;,&#8217;https:\/\/connect.facebook.net\/en_US\/fbevents.js&#8217;); fbq(&#8216;init&#8217;, &#8216;1346397800155390&#8217;); fbq(&#8216;track&#8217;, &#8216;PageView&#8217;);\\u003C\/script>\\u003Cnoscript> \\u003Cimg height=\\&#8221;1\\&#8221; width=\\&#8221;1\\&#8221; src=\\&#8221;https:\/\/www.facebook.com\/tr?id=1346397800155390&#038;ev=PageView&#038;noscript=1\\&#8221;\/>\\u003C\/noscript>\\u003C!&#8211; End Facebook Pixel Code &#8211;>\\n\\n\\u003C!&#8211; alternativeAds &#8211;>\\n&#8221;,&#8221;html_mobile&#8221;:&#8221;\\u003Cmeta name=\\&#8221;profitshareid\\&#8221; content=\\&#8221;934cd37887433d585a2a227ef0576fcc\\&#8221; \/>\\n\\n\\n{{#unless context.ads_disabled}}\\n\\n{{#if context.content}}\\n\\u003Cscript type=\\&#8221;text\/plain\\&#8221; class=\\&#8221;optanon-category-C0004\\&#8221; src=\\&#8221;https:\/\/jsc.mgid.com\/site\/960965.js\\&#8221; async>\\u003C\/script>\\n\\n\\u003Cscript type=\\&#8221;text\/plain\\&#8221; class=\\&#8221;optanon-category-C0004\\&#8221;>\\n  (function () {\\n    if (document.location.pathname.indexOf(&#8222;https:\/\/adevarul.ro\/ghid-de-cumparaturi&#8221;) === 0) {\\n      return;\\n    }\\n\\n    const s = document.createElement(\\&#8221;script\\&#8221;);\\n    s.src = \\&#8221;https:\/\/srv.divee.ai\/storage\/v1\/object\/public\/sdk\/divee.sdk.latest.js\\&#8221;;\\n    s.setAttribute(\\&#8221;data-project-id\\&#8221;, \\&#8221;4428864e-2da6-4fef-a83c-c16c2dfe86d9\\&#8221;);\\n    s.async = true;\\n    document.head.appendChild(s);\\n  })();\\n\\u003C\/script>\\n\\n{{\/if}}\\n\\n\\u003Cscript>\\n  window.teads_analytics = window.teads_analytics || {};\\n  window.teads_analytics.analytics_tag_id = \\&#8221;PUB_26459\\&#8221;;\\n  window.teads_analytics.share = window.teads_analytics.share || function() {\\n    ;(window.teads_analytics.shared_data = window.teads_analytics.shared_data || []).push(arguments)\\n  };\\n\\u003C\/script>\\n\\u003Cscript type=\\&#8221;text\/plain\\&#8221; class=\\&#8221;optanon-category-C0004\\&#8221; src=\\&#8221;https:\/\/a.teads.tv\/analytics\/tag.js\\&#8221;>\\u003C\/script>\\n\\n{{#unless context.features.nolivesupply}}\\n\\u003Cscript async data-cfasync=\\&#8221;false\\&#8221; type=\\&#8221;text\/plain\\&#8221; class=\\&#8221;optanon-category-C0004\\&#8221; src=\\&#8221;https:\/\/live.demand.supply\/up.js\\&#8221;>\\u003C\/script>\\n{{\/unless}}\\n\\n\\u003Cscript type=\\&#8221;text\/plain\\&#8221; class=\\&#8221;optanon-category-C0004\\&#8221; src=\\&#8221;https:\/\/terrific.live\/terrific-sdk.js\\&#8221; storeid=\\&#8221;iN6X0VPTDIicsVPKX6p0\\&#8221;>\\u003C\/script>\\n\\n{{\/unless}}\\n\\u003Cstyle>\\n\\n.google-adposition:has(iframe) {\\n    background-image: none !important;\\n}\\n\\n.menu-fixed .menu .headContainer .google-auto-placed {\\n    display: none;\\n}\\n\\narticle header .title .google-auto-placed {\\n    display: none;\\n}\\n\\n#onetrust-banner-sdk #onetrust-accept-btn-handler {\\n        margin-bottom: 10px;\\n    }\\n\\n    #onetrust-banner-sdk #onetrust-reject-all-handler {\\n        visibility: hidden;\\n    }\\n\\u003C\/style>\\n&#8221;},&#8221;updated_at&#8221;:&#8221;2026-07-22T15:44:05.196Z&#8221;}},&#8221;last_changed&#8221;:&#8221;2026-08-29T07:13:10.400Z&#8221;,&#8221;page&#8221;:{&#8222;created_at&#8221;:&#8221;2026-08-19T18:57:11.447Z&#8221;,&#8221;created_by&#8221;:1,&#8221;custom_fields&#8221;:{},&#8221;domain&#8221;:&#8221;adevarul.ro&#8221;,&#8221;id&#8221;:99,&#8221;last_published_at&#8221;:&#8221;2026-08-19T18:57:12.918Z&#8221;,&#8221;name&#8221;:&#8221;Content layout (article)&#8221;,&#8221;published&#8221;:1,&#8221;s3_hash&#8221;:&#8221;a5e0764cf3bce051367545eab1538b4619e8ecb9&#8243;,&#8221;slug&#8221;:null,&#8221;title&#8221;:&#8221;Content layout&#8221;,&#8221;type&#8221;:&#8221;layout&#8221;,&#8221;updated_at&#8221;:&#8221;2022-07-21T08:27:20.732Z&#8221;,&#8221;version_id&#8221;:271},&#8221;path&#8221;:&#8221;\/stiri-interne\/surse-eugen-tomac-favorit-sa-fie-desemnat-din-nou-2552625.html&#8221;,&#8221;pathArray&#8221;:[&#8222;&#8221;,&#8221;stiri-interne&#8221;,&#8221;surse-eugen-tomac-favorit-sa-fie-desemnat-din-nou-2552625.html&#8221;],&#8221;type&#8221;:&#8221;content&#8221;,&#8221;url&#8221;:&#8221;https:\/\/adevarul.ro\/stiri-interne\/surse-eugen-tomac-favorit-sa-fie-desemnat-din-nou-2552625.html&#8221;,&#8221;features&#8221;:{},&#8221;query&#8221;:{},&#8221;domain_config&#8221;:{&#8222;MISC&#8221;:{&#8222;logo&#8221;:{&#8222;width&#8221;:320,&#8221;height&#8221;:50}},&#8221;SYSTEM_TAGS&#8221;:[&#8222;noads&#8221;,&#8221;nocomments&#8221;,&#8221;sex&#8221;,&#8221;advert&#8221;,&#8221;advertorial&#8221;,&#8221;video&#8221;,&#8221;galerie&#8221;,&#8221;live&#8221;,&#8221;foto&#8221;,&#8221;exclusiv&#8221;,&#8221;analiza&#8221;,&#8221;interviu&#8221;,&#8221;reportaj&#8221;,&#8221;breaking news&#8221;],&#8221;default&#8221;:{&#8222;lang&#8221;:&#8221;ro&#8221;,&#8221;domain&#8221;:&#8221;adevarul.ro&#8221;,&#8221;alternateDomain&#8221;:&#8221;adevarul-ro.adh.reperio.news&#8221;,&#8221;friendlyName&#8221;:&#8221;Adev\u0103rul&#8221;,&#8221;logoURL&#8221;:&#8221;https:\/\/adevarul.ro\/favicon-144-precomposed.png&#8221;}},&#8221;client&#8221;:{&#8222;is_mobile&#8221;:false}}<\/p>\n","protected":false},"excerpt":{"rendered":"Pre\u0219edintele Nicu\u0219or Dan va convoca, s\u0103pt\u0103m\u00e2na viitoare, partidele politice la consult\u0103ri pentru o nou\u0103 desemnare a premierului. Potrivit&hellip;\n","protected":false},"author":2,"featured_media":279568,"comment_status":"","ping_status":"","sticky":false,"template":"","format":"standard","meta":{"footnotes":"","_share_on_mastodon":"0"},"categories":[10],"tags":[32,33,31,13162,49580,12094,36,37,60430,27,34,35,25,358,1123,41,40,38,39,26,28,29,30],"class_list":["post-279567","post","type-post","status-publish","format-standard","has-post-thumbnail","category-romania","tag-breaking-news","tag-breakingnews","tag-cele-mai-populare-subiecte","tag-cotroceni","tag-criza-politica-2026","tag-eugen-tomac","tag-featured-news","tag-featurednews","tag-formare-guvern","tag-headlines","tag-latest-news","tag-latestnews","tag-news","tag-nicusor-dan","tag-psd","tag-ro","tag-romana","tag-romania","tag-romanian","tag-stiri","tag-titluri","tag-top-stories","tag-topstories"],"share_on_mastodon":{"url":"https:\/\/pubeurope.com\/@ro\/117177613808407316","error":""},"_links":{"self":[{"href":"https:\/\/www.europesays.com\/ro\/wp-json\/wp\/v2\/posts\/279567","targetHints":{"allow":["GET"]}}],"collection":[{"href":"https:\/\/www.europesays.com\/ro\/wp-json\/wp\/v2\/posts"}],"about":[{"href":"https:\/\/www.europesays.com\/ro\/wp-json\/wp\/v2\/types\/post"}],"author":[{"embeddable":true,"href":"https:\/\/www.europesays.com\/ro\/wp-json\/wp\/v2\/users\/2"}],"replies":[{"embeddable":true,"href":"https:\/\/www.europesays.com\/ro\/wp-json\/wp\/v2\/comments?post=279567"}],"version-history":[{"count":0,"href":"https:\/\/www.europesays.com\/ro\/wp-json\/wp\/v2\/posts\/279567\/revisions"}],"wp:featuredmedia":[{"embeddable":true,"href":"https:\/\/www.europesays.com\/ro\/wp-json\/wp\/v2\/media\/279568"}],"wp:attachment":[{"href":"https:\/\/www.europesays.com\/ro\/wp-json\/wp\/v2\/media?parent=279567"}],"wp:term":[{"taxonomy":"category","embeddable":true,"href":"https:\/\/www.europesays.com\/ro\/wp-json\/wp\/v2\/categories?post=279567"},{"taxonomy":"post_tag","embeddable":true,"href":"https:\/\/www.europesays.com\/ro\/wp-json\/wp\/v2\/tags?post=279567"}],"curies":[{"name":"wp","href":"https:\/\/api.w.org\/{rel}","templated":true}]}}