{"id":279727,"date":"2026-08-29T10:09:14","date_gmt":"2026-08-29T10:09:14","guid":{"rendered":"https:\/\/www.europesays.com\/ro\/279727\/"},"modified":"2026-08-29T10:09:14","modified_gmt":"2026-08-29T10:09:14","slug":"debut-entuziasmant-pentru-nationala-romaniei-condusa-de-antrenorul-de-la-chicago-bulls","status":"publish","type":"post","link":"https:\/\/www.europesays.com\/ro\/279727\/","title":{"rendered":"Debut entuziasmant pentru na\u021bionala Rom\u00e2niei condus\u0103 de antrenorul de la Chicago Bulls"},"content":{"rendered":"<p>Vineri, 28 August 2026, ora 11:55<\/p>\n<p>1090 citiri<\/p>\n<p><a class=\"news__image\" data-href=\"https:\/\/s2.ziareromania.ro\/?mmid=a638f56b296487405f\" data-size=\"408x283\" title=\"Debut entuziasmant pentru na\u021bionala Rom\u00e2niei condus\u0103 de antrenorul de la Chicago Bulls\"><img decoding=\"async\" src=\"https:\/\/www.europesays.com\/ro\/wp-content\/uploads\/2026\/08\/Debut-entuziasmant-pentru-na--ionala-Rom--niei-condus---de-antrenorul-de-la-Chicago-Bulls.jpg\" alt=\"Debut entuziasmant pentru na\u021bionala Rom\u00e2niei condus\u0103 de antrenorul de la Chicago Bulls\" title=\"Debut entuziasmant pentru na\u021bionala Rom\u00e2niei condus\u0103 de antrenorul de la Chicago Bulls\" class=\"img-responsive\"\/><\/a><\/p>\n<p>Rom\u00e2nia a \u00eenvins Danemarca FOTO FIBA<\/p>\n<p>Na\u021bionala masculin\u0103 de <a href=\"https:\/\/ziare.com\/sporturi\/baschet\/\" title=\"baschet\" rel=\"nofollow noopener\" target=\"_blank\">baschet<\/a> a Rom\u00e2niei a \u00eenvins joi, \u00een deplasare, reprezentativa Danemarcei, scor 89-78 (38-33), \u00een primul meci din grupa D a precalific\u0103rilor EuroBasket 2029, turul 2. A fost primul meci oficial pe banca tricolor\u0103 a antrenorului Jonah Herscu, secund la Chicago Bulls, numit \u00een func\u021bie de FRB \u00een aceast\u0103 lun\u0103.<\/p>\n<p>Pentru Rom\u00e2nia au marcat Russell 34 puncte, Diculescu 17, Nicolescu 14, Kuti 7, C\u0103\u021be 6, M\u0103ciuc\u0103 4, Toh\u0103tan 3, U\u021b\u0103 2, Lungu 2, iar de la gazde s-au remarcat Dibba 21 \u0219i Lundberg 15.<\/p>\n<p>Urm\u0103toarea partid\u0103 pentru tricolori va avea loc duminic\u0103, la Tulcea, cu Bulgaria. Celelalte dispute din grupa D pentru Rom\u00e2nia vor avea loc \u00een 29 noiembrie, cu returul cu Danemarca, respectiv \u00een 25 februarie 2027, \u00een deplasare, cu Bulgaria.<\/p>\n<p>Doar prima clasat\u0103 se calific\u0103 direct \u00een preliminariile EuroBasket 2029, \u00een timp ce forma\u021biile de pe locurile 2-3 mai au o \u0219ans\u0103 \u00een turul 3 al precalific\u0103rilor.<\/p>\n<p>Turneul final al EuroBasket 2029 va avea loc \u00een Estonia, Grecia, Slovenia \u0219i Spania.<\/p>\n<p>De\u021bin\u0103toarea titlului continental este Germania.<\/p>\n<p>\u021ai-a pl\u0103cut articolul?<\/p>\n<p> Vrem s\u0103 producem mai multe, \u00eens\u0103 avem nevoie de sus\u021binerea ta. Orice dona\u021bie conteaz\u0103 pentru jurnalismul independent <\/p>\n","protected":false},"excerpt":{"rendered":"Vineri, 28 August 2026, ora 11:55 1090 citiri Rom\u00e2nia a \u00eenvins Danemarca FOTO FIBA Na\u021bionala masculin\u0103 de baschet&hellip;\n","protected":false},"author":2,"featured_media":279728,"comment_status":"","ping_status":"","sticky":false,"template":"","format":"standard","meta":{"footnotes":"","_share_on_mastodon":"0"},"categories":[20],"tags":[351,5311,11788,72007,1033,41,40,38,39,185,184],"class_list":["post-279727","post","type-post","status-publish","format-standard","has-post-thumbnail","category-sport","tag-antrenor","tag-baschet","tag-chicago-bulls","tag-jonah-herscu","tag-nationala","tag-ro","tag-romana","tag-romania","tag-romanian","tag-sport","tag-sports"],"share_on_mastodon":{"url":"https:\/\/pubeurope.com\/@ro\/117178254595798648","error":""},"_links":{"self":[{"href":"https:\/\/www.europesays.com\/ro\/wp-json\/wp\/v2\/posts\/279727","targetHints":{"allow":["GET"]}}],"collection":[{"href":"https:\/\/www.europesays.com\/ro\/wp-json\/wp\/v2\/posts"}],"about":[{"href":"https:\/\/www.europesays.com\/ro\/wp-json\/wp\/v2\/types\/post"}],"author":[{"embeddable":true,"href":"https:\/\/www.europesays.com\/ro\/wp-json\/wp\/v2\/users\/2"}],"replies":[{"embeddable":true,"href":"https:\/\/www.europesays.com\/ro\/wp-json\/wp\/v2\/comments?post=279727"}],"version-history":[{"count":0,"href":"https:\/\/www.europesays.com\/ro\/wp-json\/wp\/v2\/posts\/279727\/revisions"}],"wp:featuredmedia":[{"embeddable":true,"href":"https:\/\/www.europesays.com\/ro\/wp-json\/wp\/v2\/media\/279728"}],"wp:attachment":[{"href":"https:\/\/www.europesays.com\/ro\/wp-json\/wp\/v2\/media?parent=279727"}],"wp:term":[{"taxonomy":"category","embeddable":true,"href":"https:\/\/www.europesays.com\/ro\/wp-json\/wp\/v2\/categories?post=279727"},{"taxonomy":"post_tag","embeddable":true,"href":"https:\/\/www.europesays.com\/ro\/wp-json\/wp\/v2\/tags?post=279727"}],"curies":[{"name":"wp","href":"https:\/\/api.w.org\/{rel}","templated":true}]}}