{"id":279791,"date":"2026-08-29T11:12:19","date_gmt":"2026-08-29T11:12:19","guid":{"rendered":"https:\/\/www.europesays.com\/ro\/279791\/"},"modified":"2026-08-29T11:12:19","modified_gmt":"2026-08-29T11:12:19","slug":"cristi-chivu-fenomen-mental-de-ce-e-esential-antrenorul-lui-inter-ce-aduce-vestiarului-din-prima-zi-in-viziunea-unui-jucator","status":"publish","type":"post","link":"https:\/\/www.europesays.com\/ro\/279791\/","title":{"rendered":"\u201eCristi Chivu, fenomen mental\u201d. De ce e esen\u021bial antrenorul lui Inter. Ce aduce vestiarului din prima zi \u00een viziunea unui juc\u0103tor"},"content":{"rendered":"<ul class=\"bullets\">&#13;<\/p>\n<li>Cristi Chivu, 45 de ani, campion \u0219i c\u00e2\u0219tig\u0103tor al Cupei Italiei sezonul trecut, vrea s\u0103 repete eventul \u0219i \u00een noua stagiune.\u00a0<\/li>\n<p>&#13;<br \/>\n&#13;<\/p>\n<li>Cum \u00eel descrie un juc\u0103tor pe antrenorul lui Inter Milano.\u00a0Ce l-a impresionat cu adev\u0103rat la Chivu. <\/li>\n<p>&#13;\n<\/ul>\n<p><a id=\"google-source-button\" class=\"google-favorite\" target=\"_blank\" href=\"https:\/\/www.google.com\/preferences\/source?q=golazo.ro\" rel=\"nofollow noopener\"><\/p>\n<p>        <img loading=\"lazy\" decoding=\"async\" src=\"https:\/\/golazo.ro\/images\/google-logo.svg\" alt=\"\" width=\"24\" height=\"24\"\/><br \/>\n        <img loading=\"lazy\" decoding=\"async\" src=\"https:\/\/golazo.ro\/images\/check-icon-2.svg\" alt=\"\" width=\"24\" height=\"24\"\/><\/p>\n<p>    Adaug\u0103 GOLAZO.ro la favorite<\/p>\n<p><\/a><\/p>\n<p class=\"\">\u00cenaintea sezonului intern spectaculos \u00een Italia cu Inter Milano, Cristi Chivu a debutat ca antrenor \u00een fotbalul profesionist la Parma. <\/p>\n<p class=\"\">O misiune dificil\u0103 la startul carierei sale \u00een Serie A. S\u0103 evite retrogradarea, s\u0103 salveze o echip\u0103 aflat\u0103 \u00eentr-o situa\u021bie periculoas\u0103, pe marginea pr\u0103pastiei, \u00een zona ro\u0219ie a clasamentului. <\/p>\n<p>\u201eChivu \u00ee\u021bi intr\u0103 sub piele. A adus o energie incredibil\u0103\u201d<\/p>\n<p class=\"\">Nu avea prea mult timp s\u0103 cunoasc\u0103 juc\u0103torii \u0219i s\u0103-i fac\u0103 s\u0103 evolueze a\u0219a cum voia el. <\/p>\n<p class=\"\">A fost numit la Parma pe 18 februarie 2025 \u0219i campionatul se \u00eencheia pe 24 mai. Fix 96 de zile, pu\u021bin mai mult de trei luni. <\/p>\n<p class=\"\">La final, echipa \u201ecrucia\u021bilor\u201d era salvat\u0103. <\/p>\n<p>11 puncte <\/p>\n<p>\u0219i 5 locuri a avut Parma deasupra primei echipe aflate sub linia retrograd\u0103rii cu Chivu antrenor, \u00een 2024-2025<\/p>\n<p class=\"\">Unul dintre juc\u0103torii care \u00eenc\u0103 e la Parma l-a descris \u00eentr-un mod special pe Chivu. <\/p>\n<p class=\"\">\u201e\u00ce\u021bi intr\u0103 sub piele. \u00cenc\u0103 de la primul antrenament, a adus o energie incredibil\u0103\u201d, a declarat pentru Tuttosport spaniolul Adrian Bernabe. <\/p>\n<p>        <img decoding=\"async\" src=\"https:\/\/www.europesays.com\/ro\/wp-content\/uploads\/2026\/08\/da20f551-1de5-48be-aa75-a9323eeac831.webp\" alt=\"Adrian Bernabe (st\u00e2nga), mijloca\u0219ul central al Parmei n\u0103scut \u00een Barcelona. Foto: Imago\" width=\"684\" height=\"879\" class=\"blur\" loading=\"lazy\"\/><br \/>\n        <img decoding=\"async\" src=\"https:\/\/golazo.ro\/storage\/2026-08-29\/484747\/da20f551-1de5-48be-aa75-a9323eeac831\" alt=\"Adrian Bernabe (st\u00e2nga), mijloca\u0219ul central al Parmei n\u0103scut \u00een Barcelona. Foto: Imago\" width=\"684\" height=\"879\" class=\"photo-in-article__main\" loading=\"lazy\"\/><\/p>\n<p>            Adrian Bernabe (st\u00e2nga), mijloca\u0219ul central al Parmei n\u0103scut \u00een Barcelona. Foto: Imago<\/p>\n<p class=\"\">Mijloca\u0219ul catalan, 25 de ani, a spus ce l-a impresionat cu adev\u0103rat la Chivu: \u201eE un fenomen la nivel motiva\u021bional \u0219i mental. Nu m\u0103 surprinde c\u0103 reu\u0219e\u0219te lucruri mari\u201d. <\/p>\n<p>Chivu: \u201eCon\u0219tien\u021bi c\u0103 nu putem fi perfec\u021bi \u0219i c\u0103 drumul este lung\u201d<\/p>\n<p class=\"\">La 45 de ani, tehnicianul a \u00eenceput cu 4-1 \u00een fa\u021ba Monzei al doilea sezon la Inter. <\/p>\n<p class=\"\">Vrea repetarea eventului, dar \u0219i s\u0103 avanseze mai mult \u00een Champions League, dup\u0103 eliminarea rapid\u0103 \u0219i nea\u0219teptat\u0103 \u00een 2025-2026 (1-3 \u0219i 1-2 cu Bodo\/Glimt, \u00een play-off). <\/p>\n<p>        <img decoding=\"async\" src=\"https:\/\/www.europesays.com\/ro\/wp-content\/uploads\/2026\/08\/1788001937_111_chivu-inter.jpg\" alt=\"Chivu \u0219i cele dou\u0103 trofee cucerite \u00een 2026 cu Inter. Foto: Imago\" width=\"684\" height=\"879\" class=\"blur\" loading=\"lazy\"\/><br \/>\n        <img decoding=\"async\" src=\"https:\/\/www.europesays.com\/ro\/wp-content\/uploads\/2026\/08\/1788001938_165_chivu-inter.jpg\" alt=\"Chivu \u0219i cele dou\u0103 trofee cucerite \u00een 2026 cu Inter. Foto: Imago\" width=\"684\" height=\"879\" class=\"photo-in-article__main\" loading=\"lazy\"\/><\/p>\n<p>            Chivu \u0219i cele dou\u0103 trofee cucerite \u00een 2026 cu Inter. Foto: Imago<\/p>\n<p class=\"\">\u201eTrebuie s\u0103 \u00eenv\u0103\u021b\u0103m s\u0103 o lu\u0103m meci cu meci, con\u0219tien\u021bi c\u0103 nu putem fi perfec\u021bi \u0219i c\u0103 drumul este lung. S\u0103 men\u021binem un nivel ridicat de competitivitate \u0219i s\u0103 ne p\u0103str\u0103m ambi\u021biile \u00eentr-un sezon plin de provoc\u0103ri\u201d, a aten\u021bionat el la Sky Sport Italia.<\/p>\n<p class=\"\">\u00cen Liga Campionilor, \u00eel a\u0219teapt\u0103 \u00een faza principal\u0103 nu doar Liverpool, ci mai ales Real Madrid, cu Jose Mourinho, antrenorul lui Chivu \u00een faimosul hattrick din 2010 la Inter: Serie A-Coppa Italia-Champions!<\/p>\n<p>    <img decoding=\"async\" src=\"https:\/\/www.europesays.com\/ro\/wp-content\/uploads\/2026\/08\/1788001938_641_whatsapp-image-2026-05-14-at-09-00-41-4.jpeg\" alt=\"Cristi Chivu a c\u00e2\u0219tigat Cupa Italiei cu Inter FOTO Imago\" data-blur=\"https:\/\/www.europesays.com\/ro\/wp-content\/uploads\/2026\/08\/1788001938_641_whatsapp-image-2026-05-14-at-09-00-41-4.jpeg\" width=\"684\" height=\"456\" class=\"blur\" loading=\"lazy\"\/><\/p>\n<p>            <img decoding=\"async\" src=\"https:\/\/www.europesays.com\/ro\/wp-content\/uploads\/2026\/08\/1788001939_984_whatsapp-image-2026-05-14-at-09-00-41-4.jpeg\" loading=\"lazy\" alt=\"Cristi Chivu a c\u00e2\u0219tigat Cupa Italiei cu Inter FOTO Imago\" width=\"684\" height=\"456\"\/><\/p>\n<p>        Galerie foto (5 imagini)<\/p>\n<p>                    <a href=\"https:\/\/golazo.ro\/cristi-chivu-a-castigat-cupa-italiei-cu-inter-foto-imago-174023-g1?articleSource=184709\" class=\"gallery-link\" aria-label=\"Show gallery\" rel=\"nofollow noopener\" target=\"_blank\"><\/p>\n<p>                +5 Foto<br \/>\n            <\/a><\/p>\n<p>    <a href=\"https:\/\/golazo.ro\/cristi-chivu-a-castigat-cupa-italiei-cu-inter-foto-imago-174023-g1\/cristi-chivu-a-castigat-cupa-italiei-cu-inter-foto-imago-433887?articleSource=184709\" class=\"link\" rel=\"nofollow noopener\" target=\"_blank\">labels.photo-gallery<\/a><\/p>\n<p>Cite\u0219te \u0219i<\/p>\n<p>VIDEO: cele mai noi imagini din sport<\/p>\n","protected":false},"excerpt":{"rendered":"&#13; Cristi Chivu, 45 de ani, campion \u0219i c\u00e2\u0219tig\u0103tor al Cupei Italiei sezonul trecut, vrea s\u0103 repete eventul&hellip;\n","protected":false},"author":2,"featured_media":279792,"comment_status":"","ping_status":"","sticky":false,"template":"","format":"standard","meta":{"footnotes":"","_share_on_mastodon":"0"},"categories":[20],"tags":[77165,351,544,1681,112,24149,41,40,38,39,393,185,184],"class_list":["post-279791","post","type-post","status-publish","format-standard","has-post-thumbnail","category-sport","tag-adrian-bernabe","tag-antrenor","tag-cristi-chivu","tag-inter-milano","tag-italia","tag-parma","tag-ro","tag-romana","tag-romania","tag-romanian","tag-serie-a","tag-sport","tag-sports"],"share_on_mastodon":{"url":"https:\/\/pubeurope.com\/@ro\/117178502654221322","error":""},"_links":{"self":[{"href":"https:\/\/www.europesays.com\/ro\/wp-json\/wp\/v2\/posts\/279791","targetHints":{"allow":["GET"]}}],"collection":[{"href":"https:\/\/www.europesays.com\/ro\/wp-json\/wp\/v2\/posts"}],"about":[{"href":"https:\/\/www.europesays.com\/ro\/wp-json\/wp\/v2\/types\/post"}],"author":[{"embeddable":true,"href":"https:\/\/www.europesays.com\/ro\/wp-json\/wp\/v2\/users\/2"}],"replies":[{"embeddable":true,"href":"https:\/\/www.europesays.com\/ro\/wp-json\/wp\/v2\/comments?post=279791"}],"version-history":[{"count":0,"href":"https:\/\/www.europesays.com\/ro\/wp-json\/wp\/v2\/posts\/279791\/revisions"}],"wp:featuredmedia":[{"embeddable":true,"href":"https:\/\/www.europesays.com\/ro\/wp-json\/wp\/v2\/media\/279792"}],"wp:attachment":[{"href":"https:\/\/www.europesays.com\/ro\/wp-json\/wp\/v2\/media?parent=279791"}],"wp:term":[{"taxonomy":"category","embeddable":true,"href":"https:\/\/www.europesays.com\/ro\/wp-json\/wp\/v2\/categories?post=279791"},{"taxonomy":"post_tag","embeddable":true,"href":"https:\/\/www.europesays.com\/ro\/wp-json\/wp\/v2\/tags?post=279791"}],"curies":[{"name":"wp","href":"https:\/\/api.w.org\/{rel}","templated":true}]}}