{"id":280093,"date":"2026-08-29T17:00:17","date_gmt":"2026-08-29T17:00:17","guid":{"rendered":"https:\/\/www.europesays.com\/ro\/280093\/"},"modified":"2026-08-29T17:00:17","modified_gmt":"2026-08-29T17:00:17","slug":"povestea-cuplului-care-a-renuntat-la-oras-pentru-o-casa-cu-gradina-si-fantana-ne-lipsea-atmosfera-cu-care-am-crescut","status":"publish","type":"post","link":"https:\/\/www.europesays.com\/ro\/280093\/","title":{"rendered":"Povestea cuplului care a renun\u021bat la ora\u0219 pentru o cas\u0103 cu gr\u0103din\u0103 \u0219i f\u00e2nt\u00e2n\u0103: \u201eNe lipsea atmosfera cu care am crescut\u201c"},"content":{"rendered":"<p>Dup\u0103 zece ani la Londra \u0219i Ia\u0219i, Ionu\u021b \u0219i Nicoleta Teodera\u0219cu au renun\u021bat la via\u021ba de la ora\u0219 \u0219i s-au mutat la sat, l\u00e2ng\u0103 Ia\u0219i. Cei doi povestesc despre avantajele \u0219i problemele vie\u021bii rurale, de la gr\u0103din\u0103rit \u0219i comunitate la lipsa infrastructurii.<\/p>\n<p> <img decoding=\"async\" src=\"https:\/\/www.europesays.com\/ro\/wp-content\/uploads\/2026\/08\/1788022811_480_index.jpeg\" alt=\"Ionu\u021b \u0219i Nicoleta Teodera\u0219cu au gr\u0103dina plin\u0103 \u00een fiecare var\u0103.\" width=\"1183\" height=\"750\" loading=\"eager\" fetchpriority=\"high\" class=\"svelte-1kfbksm\"\/> <\/p>\n<p>Ionu\u021b \u0219i Nicoleta Teodera\u0219cu au gr\u0103dina plin\u0103 \u00een fiecare var\u0103. Foto: Arhiva personal\u0103<\/p>\n<p>publicitate&#8221;); background-position: center center; background-repeat: no-repeat;&#8221;&gt;<\/p>\n<p>Cei doi au petrecut trei ani la Ia\u0219i pentru studiile de licen\u021b\u0103 \u2013 el a studiat jurnalismul, iar ea managementul turistic. Au plecat apoi la Londra, unde au locuit doi ani pentru masterat. \u00cen perioada petrecut\u0103 \u00een Marea Britanie, distan\u021ba fa\u021b\u0103 de \u021bar\u0103 i-a f\u0103cut s\u0103 resimt\u0103 un dor profund de cas\u0103, de familie \u0219i de via\u021ba de la sat. \u00cen anul 2000, odat\u0103 cu pandemia de COVID-19, au revenit \u00een Rom\u00e2nia. Pe durata primului val de carantin\u0103 \u0219i de restric\u021bii au locuit o lun\u0103 \u0219i jum\u0103tate la sat. Atunci au pus primele lor r\u0103saduri de legume \u0219i au fost cuceri\u021bi iremediabil de via\u021ba rural\u0103. \u201eNe lipsea atmosfera cu care am crescut. Ne-am mutat pentru lini\u0219tea de la sat, pentru gr\u0103din\u0103rit, o pasiune pe care o \u00eemp\u0103rt\u0103\u0219im am\u00e2ndoi, \u0219i pentru plimb\u0103rile \u00een aer liber, pentru natur\u0103\u201c, spune Ionu\u021b.<\/p>\n<p>Odat\u0103 \u00eentor\u0219i acas\u0103, au pus bazele proiectului \u201eDe la sat\u201c, un newsletter pe care-l trimiteau \u00een fiecare duminic\u0103 \u00een care istoriseau pove\u0219tile unor oameni de la sat. \u201eProiectul \u00ee\u0219i are r\u0103d\u0103cinile \u00een nostalgia dup\u0103 satul de alt\u0103dat\u0103 de care-\u0219i aduceau aminte. La Londra a ap\u0103rut dorul fa\u021b\u0103 de cas\u0103, dorul fa\u021b\u0103 de sat, de familie \u0219i am sim\u021bit nevoia de a vedea mai multe imagini de acas\u0103 sau mai multe pove\u0219ti de acas\u0103 din sate\u201c, explic\u0103 Ionu\u021b. <\/p>\n<p> \u00cen c\u0103utarea comunit\u0103\u021bii pierdute <\/p>\n<p>Faptul c\u0103 de aproape trei ani de la \u00eentoarcerea acas\u0103, de\u0219i promovau satul rom\u00e2nesc \u0219i c\u0103l\u0103toreau prin \u021bar\u0103 duminic\u0103 de duminic\u0103 pentru a culege pove\u0219ti, ei locuiau \u00een continuare la bloc, \u00een fostul cartier ie\u0219ean, industrial CUG, i-a f\u0103cut s\u0103 se g\u00e2ndeasc\u0103 \u0219i mai serios la mutare pentru ca proiectul s\u0103 fie 100% autentic. Un factor definitoriu a fost lipsa calit\u0103\u021bii vie\u021bii de la ora\u0219: \u201eNu aveam locuri unde s\u0103 ie\u0219im \u00een aer liber, s\u0103 alerg\u0103m, de exemplu. Ie\u0219eam de dou\u0103-trei ori pe zi pentru c\u0103 \u021bineam la s\u0103n\u0103tatea noastr\u0103 mintal\u0103, dar ne plimbam pe l\u00e2ng\u0103 \u0219antiere, se construiau multe blocuri. St\u0103team pe b\u0103nci \u0219i at\u00e2t&#8230;\u201c, explic\u0103 Ionu\u021b. <\/p>\n<p>publicitate&#8221;); background-position: center center; background-repeat: no-repeat;&#8221;&gt;<\/p>\n<p>\u00cen urm\u0103 cu doi ani au g\u0103sit un anun\u021b imobiliar care i-a f\u0103cut s\u0103 ia decizia cea mare. \u201eAm vrut s\u0103 vedem casa \u0219i a\u0219a am descoperit \u0219i satul. Ne-a pl\u0103cut c\u0103 \u00eenc\u0103 mai ar\u0103ta a sat. Nu e o zon\u0103 suburban\u0103 cu case aliniate \u0219i blocuri \u00eentre case\u201c. Cu banii str\u00e2n\u0219i \u00een urma celor patru ani de munc\u0103 \u00een corpora\u021bii au reu\u0219it s\u0103-\u0219i cumpere o cas\u0103 nou\u0103 \u00een satul Ciurbe\u0219ti, comuna Miroslava, la zece kilometri de Ia\u0219i. Pre\u021bul a fost similar cu al unui apartament \u00een ora\u0219, \u00een jur de 100.000 de euro. Au ales o zon\u0103 apropiat\u0103 de ora\u0219, \u0219i nu s\u0103 se \u00eentoarc\u0103 \u00een satul natal, deoarece prietenii lor locuiesc \u00een ora\u0219 \u0219i sunt lega\u021bi de via\u021ba cultural\u0103 de aici. Un alt motiv esen\u021bial al mut\u0103rii a fost imposibilitatea de a avea parte la bloc de sentimentul de comunitate pe care l-au cunoscut \u00een copil\u0103rie: \u201eAm sim\u021bit c\u0103 la bloc nu putem lega rela\u021bii cu vecinii no\u0219tri, chiar dac\u0103 locuim poate vizavi. Nu e aceea\u0219i conexiune pe care o avem cu s\u0103tenii de aici \u0219i pe care de aproape doi ani de c\u00e2nd ne-am mutat \u00eencerc\u0103m s-o construim con\u0219tient\u201c.<\/p>\n<p>Cei doi tineri \u00ee\u0219i continu\u0103 activit\u0103\u021bile \u00een mediul online \u0219i lucreaz\u0103 la distan\u021b\u0103, \u00eens\u0103 mutarea \u00eentr-un sat din Moldova nu \u00eenseamn\u0103 c\u0103 sunt feri\u021bi de marile evenimente care schimb\u0103 lumea. Nicoleta a fost copywriter pentru o editur\u0103 britanic\u0103 care creeaz\u0103 materiale didactice, dar dezvoltarea AI \u0219i restructur\u0103rile au l\u0103sat-o f\u0103r\u0103 acest loc de munc\u0103. Venirea lui Trump la Casa Alb\u0103 \u0219i decizia lui de a stopa finan\u021barea Europei Libere l-a afectat pe Ionu\u021b, care lucra pe social media pentru redac\u021bia din Rom\u00e2nia a institu\u021biei media americane: \u201eAcum sunt profesor asociat la Facultatea de Litere din Ia\u0219i, specializarea Jurnalism\u201c.<\/p>\n<p> Din gr\u0103dina cu legume  <\/p>\n<p>De\u0219i pe paginile lor de Facebook, Ionu\u021b \u0219i Nicoleta posteaz\u0103 des despre gr\u0103dina lor de legume \u0219i au organizat chiar primele lor atelier de gr\u0103din\u0103rit, ei subliniaz\u0103 c\u0103 nu sunt \u201es\u0103teni 100%\u201c. Gr\u0103dina lor de 120 de metri p\u0103tra\u021bi le asigur\u0103 doar o economie important\u0103 la bugetul pentru alimente; m\u0103n\u00e2nc\u0103 exclusiv legumele pe care le cultiv\u0103 singuri, ro\u0219ii, castrave\u021bi, ardei, salate, vinete \u0219i ceap\u0103. Subliniaz\u0103 c\u0103 activitatea din gr\u0103din\u0103 nu le aduce profit financiar, iar surplusul de recolt\u0103 din v\u00e2rf de sezon \u00eel ofer\u0103 cadou \u2013 aroma co\u0219urilor bogate cu legume, flori \u0219i plante aromatice pe care le preg\u0103tesc pentru prieteni trece de ecrane.<\/p>\n<p>publicitate&#8221;); background-position: center center; background-repeat: no-repeat;&#8221;&gt;<\/p>\n<p><img decoding=\"async\" src=\"https:\/\/www.europesays.com\/ro\/wp-content\/uploads\/2026\/08\/1788022813_0_index.jpeg\" alt=\"La primul atelier de gr\u0103din\u0103rit.\" width=\"1000\" height=\"750\" loading=\"lazy\" class=\"svelte-1kfbksm\"\/> <\/p>\n<p>La primul atelier de gr\u0103din\u0103rit. Foto: Arhiva personal\u0103<\/p>\n<p>Gr\u0103din\u0103ritul este un hobby, o modalitate de deconectare de la device-uri \u0219i o cale de a pune pe mas\u0103 hran\u0103 curat\u0103. Au observat c\u0103 tot mai mul\u021bi tineri sunt interesa\u021bi s\u0103-\u0219i cultive gr\u0103dina \u0219i au organizat un atelier de gr\u0103din\u0103rit. \u201eIdeea este s\u0103 vin\u0103 oameni care sunt pasiona\u021bi, s\u0103 le ar\u0103t\u0103m gr\u0103dina noastr\u0103, s\u0103 le povestim despre legume, despre cum am plantat noi, despre compost, vermicompost, ce r\u0103saduri punem. Oamenii vor s\u0103 \u00eenve\u021be de la fa\u021ba locului neap\u0103rat, nu s\u0103 citeasc\u0103 teorie pe internet\u201c, explic\u0103 Ionu\u021b. Pe l\u00e2ng\u0103 lec\u021biile practice, cei care vin la ateliere se bucur\u0103 \u0219i de pr\u0103jituri f\u0103cute \u00een cas\u0103 de Nicoleta, dup\u0103 re\u021bete tradi\u021bionale adunate din c\u0103l\u0103toriile lor, dar \u0219i de alte preparate de la produc\u0103tori locali din \u021bar\u0103. <\/p>\n<p> Calea lung\u0103 de la hobby la afacere  <\/p>\n<p>Este extrem de dificil din punct de vedere financiar s\u0103 tr\u0103ie\u0219ti exclusiv din agricultur\u0103 la sat. Din experien\u021ba lor \u0219i din discu\u021biile pe care le-au avut cu produc\u0103torii din \u021bar\u0103, ace\u0219tia arat\u0103 c\u0103 o gospod\u0103rie bazat\u0103 doar pe munca p\u0103m\u00e2ntului sau cre\u0219terea animalelor se love\u0219te adesea de probleme constante: \u201eCei care cresc animale au probleme deoarece mereu apare o interdic\u021bie din cauza unor boli. Cu agricultura sunt probleme cu seceta. Mereu apare c\u00e2te ceva, pare c\u0103 mereu calculul financiar nu duce spre profit sau spre o via\u021b\u0103 din care s\u0103 ie\u0219i cu ceva bani, s\u0103 mai po\u021bi tr\u0103i, s\u0103 po\u021bi merge \u00eentr-un concediu, s\u0103 treci de etapa de supravie\u021buire\u201c. <\/p>\n<p>publicitate&#8221;); background-position: center center; background-repeat: no-repeat;&#8221;&gt;<\/p>\n<p>Ei observ\u0103 c\u0103 majoritatea or\u0103\u0219enilor care se mut\u0103 la \u021bar\u0103 \u0219i reu\u0219esc s\u0103 se men\u021bin\u0103 pe linia de plutire apeleaz\u0103 la un model hibrid: p\u0103strarea unei surse sigure de venit pe l\u00e2ng\u0103 agricultur\u0103. \u201eAm fost \u00eentr-un sat din jude\u021bul Hunedoara, unde doi tineri din Timi\u0219oara s-au mutat strict pentru faptul c\u0103 e o zon\u0103 din care pot s\u0103 plece pe trasee montane \u0219i pot s\u0103 fie aproape de natur\u0103 imediat dup\u0103 ce au \u00eenchis laptopul. Dar \u00eenc\u0103 \u00ee\u0219i continu\u0103 lucrul la distan\u021b\u0103\u201c, explic\u0103 Ionu\u021b. Totu\u0219i, ace\u0219tia au deschis \u0219i o afacere: au dou\u0103 c\u0103su\u021be \u00een gr\u0103dina lor pe care le \u00eenchiriaz\u0103 turi\u0219tilor care vin s\u0103 descopere zona Mun\u021bilor Retezat.<\/p>\n<p> <img decoding=\"async\" src=\"https:\/\/www.europesays.com\/ro\/wp-content\/uploads\/2026\/08\/1788022814_877_index.jpeg\" alt=\"\u00cen gr\u0103dina cu legume \u0219i flori.\" width=\"563\" height=\"750\" loading=\"lazy\" class=\"svelte-1kfbksm\"\/> <\/p>\n<p>\u00cen gr\u0103dina cu legume \u0219i flori. Foto: Arhiva personal\u0103<\/p>\n<p>Un vecin de-ai lui Ionu\u021b din jude\u021bul Gala\u021bi s-a mutat din Anglia \u00eenapoi \u00een sat. \u201eMunce\u0219te \u00eempreun\u0103 cu so\u021bia lui, cultiv\u0103 legume \u0219i cresc animale ca s\u0103 poat\u0103 s\u0103 se conecteze cu natura, pentru c\u0103 duceau lips\u0103 de a\u0219a ceva \u00een Anglia, unde aveau un program \u00eenc\u0103rcat. Nu se bazeaz\u0103 exclusiv pe veniturile de aici, ci au un apartament \u00een ora\u0219 pe care \u00eel \u00eenchiriaz\u0103. Deci la fel, avem un mix de venituri\u201c, explic\u0103 Ionu\u0163.  <\/p>\n<p> <a class=\"related-inline svelte-78g0vl\" data-gtrack=\"{&quot;event&quot;:&quot;utm_click&quot;,&quot;data&quot;:{&quot;event_category&quot;:&quot;article_related&quot;}}\" href=\"https:\/\/adevarul.ro\/stiri-locale\/slatina\/vara-de-cosmar-pentru-legumicultori-ca-sa-iau-2548169.html\" title=\"Alt articol de interes pentru tine\" rel=\"nofollow noopener\" target=\"_blank\"> Var\u0103 de co\u0219mar pentru legumicultori. \u201eCa s\u0103 iau 6.000 de lei pe marf\u0103, dau 2.000 doar la cules\u201d  <\/a><\/p>\n<p>Tinerii observ\u0103 c\u0103 agricultura tradi\u021bional\u0103, \u201ea\u0219a cum o f\u0103ceau bunicii\u201c, \u00een care vinzi doar materia prim\u0103 (gr\u00e2ul sau laptele brut), nu mai este viabil\u0103. Cei care reu\u0219esc s\u0103 supravie\u021buiasc\u0103 sunt cei care controleaz\u0103 tot lan\u021bul: cultiv\u0103 gr\u00e2u, \u00eel proceseaz\u0103 \u0219i v\u00e2nd direct produsul finit, p\u00e2ine sau produse de patiserie. Ionu\u021b d\u0103 exemplul fermei C\u0103\u021bean din Bra\u0219ov, care nu ar fi supravie\u021buit dac\u0103 vindea doar laptele brut cu pu\u021bin peste 1 leu pe litru: \u201eUn pre\u021b derizoriu din care nu ar fi ob\u021binut aproape nimic. Succesul se datoreaz\u0103 faptului c\u0103 au investit \u00een procesarea laptelui. Ei produc br\u00e2nz\u0103 \u0219i br\u00e2nzeturi \u0219i mai ieftine, dar \u0219i mai speciale\u201c. V\u00e2nd at\u00e2t la t\u00e2rguri, \u00een magazine proprii, c\u00e2t \u0219i la supermarket. Ferma practic\u0103 agricultura certificat\u0103 ecologic, care produce hran\u0103 curat\u0103 pentru animale, care la r\u00e2ndul lor dau cea mai bun\u0103 materie prim\u0103 pentru br\u00e2nzeturi. \u00cen 2025, ferma a investit 1,4 milioane de euro \u00een utilaje agricole moderne, iar rezultatele nu au \u00eent\u00e2rziat s\u0103 apar\u0103: au primit premii interna\u021bionale, precum Steaua de Aur, pentru br\u00e2nza de burduf, de la Institutul Interna\u021bional pentru Gust \u0219i Calitate de la Bruxelles.<\/p>\n<p>Ionu\u021b Teodera\u0219cu subliniaz\u0103 c\u0103, totu\u0219i, cei care tr\u0103iesc din agricultura procesat\u0103 r\u0103m\u00e2n profund dependen\u021bi de ora\u0219 ca pia\u021b\u0103 de desfacere deoarece supravie\u021buirea lor financiar\u0103 depinde de t\u00e2rgurile urbane \u0219i de disponibilitatea or\u0103\u0219enilor de a pl\u0103ti un pre\u021b corect, chiar dac\u0103 mai ridicat, pentru produse curate \u0219i locale.<\/p>\n<p>publicitate&#8221;); background-position: center center; background-repeat: no-repeat;&#8221;&gt;<\/p>\n<p>Dincolo de nostalgia generat\u0103 de AI <\/p>\n<p>Idilizarea vie\u021bii la sat este o tendin\u021b\u0103 extrem de prezent\u0103 \u00een mediul online pe care creatorii proiectului \u201eDe la sat\u201c o privesc cu un ochi critic. Pe re\u021belele sociale sunt promovate intens post\u0103rile care prezint\u0103 via\u021ba la sat printr-o lentil\u0103 roz, \u00eenso\u021bite de imagini pitore\u0219ti, multe generate cu ajutorul inteligen\u021bei artificiale. \u201eVai, ce frumos e acas\u0103, apusul e frumos, m\u0103n\u00e2nci m\u0103m\u0103lig\u0103 \u0219i totul este bine. Aceste post\u0103ri sunt gustate foarte mult de rom\u00e2nii din diaspora. Nostalgia asta te face s\u0103 vrei s\u0103 te mu\u021bi acas\u0103 \u00een Rom\u00e2nia \u0219i automat s\u0103 asociezi Rom\u00e2nia cu via\u021ba la sat. Dar n-a\u0219 spune c\u0103 \u00een realitate lucrurile se \u00eent\u00e2mpl\u0103 foarte lin\u201c, sus\u021bine Ionu\u021b. Aceste post\u0103ri manipuleaz\u0103 algoritmii re\u021belelor sociale, dar \u0219i min\u021bile oamenilor. \u201eNoi, av\u00e2nd proiectul acesta, suntem militan\u021bi ai scoaterii \u00een eviden\u021b\u0103 a realit\u0103\u021bii: vrem s\u0103 ar\u0103t\u0103m satul cum e acum. Da, \u0219i noi suntem marca\u021bi de copil\u0103rie, c\u0103 practic \u0103sta a fost motorul care ne-a f\u0103cut s\u0103 pornim proiectul, dar trebuie s\u0103 \u021binem cont care este realitatea de azi\u201c, explic\u0103 el. \u00cen timp ce tinerii merg pe teren \u0219i documenteaz\u0103 via\u021ba real\u0103, povestind \u00een newsletter \u0219i pe re\u021belele sociale despre o ferm\u0103 sau o pensiune rural\u0103 \u0219i ob\u021bin c\u00e2teva sute de like-uri, o postare generat\u0103 cu AI ob\u021bine mii de reac\u021bii \u0219i comentarii.<\/p>\n<p>publicitate&#8221;); background-position: center center; background-repeat: no-repeat;&#8221;&gt;<\/p>\n<p><img decoding=\"async\" src=\"https:\/\/www.europesays.com\/ro\/wp-content\/uploads\/2026\/08\/1788022816_496_index.jpeg\" alt=\"Via\u021ba de la sat, povestit\u0103 lui Ionu\u021b de un me\u0219ter local.\" width=\"563\" height=\"750\" loading=\"lazy\" class=\"svelte-1kfbksm\"\/> <\/p>\n<p>Via\u021ba de la sat, povestit\u0103 lui Ionu\u021b de un me\u0219ter local. Foto: Arhiva personal\u0103<\/p>\n<p>Tinerii atrag aten\u021bia c\u0103 via\u021ba la \u021bar\u0103 nu este doar despre peisaje idilice. \u201eDa, e frumos, avem apus fain \u0219i m\u0103m\u0103lig\u0103, dar asta nu este o via\u021b\u0103 care poate s\u0103-\u021bi satisfac\u0103 nevoile\u201c, subliniaz\u0103 Nicoleta. Multe sate rom\u00e2ne\u0219ti au o infrastructur\u0103 deficitar\u0103; chiar \u0219i la zece kilometri de un ora\u0219 mare precum Ia\u0219i \u0219i \u00eentr-o cas\u0103 nou construit\u0103, cei doi tineri au de-a face cu anumite lipsuri. \u201eNoi avem curent \u0219i gaze, iar apa o avem de la f\u00e2nt\u00e2na proprie, ceea ce e un avantaj, dar nu pot s\u0103 zic c\u0103, uneori, vara, nu ne g\u00e2ndim c\u0103 poate f\u00e2nt\u00e2na va seca\u201c, spune Nicoleta. Nu s-a \u00eent\u00e2mplat p\u00e2n\u0103 acum, din fericire, dar un plan B a fi important s\u0103 fie. \u201eMult timp ne-am chinuit cu conexiunea la internet. Multe luni, cred c\u0103 vreo cinci luni, ne-am chinuit cu hotspotul de la telefoane. Lucram de pe teras\u0103, unde era semnalul mai bun\u201c, poveste\u0219te ea. <\/p>\n<p>Recomandarea lor pentru tinerii care vor s\u0103 se mute la sat: \u201eFace\u021bi un test\u201c. S\u0103 nu se gr\u0103beasc\u0103 s\u0103 cumpere o proprietate \u00eenainte de a experimenta via\u021ba autentic\u0103 la \u021bar\u0103, nu cea de turist. \u201eS\u0103 mearg\u0103 \u00een diverse locuri sau la ferme, s\u0103 fac\u0103 munc\u0103 fizic\u0103 \u0219i s\u0103 experimenteze via\u021ba de acolo, nu ca turi\u0219ti, ci investind timp real pentru a vedea cum s-ar adapta cu adev\u0103rat la ritmul \u0219i neajunsurile satului\u201c, explic\u0103 Nicoleta.<\/p>\n<p> Nu mereu omul sfin\u021be\u0219te locul <\/p>\n<p>Un moment nepl\u0103cut \u00een procesul de adaptare a fost furtul unei biciclete direct de pe terasa casei lor, la miezul nop\u021bii. \u201eDin fericire, cineva din sat a filmat furtul. Am mers cu acele film\u0103ri la poli\u021bia din comun\u0103. Am postat pe social media \u0219i o persoan\u0103 din sat l-a recunoscut pe ho\u021b\u201c, poveste\u0219te Ionu\u021b. A trecut mai bine de un an de atunci \u0219i Poli\u021bia n-a f\u0103cut nimic, ho\u021bul a fost de neg\u0103sit. Acest incident i-a determinat s\u0103 \u00ee\u0219i instaleze sisteme de alarm\u0103 \u0219i camere de supraveghere. \u201eNu-mi place s\u0103 spun asta, dar \u0219i partea de siguran\u021b\u0103 la sat trebuie luat\u0103 \u00een considerare. Mai ales c\u0103 v\u0103d tenta\u021bia unora de a dori s\u0103 se mute \u00een locuri izolate\u201c, avertizeaz\u0103 Ionu\u021b. \u201eTe vei confrunta cu frici legate de siguran\u021b\u0103 \u0219i vei fi nevoit s\u0103 construie\u0219ti un gard uria\u0219 pe toate p\u0103r\u021bile\u201c, completeaz\u0103 Nicoleta.<\/p>\n<p> <a class=\"related-inline svelte-78g0vl\" data-gtrack=\"{&quot;event&quot;:&quot;utm_click&quot;,&quot;data&quot;:{&quot;event_category&quot;:&quot;article_related&quot;}}\" href=\"https:\/\/adevarul.ro\/stiri-interne\/societate\/minunea-de-la-cluj-satul-care-si-a-dublat-2549982.html\" title=\"Alt articol de interes pentru tine\" rel=\"nofollow noopener\" target=\"_blank\"> Minunea de la Cluj: satul care \u0219i-a dublat popula\u021bia cu o strategie nea\u0219teptat\u0103. Case \u0219i terenuri pentru tineri <\/a><img decoding=\"async\" src=\"https:\/\/www.europesays.com\/ro\/wp-content\/uploads\/2026\/08\/1788022817_850_index.png\" alt=\"Peisaj din satul \u00een care cei doi tineri locuiesc. \" width=\"1124\" height=\"750\" loading=\"lazy\" class=\"svelte-1kfbksm\"\/> <\/p>\n<p>Peisaj din satul \u00een care cei doi tineri locuiesc.  Foto: Arhiva personal\u0103<\/p>\n<p>Un alt aspect care complic\u0103 via\u021ba la sat este cel legat de vecini. Au constatat asta actorul Drago\u0219 Bucur \u0219i so\u021bia sa, Dana N\u0103lbaru, care s-au mutat la Mo\u0219teni-Greci, un sat lini\u0219tit, credeau ei, din jude\u021bul Arge\u0219. A fost lini\u0219tit p\u00e2n\u0103 \u00een momentul \u00een care vecinii au \u00eenceput s\u0103 pun\u0103 muzica la maximum \u0219i cei doi au fost nevoi\u0163i s\u0103 cheme poli\u021bia. Nicoleta spune c\u0103 ei au avut noroc \u0219i au parte de vecini care nu pun muzic\u0103 pentru tot satul. \u201eAvem un pic de emo\u021bii, pentru c\u0103 mai este o cas\u0103 \u00een zon\u0103 care nu a fost ocupat\u0103\u201c, spune ea z\u00e2mbind, dar subliniaz\u0103 importan\u021ba vecinilor la \u021bar\u0103. \u201eNoi, spre exemplu, mai plec\u0103m \u00een concediu. Am avut nevoie de ajutorul vecinilor s\u0103 vin\u0103 s\u0103 hr\u0103neasc\u0103 pisica \u00een fiecare zi, s\u0103 mai arunce un ochi \u00een curte, s\u0103 nu se \u00eent\u00e2mple ceva, s\u0103 vad\u0103 dac\u0103 a pornit apa \u2013 avem un sistem automat de irigat gr\u0103dina, dar totu\u0219i trebuie din c\u00e2nd \u00een c\u00e2nd cineva s\u0103 vad\u0103 c\u0103 a pornit, c\u0103 nu s-a rupt vreun furtun, c\u0103 nu curge apa aiurea. \u00cen principiu, e bini\u0219or s\u0103 ai s\u0103 ai oameni prin jur\u201c, detaliaz\u0103 ea. <\/p>\n<p>publicitate&#8221;); background-position: center center; background-repeat: no-repeat;&#8221;&gt;<\/p>\n<p>Ionu\u021b \u0219i Nicoleta au ajuns la concluzia c\u0103, pe l\u00e2ng\u0103 infrastructur\u0103, satul rom\u00e2nesc are nevoie pentru a cre\u0219te calitatea vie\u021bii de dou\u0103 institu\u021bii tradi\u021bionale uitate: claca \u0219i \u0219ez\u0103toarea. \u201e\u00cemi amintesc c\u0103 atunci c\u00e2nd eram copil \u0219i cineva se c\u0103s\u0103torea, tot satul mergea \u0219i-i ajuta s\u0103-\u0219i construiasc\u0103 casa. Am fost \u0219i eu cu mama mea\u201c, \u00ee\u0219i aminte\u0219te Ionu\u021b. Oamenii socializau de diminea\u021b\u0103 p\u00e2n\u0103 seara, \u00eenv\u0103\u021bau meserie unii de la al\u021bii f\u0103r\u0103 s\u0103 cear\u0103 bani \u0219i construiau \u00eempreun\u0103 un sentiment puternic de solidaritate. \u0218ez\u0103torile, de asemenea, aveau rol de socializare \u0219i de creare a spiritului de comunitate dup\u0103 care mul\u021bi or\u0103\u0219eni t\u00e2njesc. <\/p>\n<p>Localit\u0103\u021bile care au reu\u0219it s\u0103 scape de la extinc\u021bie \u0219i s\u0103 se reinventeze ne dau o lec\u021bie important\u0103: dincolo de c\u00e2mpurile cu gr\u00e2u, gr\u0103dinile de legume, fermele de oi \u0219i de vite, casele renovate tradi\u021bional, natura feeric\u0103, satul \u00eenseamn\u0103 comunitate, oameni care se ajut\u0103 la nevoie \u0219i \u00ee\u0219i \u00eempart momentele de bucurie, lucruri pe care omul modern le-a pierdut din cauza vie\u021bii la ora\u0219 \u0219i a mediului online.   <\/p>\n<p> \\n  const _iprc = performance.now();\\n\\u003C\/script>\\n\\n\\u003Cscript class=\\&#8221;optanon-category-C0004\\&#8221; type=\\&#8221;text\/plain\\&#8221;>\\nconsole.log(\\&#8221;*** cookieconsent done:\\&#8221;, Math.round(performance.now() &#8211; _iprc) \/ 1000);\\n  gtag(&#8216;event&#8217;, &#8216;cookieconsent&#8217;, {\\n    name: &#8216;load&#8217;,\\n    value: Math.round(performance.now() &#8211; _iprc) \/ 1000\\n  });\\n\\u003C\/script>\\n\\u003C!&#8211; END PERFORMANCE COOKIE PRO &#8211;>\\n\\n{{#unless context.ads_disabled}}\\n\\n\\u003Cscript class=\\&#8221;optanon-category-C0004\\&#8221; type=\\&#8221;text\/plain\\&#8221; src=\\&#8221;\/\/a.teads.tv\/page\/99553\/tag\\&#8221; async=\\&#8221;true\\&#8221;>\\u003C\/script>\\n{{\/unless}}\\n\\n\\u003Cdiv data-ad=\\&#8221;adevarul.ro_728x90_sticky_display_bottom_adevarul_bottom_center_leaderboard\\&#8221; data-devices=\\&#8221;m:0,t:1,d:1\\&#8221;   class=\\&#8221;demand-supply\\&#8221;>\\u003C\/div>\\n\\n{{#if context.content}}\\n\\n{{#unless context.ads_disabled}}\\n\\u003Cscript class=\\&#8221;optanon-category-C0004\\&#8221; type=\\&#8221;text\/plain\\&#8221; src=\\&#8221;https:\/\/cnt.trvdp.com\/js\/1544\/6545.js\\&#8221;>\\u003C\/script>\\n{{\/unless}}\\n\\n\\n{{\/if}}\\n\\n\\n&#8221;,&#8221;html_mobile&#8221;:&#8221;\\n\\n\\n\\u003C!&#8211; CHECK PERFORMANCE COOKIE PRO &#8211;>\\n\\u003Cscript>\\n  const _iprc = performance.now();\\n\\u003C\/script>\\n\\n\\u003Cscript class=\\&#8221;optanon-category-C0004\\&#8221; type=\\&#8221;text\/plain\\&#8221;>\\nconsole.log(\\&#8221;*** cookieconsent done:\\&#8221;, Math.round(performance.now() &#8211; _iprc) \/ 1000);\\n  gtag(&#8216;event&#8217;, &#8216;cookieconsent&#8217;, {\\n    name: &#8216;load&#8217;,\\n    value: Math.round(performance.now() &#8211; _iprc) \/ 1000\\n  });\\n\\u003C\/script>\\n\\u003C!&#8211; END PERFORMANCE COOKIE PRO &#8211;>\\n\\n{{#unless context.ads_disabled}}\\n\\n\\n\\u003Cscript\\n  class=\\&#8221;optanon-category-C0004\\&#8221;\\n  type=\\&#8221;text\/plain\\&#8221;\\n  src=\\&#8221;\/\/a.teads.tv\/page\/99553\/tag\\&#8221;\\n  async=\\&#8221;true\\&#8221;\\n>\\u003C\/script>\\n\\n{{\/unless}} \\n\\n\\u003Cdiv\\n  data-ad=\\&#8221;adevarul.ro_sticky_mobile_bottom\\&#8221;\\n  data-devices=\\&#8221;m:1,t:0,d:0\\&#8221;\\n  class=\\&#8221;demand-supply\\&#8221;\\n>\\u003C\/div>\\n\\n{{#if context.content}} \\n\\n\\n{{#unless context.ads_disabled}}\\n\\u003Cscript class=\\&#8221;optanon-category-C0004\\&#8221; type=\\&#8221;text\/plain\\&#8221; src=\\&#8221;https:\/\/cnt.trvdp.com\/js\/1544\/6545.js\\&#8221;>\\u003C\/script>\\n{{\/unless}}\\n\\n{{\/if}}\\n\\n&#8221;},&#8221;updated_at&#8221;:&#8221;2025-11-01T11:31:21.462Z&#8221;},&#8221;AdPosition_head&#8221;:{&#8222;data&#8221;:{&#8222;custom_fields&#8221;:{},&#8221;for_desktop&#8221;:true,&#8221;for_mobile&#8221;:true,&#8221;html_desktop&#8221;:&#8221;\\u003Cmeta name=\\&#8221;profitshareid\\&#8221; content=\\&#8221;934cd37887433d585a2a227ef0576fcc\\&#8221; \/>\\n\\n\\n\\n{{#unless context.ads_disabled}}\\n\\n\\n{{#if context.content}}\\n\\u003Cscript type=\\&#8221;text\/plain\\&#8221; class=\\&#8221;optanon-category-C0004\\&#8221; src=\\&#8221;https:\/\/jsc.mgid.com\/site\/960965.js\\&#8221; async>\\u003C\/script>\\n\\n\\n\\u003Cscript type=\\&#8221;text\/plain\\&#8221; class=\\&#8221;optanon-category-C0004\\&#8221;>\\n  (function () {\\n    if (document.location.pathname.indexOf(&#8222;https:\/\/adevarul.ro\/ghid-de-cumparaturi&#8221;) === 0) {\\n      return;\\n    }\\n\\n    const s = document.createElement(\\&#8221;script\\&#8221;);\\n    s.src = \\&#8221;https:\/\/srv.divee.ai\/storage\/v1\/object\/public\/sdk\/divee.sdk.latest.js\\&#8221;;\\n    s.setAttribute(\\&#8221;data-project-id\\&#8221;, \\&#8221;4428864e-2da6-4fef-a83c-c16c2dfe86d9\\&#8221;);\\n    s.async = true;\\n    document.head.appendChild(s);\\n  })();\\n\\u003C\/script>\\n\\n\\n\\n\\n\\n{{\/if}}\\n\\n\\u003Cscript>\\n  window.teads_analytics = window.teads_analytics || {};\\n  window.teads_analytics.analytics_tag_id = \\&#8221;PUB_26459\\&#8221;;\\n  window.teads_analytics.share = window.teads_analytics.share || function() {\\n    ;(window.teads_analytics.shared_data = window.teads_analytics.shared_data || []).push(arguments)\\n  };\\n\\u003C\/script>\\n\\u003Cscript type=\\&#8221;text\/plain\\&#8221; class=\\&#8221;optanon-category-C0004\\&#8221; src=\\&#8221;https:\/\/a.teads.tv\/analytics\/tag.js\\&#8221;>\\u003C\/script>\\n\\n\\n{{#unless context.features.nolivesupply}}\\n\\u003Cscript async data-cfasync=\\&#8221;false\\&#8221; type=\\&#8221;text\/plain\\&#8221; class=\\&#8221;optanon-category-C0004\\&#8221; src=\\&#8221;https:\/\/live.demand.supply\/up.js\\&#8221;>\\u003C\/script>\\n{{\/unless}}\\n\\n\\u003Cscript type=\\&#8221;text\/plain\\&#8221; class=\\&#8221;optanon-category-C0004\\&#8221; src=\\&#8221;https:\/\/pagead2.googlesyndication.com\/pagead\/js\/adsbygoogle.js?client=ca-pub-3345426167175409\\&#8221; crossorigin=\\&#8221;anonymous\\&#8221;>\\u003C\/script>\\n\\n \\u003Cscript type=\\&#8221;text\/plain\\&#8221; class=\\&#8221;optanon-category-C0004\\&#8221; src=\\&#8221;https:\/\/terrific.live\/terrific-sdk.js\\&#8221; storeid=\\&#8221;iN6X0VPTDIicsVPKX6p0\\&#8221;>\\u003C\/script>\\n\\n{{\/unless}}\\n\\n\\u003Cstyle>\\n.google-adposition > div {\\n  flex-grow: 1;\\n}\\n\\n.google-adposition:has(iframe) {\\n    background-image: none !important;\\n}\\n\\n.menu-fixed .menu .headContainer .google-auto-placed {\\n    display: none;\\n}\\n\\narticle header .title .google-auto-placed {\\n    display: none;\\n}\\n\\n#onetrust-banner-sdk #onetrust-accept-btn-handler {\\n        margin-bottom: 10px;\\n    }\\n\\n    #onetrust-banner-sdk #onetrust-reject-all-handler {\\n        visibility: hidden;\\n    }\\n\\n\\u003C\/style>\\n\\n \\u003C!&#8211; Facebook Pixel Code &#8211;>\\u003Cscript type=\\&#8221;text\/plain\\&#8221; class=\\&#8221;optanon-category-C0002\\&#8221;>!function(f,b,e,v,n,t,s){if(f.fbq)return;n=f.fbq=function(){n.callMethod?n.callMethod.apply(n,arguments):n.queue.push(arguments)};if(!f._fbq)f._fbq=n;n.push=n;n.loaded=!0;n.version=&#8217;2.0&#8242;;n.queue=[];t=b.createElement(e);t.async=!0;t.src=v;s=b.getElementsByTagName(e)[0];s.parentNode.insertBefore(t,s)}(window,document,&#8217;script&#8217;,&#8217;https:\/\/connect.facebook.net\/en_US\/fbevents.js&#8217;); fbq(&#8216;init&#8217;, &#8216;1346397800155390&#8217;); fbq(&#8216;track&#8217;, &#8216;PageView&#8217;);\\u003C\/script>\\u003Cnoscript> \\u003Cimg height=\\&#8221;1\\&#8221; width=\\&#8221;1\\&#8221; src=\\&#8221;https:\/\/www.facebook.com\/tr?id=1346397800155390&#038;ev=PageView&#038;noscript=1\\&#8221;\/>\\u003C\/noscript>\\u003C!&#8211; End Facebook Pixel Code &#8211;>\\n\\n\\u003C!&#8211; alternativeAds &#8211;>\\n&#8221;,&#8221;html_mobile&#8221;:&#8221;\\u003Cmeta name=\\&#8221;profitshareid\\&#8221; content=\\&#8221;934cd37887433d585a2a227ef0576fcc\\&#8221; \/>\\n\\n\\n{{#unless context.ads_disabled}}\\n\\n{{#if context.content}}\\n\\u003Cscript type=\\&#8221;text\/plain\\&#8221; class=\\&#8221;optanon-category-C0004\\&#8221; src=\\&#8221;https:\/\/jsc.mgid.com\/site\/960965.js\\&#8221; async>\\u003C\/script>\\n\\n\\u003Cscript type=\\&#8221;text\/plain\\&#8221; class=\\&#8221;optanon-category-C0004\\&#8221;>\\n  (function () {\\n    if (document.location.pathname.indexOf(&#8222;https:\/\/adevarul.ro\/ghid-de-cumparaturi&#8221;) === 0) {\\n      return;\\n    }\\n\\n    const s = document.createElement(\\&#8221;script\\&#8221;);\\n    s.src = \\&#8221;https:\/\/srv.divee.ai\/storage\/v1\/object\/public\/sdk\/divee.sdk.latest.js\\&#8221;;\\n    s.setAttribute(\\&#8221;data-project-id\\&#8221;, \\&#8221;4428864e-2da6-4fef-a83c-c16c2dfe86d9\\&#8221;);\\n    s.async = true;\\n    document.head.appendChild(s);\\n  })();\\n\\u003C\/script>\\n\\n{{\/if}}\\n\\n\\u003Cscript>\\n  window.teads_analytics = window.teads_analytics || {};\\n  window.teads_analytics.analytics_tag_id = \\&#8221;PUB_26459\\&#8221;;\\n  window.teads_analytics.share = window.teads_analytics.share || function() {\\n    ;(window.teads_analytics.shared_data = window.teads_analytics.shared_data || []).push(arguments)\\n  };\\n\\u003C\/script>\\n\\u003Cscript type=\\&#8221;text\/plain\\&#8221; class=\\&#8221;optanon-category-C0004\\&#8221; src=\\&#8221;https:\/\/a.teads.tv\/analytics\/tag.js\\&#8221;>\\u003C\/script>\\n\\n{{#unless context.features.nolivesupply}}\\n\\u003Cscript async data-cfasync=\\&#8221;false\\&#8221; type=\\&#8221;text\/plain\\&#8221; class=\\&#8221;optanon-category-C0004\\&#8221; src=\\&#8221;https:\/\/live.demand.supply\/up.js\\&#8221;>\\u003C\/script>\\n{{\/unless}}\\n\\n\\u003Cscript type=\\&#8221;text\/plain\\&#8221; class=\\&#8221;optanon-category-C0004\\&#8221; src=\\&#8221;https:\/\/terrific.live\/terrific-sdk.js\\&#8221; storeid=\\&#8221;iN6X0VPTDIicsVPKX6p0\\&#8221;>\\u003C\/script>\\n\\n{{\/unless}}\\n\\u003Cstyle>\\n\\n.google-adposition:has(iframe) {\\n    background-image: none !important;\\n}\\n\\n.menu-fixed .menu .headContainer .google-auto-placed {\\n    display: none;\\n}\\n\\narticle header .title .google-auto-placed {\\n    display: none;\\n}\\n\\n#onetrust-banner-sdk #onetrust-accept-btn-handler {\\n        margin-bottom: 10px;\\n    }\\n\\n    #onetrust-banner-sdk #onetrust-reject-all-handler {\\n        visibility: hidden;\\n    }\\n\\u003C\/style>\\n&#8221;},&#8221;updated_at&#8221;:&#8221;2026-07-22T15:44:05.196Z&#8221;}},&#8221;last_changed&#8221;:&#8221;2026-08-29T16:43:15.900Z&#8221;,&#8221;page&#8221;:{&#8222;created_at&#8221;:&#8221;2026-08-19T18:57:11.447Z&#8221;,&#8221;created_by&#8221;:1,&#8221;custom_fields&#8221;:{},&#8221;domain&#8221;:&#8221;adevarul.ro&#8221;,&#8221;id&#8221;:99,&#8221;last_published_at&#8221;:&#8221;2026-08-19T18:57:12.918Z&#8221;,&#8221;name&#8221;:&#8221;Content layout (article)&#8221;,&#8221;published&#8221;:1,&#8221;s3_hash&#8221;:&#8221;a5e0764cf3bce051367545eab1538b4619e8ecb9&#8243;,&#8221;slug&#8221;:null,&#8221;title&#8221;:&#8221;Content layout&#8221;,&#8221;type&#8221;:&#8221;layout&#8221;,&#8221;updated_at&#8221;:&#8221;2022-07-21T08:27:20.732Z&#8221;,&#8221;version_id&#8221;:271},&#8221;path&#8221;:&#8221;\/stil-de-viata\/magazin\/au-fugit-de-agitatia-orasului-si-si-au-construit-2552621.html&#8221;,&#8221;pathArray&#8221;:[&#8222;&#8221;,&#8221;stil-de-viata&#8221;,&#8221;magazin&#8221;,&#8221;au-fugit-de-agitatia-orasului-si-si-au-construit-2552621.html&#8221;],&#8221;type&#8221;:&#8221;content&#8221;,&#8221;url&#8221;:&#8221;https:\/\/adevarul.ro\/stil-de-viata\/magazin\/au-fugit-de-agitatia-orasului-si-si-au-construit-2552621.html&#8221;,&#8221;features&#8221;:{},&#8221;query&#8221;:{},&#8221;domain_config&#8221;:{&#8222;MISC&#8221;:{&#8222;logo&#8221;:{&#8222;width&#8221;:320,&#8221;height&#8221;:50}},&#8221;SYSTEM_TAGS&#8221;:[&#8222;noads&#8221;,&#8221;nocomments&#8221;,&#8221;sex&#8221;,&#8221;advert&#8221;,&#8221;advertorial&#8221;,&#8221;video&#8221;,&#8221;galerie&#8221;,&#8221;live&#8221;,&#8221;foto&#8221;,&#8221;exclusiv&#8221;,&#8221;analiza&#8221;,&#8221;interviu&#8221;,&#8221;reportaj&#8221;,&#8221;breaking news&#8221;],&#8221;default&#8221;:{&#8222;lang&#8221;:&#8221;ro&#8221;,&#8221;domain&#8221;:&#8221;adevarul.ro&#8221;,&#8221;alternateDomain&#8221;:&#8221;adevarul-ro.adh.reperio.news&#8221;,&#8221;friendlyName&#8221;:&#8221;Adev\u0103rul&#8221;,&#8221;logoURL&#8221;:&#8221;https:\/\/adevarul.ro\/favicon-144-precomposed.png&#8221;}},&#8221;client&#8221;:{&#8222;is_mobile&#8221;:false}}<\/p>\n","protected":false},"excerpt":{"rendered":"Dup\u0103 zece ani la Londra \u0219i Ia\u0219i, Ionu\u021b \u0219i Nicoleta Teodera\u0219cu au renun\u021bat la via\u021ba de la ora\u0219&hellip;\n","protected":false},"author":2,"featured_media":280094,"comment_status":"","ping_status":"","sticky":false,"template":"","format":"standard","meta":{"footnotes":"","_share_on_mastodon":"0"},"categories":[10],"tags":[1453,32,33,31,77254,36,37,47181,27,2400,230,34,35,8780,64661,25,41,40,38,39,26,28,29,30],"class_list":["post-280093","post","type-post","status-publish","format-standard","has-post-thumbnail","category-romania","tag-agricultura","tag-breaking-news","tag-breakingnews","tag-cele-mai-populare-subiecte","tag-comunitate-rurala","tag-featured-news","tag-featurednews","tag-gradinarit","tag-headlines","tag-iasi","tag-interviu","tag-latest-news","tag-latestnews","tag-legume","tag-miroslava","tag-news","tag-ro","tag-romana","tag-romania","tag-romanian","tag-stiri","tag-titluri","tag-top-stories","tag-topstories"],"share_on_mastodon":{"url":"https:\/\/pubeurope.com\/@ro\/117179870851270970","error":""},"_links":{"self":[{"href":"https:\/\/www.europesays.com\/ro\/wp-json\/wp\/v2\/posts\/280093","targetHints":{"allow":["GET"]}}],"collection":[{"href":"https:\/\/www.europesays.com\/ro\/wp-json\/wp\/v2\/posts"}],"about":[{"href":"https:\/\/www.europesays.com\/ro\/wp-json\/wp\/v2\/types\/post"}],"author":[{"embeddable":true,"href":"https:\/\/www.europesays.com\/ro\/wp-json\/wp\/v2\/users\/2"}],"replies":[{"embeddable":true,"href":"https:\/\/www.europesays.com\/ro\/wp-json\/wp\/v2\/comments?post=280093"}],"version-history":[{"count":0,"href":"https:\/\/www.europesays.com\/ro\/wp-json\/wp\/v2\/posts\/280093\/revisions"}],"wp:featuredmedia":[{"embeddable":true,"href":"https:\/\/www.europesays.com\/ro\/wp-json\/wp\/v2\/media\/280094"}],"wp:attachment":[{"href":"https:\/\/www.europesays.com\/ro\/wp-json\/wp\/v2\/media?parent=280093"}],"wp:term":[{"taxonomy":"category","embeddable":true,"href":"https:\/\/www.europesays.com\/ro\/wp-json\/wp\/v2\/categories?post=280093"},{"taxonomy":"post_tag","embeddable":true,"href":"https:\/\/www.europesays.com\/ro\/wp-json\/wp\/v2\/tags?post=280093"}],"curies":[{"name":"wp","href":"https:\/\/api.w.org\/{rel}","templated":true}]}}