{"id":280149,"date":"2026-08-29T17:49:14","date_gmt":"2026-08-29T17:49:14","guid":{"rendered":"https:\/\/www.europesays.com\/ro\/280149\/"},"modified":"2026-08-29T17:49:14","modified_gmt":"2026-08-29T17:49:14","slug":"cu-cine-se-razboieste-dungaciu-numarul-2-in-partidul-extremist-aur-cu-retorica-rusa-mesaj-de-pe-printesa-dunarii","status":"publish","type":"post","link":"https:\/\/www.europesays.com\/ro\/280149\/","title":{"rendered":"Cu cine se r\u0103zboie\u0219te Dungaciu, num\u0103rul 2 \u00een partidul extremist AUR, cu retoric\u0103 rus\u0103? Mesaj de pe \u201dPrin\u021besa Dun\u0103rii"},"content":{"rendered":"<p>                        <img loading=\"lazy\" decoding=\"async\" width=\"30\" height=\"30\" src=\"https:\/\/www.europesays.com\/ro\/wp-content\/uploads\/2026\/08\/1788025754_346_google-g.png\" alt=\"Google Split\"\/>    <\/p>\n<p id=\"p-0\">Dan Dungaciu, num\u0103rul 2 \u00een partidul extremist AUR, cu retoric\u0103 rus\u0103, a publicat o imagine de pe ambarca\u021biunea \u201dPrin\u021besa Dun\u0103rii\u201d, \u00een zona Or\u0219ova, cu mesajul: \u201dArmada (flot\u0103 militar\u0103, n.red.) #AUR a pornit s\u0103 redescopere \u0219i s\u0103 elibereze Rom\u00e2nia! Pe Dun\u0103re, cu tricolorul sus \u0219i <a class=\"x1i10hfl xjbqb8w x1ejq31n x18oe1m7 x1sy0etr xstzfhl x972fbf x10w94by x1qhh985 x14e42zd x9f619 x1ypdohk xt0psk2 x3ct3a4 xdj266r x14z9mp xat24cr x1lziwak xexx8yu xyri2b x18d9i69 x1c1uobl x16tdsg8 x1hl2dhg xggy1nq x1a2a7pz xkrqix3 x1sur9pj x1fey0fg x1s688f\" tabindex=\"0\" role=\"link\" href=\"https:\/\/www.facebook.com\/hashtag\/rom%C3%A2nia?__cft__%5B0%5D=AZZZOo1QgwHIpaKDU78C2PNf0M44MsvCcMu8yZruCU66f2rLifx9rVx8aTqapK_9PjJsfmlq_KXTam6-1elWT4aopwgZF2gL80mHUJdQGXBXcCpIpgyN9hLS9hOOiMv0g67J8IIXZHWJV4S-jf9utT_70X0i4_fE1_sjybQJqKkDQA&amp;__tn__=*NK-R\" rel=\"nofollow noopener\" target=\"_blank\">#Rom\u00e2nia<\/a> \u00een suflet!\u201d.<\/p>\n<p id=\"p-1\">Nu este clar la ce \u201deliberare\u201d face referire Dungaciu, dar acesta apare \u00een filmule\u021b al\u0103turi de George Simion care \u021bine unul dintre steagurile AUR.<\/p>\n<p>&#8211; articolul continu\u0103 mai jos &#8211;<\/p>\n<p id=\"p-2\">Dungaciu este una dintre vocile cele mai proeminente care ventileaz\u0103 nara\u021biunile Rusiei \u00een Rom\u00e2nia \u0219i care, cu doar c\u00e2teva zile \u00eenainte de invazia Rusiei \u00een Ucraina, sus\u021binea vehement \u00een spa\u021biul public c\u0103 <a href=\"https:\/\/www.youtube.com\/watch?v=lUxitPsTdRE\" target=\"_blank\" rel=\"noopener nofollow\">Putin nu va invada Ucraina<\/a> pentru c\u0103 ar \u00eensemna sf\u00e2r\u0219itul politic al acestuia.<\/p>\n<p>\ufeff<\/p>\n<p>\ufeff<\/p>\n","protected":false},"excerpt":{"rendered":"Dan Dungaciu, num\u0103rul 2 \u00een partidul extremist AUR, cu retoric\u0103 rus\u0103, a publicat o imagine de pe ambarca\u021biunea&hellip;\n","protected":false},"author":2,"featured_media":280150,"comment_status":"","ping_status":"","sticky":false,"template":"","format":"standard","meta":{"footnotes":"","_share_on_mastodon":"0"},"categories":[10],"tags":[32,33,31,21295,36,37,356,27,34,35,25,77271,77272,41,40,38,39,26,28,29,30],"class_list":["post-280149","post","type-post","status-publish","format-standard","has-post-thumbnail","category-romania","tag-breaking-news","tag-breakingnews","tag-cele-mai-populare-subiecte","tag-dan-dungaciu","tag-featured-news","tag-featurednews","tag-george-simion","tag-headlines","tag-latest-news","tag-latestnews","tag-news","tag-orsova-aur","tag-printesa-dunarii","tag-ro","tag-romana","tag-romania","tag-romanian","tag-stiri","tag-titluri","tag-top-stories","tag-topstories"],"share_on_mastodon":{"url":"https:\/\/pubeurope.com\/@ro\/117180063414282379","error":""},"_links":{"self":[{"href":"https:\/\/www.europesays.com\/ro\/wp-json\/wp\/v2\/posts\/280149","targetHints":{"allow":["GET"]}}],"collection":[{"href":"https:\/\/www.europesays.com\/ro\/wp-json\/wp\/v2\/posts"}],"about":[{"href":"https:\/\/www.europesays.com\/ro\/wp-json\/wp\/v2\/types\/post"}],"author":[{"embeddable":true,"href":"https:\/\/www.europesays.com\/ro\/wp-json\/wp\/v2\/users\/2"}],"replies":[{"embeddable":true,"href":"https:\/\/www.europesays.com\/ro\/wp-json\/wp\/v2\/comments?post=280149"}],"version-history":[{"count":0,"href":"https:\/\/www.europesays.com\/ro\/wp-json\/wp\/v2\/posts\/280149\/revisions"}],"wp:featuredmedia":[{"embeddable":true,"href":"https:\/\/www.europesays.com\/ro\/wp-json\/wp\/v2\/media\/280150"}],"wp:attachment":[{"href":"https:\/\/www.europesays.com\/ro\/wp-json\/wp\/v2\/media?parent=280149"}],"wp:term":[{"taxonomy":"category","embeddable":true,"href":"https:\/\/www.europesays.com\/ro\/wp-json\/wp\/v2\/categories?post=280149"},{"taxonomy":"post_tag","embeddable":true,"href":"https:\/\/www.europesays.com\/ro\/wp-json\/wp\/v2\/tags?post=280149"}],"curies":[{"name":"wp","href":"https:\/\/api.w.org\/{rel}","templated":true}]}}