{"id":280297,"date":"2026-08-29T20:32:14","date_gmt":"2026-08-29T20:32:14","guid":{"rendered":"https:\/\/www.europesays.com\/ro\/280297\/"},"modified":"2026-08-29T20:32:14","modified_gmt":"2026-08-29T20:32:14","slug":"marius-baciu-semnal-de-alarma-pentru-jucatorii-de-la-fcsb-trebuie-sa-facem-asta-rapid","status":"publish","type":"post","link":"https:\/\/www.europesays.com\/ro\/280297\/","title":{"rendered":"Marius Baciu, semnal de alarm\u0103 pentru juc\u0103torii de la FCSB: \u201eTrebuie s\u0103 facem asta rapid\u201d"},"content":{"rendered":"<p>\t    <img loading=\"lazy\" decoding=\"async\" class=\"mg-x-auto\" width=\"30\" height=\"30\" src=\"https:\/\/www.europesays.com\/ro\/wp-content\/uploads\/2026\/08\/1788035532_973_google-g.png\" alt=\"\"\/><\/p>\n<p id=\"p-0\">Marius Baciu a tras un semnal de alarm\u0103 \u00een r\u00e2ndul juc\u0103torilor de la FCSB, chiar \u00eenaintea partidei pe care echipa lui o va disputa \u00een fa\u021ba celor de la UTA Arad, \u00een etapa a \u0219aptea din Superliga Rom\u00e2niei.<\/p>\n<p id=\"p-1\">Tehnicianul \u201ero\u0219-alba\u0219trilor\u201d le-a cerut fotbali\u0219tilor s\u0103 se ridice la nivelul clubului pe care \u00eel reprezint\u0103 \u0219i a dezv\u0103luit ce i-a transmis lui Dylan Batubinsika, cel care a ajuns \u00een aceast\u0103 var\u0103 la echipa patronat\u0103 de Gigi Becali.<\/p>\n<p>Marius Baciu, mesaj clar pentru juc\u0103tori<\/p>\n<p id=\"p-2\"><a style=\"color: #0000ff;\" href=\"https:\/\/www.prosport.ro\/fotbal-intern\/superliga\/fcsb-umple-stadionul-din-targoviste-cate-bilete-s-au-vandut-in-mai-putin-de-24-de-ore-pentru-meciul-cu-uta-arad-exclusiv-20511114\" rel=\"nofollow noopener\" target=\"_blank\">FCSB \u0219i UTA Arad se \u00eent\u00e2lnesc duminic\u0103, 30 august 2026<\/a>, \u00een etapa a \u0219aptea din Superliga Rom\u00e2niei, \u00eentr-o partid\u0103 care se va disputa la T\u00e2rgovi\u0219te.<\/p>\n<p>                <a href=\"https:\/\/www.prosport.ro\/poze\/marius-baciu-semnal-de-alarma-pentru-jucatorii-de-la-fcsb-trebuie-sa-facem-asta-rapid-20513294\" rel=\"nofollow noopener\" target=\"_blank\">&#13;<br \/>\n                                            <img decoding=\"async\" loading=\"lazy\" fetchpriority=\"low\" src=\"https:\/\/www.europesays.com\/ro\/wp-content\/uploads\/2026\/08\/https:\/\/www.prosport.ro\/wp-content\/uploads\/2026\/08\/gigi-becali-marius-baciu-antrenor.webp\" width=\"458\" height=\"305\"\/>&#13;<br \/>\n                                    <\/a><\/p>\n<p>                <a href=\"https:\/\/www.prosport.ro\/poze\/marius-baciu-semnal-de-alarma-pentru-jucatorii-de-la-fcsb-trebuie-sa-facem-asta-rapid-20513294\" rel=\"nofollow noopener\" target=\"_blank\">&#13;<br \/>\n                                            <img decoding=\"async\" loading=\"lazy\" fetchpriority=\"low\" src=\"https:\/\/www.europesays.com\/ro\/wp-content\/uploads\/2026\/08\/https:\/\/www.prosport.ro\/wp-content\/uploads\/2026\/08\/suporteri-fcsb-demisie-marius-baciu-plecare-react.jpeg\" width=\"227\" height=\"151\"\/>&#13;<br \/>\n                                    <\/a><\/p>\n<p id=\"p-3\">La conferin\u021ba de pres\u0103 premerg\u0103toare meciului, Marius Baciu a tras un semnal de alarm\u0103 \u00een r\u00e2ndul juc\u0103torilor \u0219i le-a cerut s\u0103 fie concentra\u021bi \u0219i s\u0103 se ridice la nivelul clubului pe care \u00eel reprezint\u0103.<\/p>\n<p id=\"p-4\">Totodat\u0103, tehnicianul a dezv\u0103luit c\u0103 a purtat o discu\u021bie cu Dylan Batubinsika, fotbalist pe care FCSB l-a transferat chiar \u00een aceast\u0103 var\u0103, dar care nu s-a ridicat, cel pu\u021bin p\u00e2n\u0103 \u00een acest moment, la nivelul a\u0219tept\u0103rilor.<\/p>\n<p id=\"p-5\">\u201eNu avem constan\u021b\u0103 \u00een evolu\u021bii, dar sunt \u0219i juc\u0103tori foarte noi. Au nevoie de acomodare. Sunt foarte buni din punctul meu de vedere. Dar FCSB \u00eenseamn\u0103 cu adev\u0103rat altceva \u0219i pentru ei. Le-am explicat ce \u00eenseamn\u0103 o echip\u0103 cu at\u00e2t de mare prestigiu la nivelul nostru.<\/p>\n<p id=\"p-6\">Discutam cu Dylan Batubinsika, a jucat la Saint-Etienne, un club foarte mare. Deci \u0219tie ce \u00eenseamn\u0103 presiunea suporterilor. A\u0219a c\u0103 \u00eencerc\u0103m s\u0103 transmitem lucrurile astea \u0219i s\u0103 \u00een\u021beleag\u0103 c\u0103 e o echip\u0103 care trebuie respectat\u0103 prin atitudine, joc \u0219i\u2026 Nu ne a\u0219teapt\u0103 nimeni, trebuie s\u0103 ne ridic\u0103m rapid la un nivel foarte bun\u201d, a declarat Marius Baciu, \u00eenainte de FCSB \u2013 UTA.<\/p>\n<p>Le e dor de Arena Na\u021bional\u0103<\/p>\n<p id=\"p-7\">Marius Baciu a recunoscut c\u0103 juc\u0103torilor le e dor s\u0103 dispute meciurile de \u201eacas\u0103\u201d pe Arena Na\u021bional\u0103 din Bucure\u0219ti. Cu toate acestea, a precizat c\u0103 FCSB trebuie s\u0103 se acomodeze rapid pe orice stadion \u0219i <a style=\"color: #0000ff;\" href=\"https:\/\/www.prosport.ro\/fotbal-intern\/superliga\/adrian-mihalcea-face-scandal-inainte-de-fcsb-uta-nu-e-normal-20513028\" rel=\"nofollow noopener\" target=\"_blank\">a l\u0103udat gazonul arenei din T\u00e2rgovi\u0219te<\/a>.<\/p>\n<p id=\"p-8\">\u201eNe a\u0219teapt\u0103 un meci greu. UTA, chiar dac\u0103 nu a avut rezultatele a\u0219teptate, e o echip\u0103 organizat\u0103 \u0219i greu de desf\u0103cut. E o echip\u0103 grea. Noi ne concentr\u0103m pe jocul nostru, nici noi n-am avut evolu\u021bia dorit\u0103 \u0219i nici constan\u021ba.<\/p>\n<p id=\"p-9\">Chiar dac\u0103 am controlat jocul cu CFR, nu am avut realiz\u0103rile pe care le-am dorit. Vrem s\u0103 g\u0103sim solu\u021biile cele mai bune, s\u0103 aducem juc\u0103torii la poten\u021bialul maxim. \u0218i sper\u0103m s\u0103 ne ridic\u0103m de la meci la meci la un nivel mai bun.<\/p>\n<p id=\"p-10\">(n.r. \u2013 Despre schimbarea de stadion) \u0218i \u00een Ghencea am c\u00e2\u0219tigat. \u0218i am c\u00e2\u0219tigat \u0219i pe Arcul de Triumf. Auzeam b\u0103ie\u021bii c\u0103 le e dor de Arena Na\u021bional\u0103, unde se simt cel mai bine. Normal c\u0103 o echip\u0103 cum e Steaua ar trebui s\u0103 se acomodeze foarte rapid. FCSB \u2013 Steaua, da.<\/p>\n<p id=\"p-11\">S\u0103 se acomodeze pe orice teren. Suntem o echip\u0103 care ne dorim performan\u021b\u0103 \u0219i atunci trebuie s\u0103 perform\u0103m pe orice stadion. Dar clar c\u0103 ne dorim casa noastr\u0103. S\u0103 \u0219tim cu to\u021bii c\u0103 acolo ne putem desf\u0103\u0219ura activitatea.<\/p>\n<p id=\"p-12\">Da, din ce \u0219tim, T\u00e2rgovi\u0219te e un ora\u0219 care \u00ee\u0219i dore\u0219te fotbal. \u0218i la echipa lor vine mult\u0103 lume la meci. \u0218tim c\u0103 sunt mul\u021bi steli\u0219ti acolo \u0219i \u00eei a\u0219tept\u0103m cu drag la stadion. Plus de asta, e un gazon bun\u201d, a mai spus Marius Baciu.<\/p>\n","protected":false},"excerpt":{"rendered":"Marius Baciu a tras un semnal de alarm\u0103 \u00een r\u00e2ndul juc\u0103torilor de la FCSB, chiar \u00eenaintea partidei pe&hellip;\n","protected":false},"author":2,"featured_media":280298,"comment_status":"","ping_status":"","sticky":false,"template":"","format":"standard","meta":{"footnotes":"","_share_on_mastodon":"0"},"categories":[20],"tags":[6303,2871,16366,12572,909,41,40,38,39,185,184],"class_list":["post-280297","post","type-post","status-publish","format-standard","has-post-thumbnail","category-sport","tag-antrenor-fcsb","tag-declaratii","tag-etapa-7","tag-fcsb-uta","tag-marius-baciu","tag-ro","tag-romana","tag-romania","tag-romanian","tag-sport","tag-sports"],"share_on_mastodon":{"url":"https:\/\/pubeurope.com\/@ro\/117180704560773206","error":""},"_links":{"self":[{"href":"https:\/\/www.europesays.com\/ro\/wp-json\/wp\/v2\/posts\/280297","targetHints":{"allow":["GET"]}}],"collection":[{"href":"https:\/\/www.europesays.com\/ro\/wp-json\/wp\/v2\/posts"}],"about":[{"href":"https:\/\/www.europesays.com\/ro\/wp-json\/wp\/v2\/types\/post"}],"author":[{"embeddable":true,"href":"https:\/\/www.europesays.com\/ro\/wp-json\/wp\/v2\/users\/2"}],"replies":[{"embeddable":true,"href":"https:\/\/www.europesays.com\/ro\/wp-json\/wp\/v2\/comments?post=280297"}],"version-history":[{"count":0,"href":"https:\/\/www.europesays.com\/ro\/wp-json\/wp\/v2\/posts\/280297\/revisions"}],"wp:featuredmedia":[{"embeddable":true,"href":"https:\/\/www.europesays.com\/ro\/wp-json\/wp\/v2\/media\/280298"}],"wp:attachment":[{"href":"https:\/\/www.europesays.com\/ro\/wp-json\/wp\/v2\/media?parent=280297"}],"wp:term":[{"taxonomy":"category","embeddable":true,"href":"https:\/\/www.europesays.com\/ro\/wp-json\/wp\/v2\/categories?post=280297"},{"taxonomy":"post_tag","embeddable":true,"href":"https:\/\/www.europesays.com\/ro\/wp-json\/wp\/v2\/tags?post=280297"}],"curies":[{"name":"wp","href":"https:\/\/api.w.org\/{rel}","templated":true}]}}