{"id":280355,"date":"2026-08-29T21:42:12","date_gmt":"2026-08-29T21:42:12","guid":{"rendered":"https:\/\/www.europesays.com\/ro\/280355\/"},"modified":"2026-08-29T21:42:12","modified_gmt":"2026-08-29T21:42:12","slug":"razvan-lucescu-pe-cai-mari-in-qatar-echipa-antrenorului-roman-a-facut-spectacol","status":"publish","type":"post","link":"https:\/\/www.europesays.com\/ro\/280355\/","title":{"rendered":"R\u0103zvan Lucescu, pe cai mari \u00een Qatar! Echipa antrenorului rom\u00e2n a f\u0103cut spectacol"},"content":{"rendered":"<p>Sambata, 29 August 2026, ora 16:30<\/p>\n<p>2163 citiri<\/p>\n<p><a class=\"news__image\" data-href=\"https:\/\/s2.ziareromania.ro\/?mmid=3b05956b298d8a99bd\" data-size=\"1024x718\" title=\"R\u0103zvan Lucescu, pe cai mari \u00een Qatar! Echipa antrenorului rom\u00e2n a f\u0103cut spectacol\"><img decoding=\"async\" src=\"https:\/\/www.europesays.com\/ro\/wp-content\/uploads\/2026\/08\/R--zvan-Lucescu--pe-cai-mari---n-Qatar--Echipa-antrenorului-rom--n-a-f--cut-spectacol.jpg\" alt=\"R\u0103zvan Lucescu, pe cai mari \u00een Qatar! Echipa antrenorului rom\u00e2n a f\u0103cut spectacol\" title=\"R\u0103zvan Lucescu, pe cai mari \u00een Qatar! Echipa antrenorului rom\u00e2n a f\u0103cut spectacol\" class=\"img-responsive\"\/><\/a><\/p>\n<p>R\u0103zvan Burleanu FOTO Al Sadd<\/p>\n<p>R\u0103zvan Lucescu are un \u00eenceput excelent de mandat la Al-Sadd Doha. Echipa preg\u0103tit\u0103 de tehnicianul rom\u00e2n a ob\u021binut vineri o victorie categoric\u0103 \u00een deplasare, scor 6-2 cu <a href=\"https:\/\/ziare.com\/fotbal\/qatar\/\" title=\"Qatar\" rel=\"nofollow noopener\" target=\"_blank\">Qatar<\/a> SC, \u0219i a ajuns la nou\u0103 <a href=\"https:\/\/ziare.com\/fotbal\/goluri\/\" title=\"goluri\" rel=\"nofollow noopener\" target=\"_blank\">goluri<\/a> marcate \u00een primele dou\u0103 etape ale campionatului.<\/p>\n<p>Al-Sadd a \u00eenceput perfect noul sezon din Qatar Stars League. Dup\u0103 succesul cu 3-1 \u00een fa\u021ba celor de la Al-Ahli Doha, forma\u021bia lui Lucescu a f\u0103cut spectacol \u00een deplasarea de la Qatar SC.<\/p>\n<p>Partida a fost aproape decis\u0103 dup\u0103 numai 29 de minute. Paulo Otavio a reu\u0219it o \u201edubl\u0103\u201d \u00een minutele 15 \u0219i 22, iar Abdurisag a dus scorul la 3-0 \u00een minutul 29. Jocul ofensiv al oaspe\u021bilor l-a \u00eenc\u00e2ntat inclusiv pe comentatorul arab, care a reac\u021bionat entuziasmat, conform Sport.ro: \u201eYa habibi!\u201d.<\/p>\n<p>Qatar SC a redus din diferen\u021b\u0103 prin Joao Pedro, \u00een minutul 61, \u00eens\u0103 Al-Sadd nu a avut emo\u021bii. Roberto Firmino a \u00eenscris \u00een minutul 71, Claudinho a punctat \u00een minutul 85, iar Afif a stabilit scorul final, 6-2, \u00een prelungiri. Gazdele au mai marcat o dat\u0103 prin Prim, \u00een minutul 82.<\/p>\n<p>Astfel, Al-Sadd are maximum de puncte dup\u0103 primele dou\u0103 etape \u0219i un golaveraj impresionant, 9-3.<\/p>\n<p>R\u0103zvan Lucescu a preluat echipa \u00een aceast\u0103 var\u0103, dup\u0103 desp\u0103r\u021birea de <a href=\"https:\/\/ziare.com\/roberto-mancini\/\" title=\"Roberto Mancini\" rel=\"nofollow noopener\" target=\"_blank\">Roberto Mancini<\/a>, \u0219i are obiective importante la Doha. Al-Sadd a c\u00e2\u0219tigat titlul \u00een sezonul trecut, \u00eens\u0103 marea \u021bint\u0103 a clubului este triumful \u00een Champions League, competi\u021bie \u00een care ultima victorie dateaz\u0103 din 2011.<\/p>\n<p>Pentru Lucescu urmeaz\u0103 \u00eens\u0103 o perioad\u0103 dificil\u0103. Pe 1 septembrie, Al-Sadd o va \u00eent\u00e2lni pe Al-Gharafa \u00een cup\u0103, iar patru zile mai t\u00e2rziu cele dou\u0103 forma\u021bii se vor revedea \u00een campionat. Va fi, \u00een ambele cazuri, un duel \u00eentre R\u0103zvan Lucescu \u0219i interna\u021bionalul rom\u00e2n <a href=\"https:\/\/ziare.com\/florinel-coman\/\" title=\"Florinel Coman\" rel=\"nofollow noopener\" target=\"_blank\">Florinel Coman<\/a>, legitimat la Al-Gharafa.<\/p>\n<p>Pe 14 septembrie, Al-Sadd va debuta \u0219i \u00een noul sezon de Champions League Elite, \u00eempotriva iranienilor de la Esteghlal Teheran.<\/p>\n<p>\u021ai-a pl\u0103cut articolul?<\/p>\n<p> Vrem s\u0103 producem mai multe, \u00eens\u0103 avem nevoie de sus\u021binerea ta. Orice dona\u021bie conteaz\u0103 pentru jurnalismul independent <\/p>\n","protected":false},"excerpt":{"rendered":"Sambata, 29 August 2026, ora 16:30 2163 citiri R\u0103zvan Burleanu FOTO Al Sadd R\u0103zvan Lucescu are un \u00eenceput&hellip;\n","protected":false},"author":2,"featured_media":280356,"comment_status":"","ping_status":"","sticky":false,"template":"","format":"standard","meta":{"footnotes":"","_share_on_mastodon":"0"},"categories":[20],"tags":[45913,76,2466,41,40,38,39,185,184],"class_list":["post-280355","post","type-post","status-publish","format-standard","has-post-thumbnail","category-sport","tag-al-sadd","tag-qatar","tag-razvan-lucescu","tag-ro","tag-romana","tag-romania","tag-romanian","tag-sport","tag-sports"],"share_on_mastodon":{"url":"https:\/\/pubeurope.com\/@ro\/117180979632198506","error":""},"_links":{"self":[{"href":"https:\/\/www.europesays.com\/ro\/wp-json\/wp\/v2\/posts\/280355","targetHints":{"allow":["GET"]}}],"collection":[{"href":"https:\/\/www.europesays.com\/ro\/wp-json\/wp\/v2\/posts"}],"about":[{"href":"https:\/\/www.europesays.com\/ro\/wp-json\/wp\/v2\/types\/post"}],"author":[{"embeddable":true,"href":"https:\/\/www.europesays.com\/ro\/wp-json\/wp\/v2\/users\/2"}],"replies":[{"embeddable":true,"href":"https:\/\/www.europesays.com\/ro\/wp-json\/wp\/v2\/comments?post=280355"}],"version-history":[{"count":0,"href":"https:\/\/www.europesays.com\/ro\/wp-json\/wp\/v2\/posts\/280355\/revisions"}],"wp:featuredmedia":[{"embeddable":true,"href":"https:\/\/www.europesays.com\/ro\/wp-json\/wp\/v2\/media\/280356"}],"wp:attachment":[{"href":"https:\/\/www.europesays.com\/ro\/wp-json\/wp\/v2\/media?parent=280355"}],"wp:term":[{"taxonomy":"category","embeddable":true,"href":"https:\/\/www.europesays.com\/ro\/wp-json\/wp\/v2\/categories?post=280355"},{"taxonomy":"post_tag","embeddable":true,"href":"https:\/\/www.europesays.com\/ro\/wp-json\/wp\/v2\/tags?post=280355"}],"curies":[{"name":"wp","href":"https:\/\/api.w.org\/{rel}","templated":true}]}}