{"id":280365,"date":"2026-08-29T21:51:15","date_gmt":"2026-08-29T21:51:15","guid":{"rendered":"https:\/\/www.europesays.com\/ro\/280365\/"},"modified":"2026-08-29T21:51:15","modified_gmt":"2026-08-29T21:51:15","slug":"actualizarea-optionala-windows-11-kb5120998-provoaca-probleme-extrem-de-enervante-pentru-pc-uri","status":"publish","type":"post","link":"https:\/\/www.europesays.com\/ro\/280365\/","title":{"rendered":"Actualizarea op\u021bional\u0103 Windows 11 KB5120998 provoac\u0103 probleme extrem de enervante pentru PC-uri"},"content":{"rendered":"<p>            <br style=\"clear: both; display: block; float: none;\"\/><br \/>\n<img title=\"windows 11 KB5120998\" fetchpriority=\"high\" decoding=\"async\" width=\"2560\" height=\"1440\" src=\"https:\/\/www.europesays.com\/ro\/wp-content\/uploads\/2026\/08\/windows-11-KB5120998.webp\" alt=\"windows 11 KB5120998\" class=\"wp-image-655431\"  \/><\/p>\n<p class=\"wp-block-paragraph\">Actualizarea op\u021bional\u0103 Windows 11 KB5120998, lansat\u0103 de Microsoft \u00een luna august, vine cu c\u00e2teva schimb\u0103ri a\u0219teptate de utilizatori, inclusiv o bar\u0103 de activit\u0103\u021bi care poate fi mutat\u0103, un meniu Start redimensionabil \u0219i o caset\u0103 Search simplificat\u0103. Totu\u0219i, potrivit unui val tot mai mare de raport\u0103ri din partea utilizatorilor, pachetul ar putea aduce \u0219i probleme serioase legate de personalizarea cursorului \u0219i de fundalul desktop.<\/p>\n<p><br style=\"clear: both; display: block; float: none;\"\/><a href=\"https:\/\/google.com\/preferences\/source?q=idevice.ro\" aria-label=\"Adaug\u0103 iDevice.ro ca surs\u0103 preferat\u0103 \u00een Google\" class=\"external\" rel=\"nofollow noopener\" target=\"_blank\"><img loading=\"lazy\" decoding=\"async\" src=\"data:image\/svg+xml,%3Csvg%20xmlns=\" http:=\"\" alt=\"Adaug\u0103 iDevice.ro ca surs\u0103 preferat\u0103 \u00een Google\" width=\"200\" height=\"73\" data-lazy-src=\"https:\/\/www.europesays.com\/ro\/wp-content\/uploads\/2026\/08\/1788040274_304_google_preferred_source_badge_light_en.png\"\/><\/a><\/p>\n<p class=\"wp-block-paragraph\">Informa\u021biile disponibile arat\u0103 c\u0103 bug-urile nu afecteaz\u0103 toate sistemele, \u00eens\u0103 num\u0103rul pl\u00e2ngerilor pare suficient de mare \u00eenc\u00e2t instalarea update-ului s\u0103 fie privit\u0103 cu pruden\u021b\u0103, cel pu\u021bin p\u00e2n\u0103 la o clarificare oficial\u0103 din partea Microsoft.<\/p>\n<p><br style=\"clear: both; display: block; float: none;\"\/><\/p>\n<p>Ce probleme sunt raportate dup\u0103 instalarea KB5120998<\/p>\n<p class=\"wp-block-paragraph\">Cea mai frecvent\u0103 reclama\u021bie vizeaz\u0103 cursorul de mouse. Mai mul\u021bi utilizatori spun c\u0103, dup\u0103 instalarea build-ului 26200.9278, cursorul personalizat revine la varianta implicit\u0103, alb\u0103 \u0219i m\u0103rit\u0103, iar modific\u0103rile f\u0103cute din set\u0103ri nu mai au efect.<\/p>\n<p class=\"wp-block-paragraph\">Conform raport\u0103rilor din Feedback Hub, \u00een unele cazuri nu mai pot fi aplicate nici cursoarele de sistem, nici cele personalizate. Unii utilizatori spun \u0219i c\u0103 indicatorul pare diferit fa\u021b\u0103 de cel obi\u0219nuit, inclusiv printr-o \u201ecoad\u0103\u201d mai lung\u0103, ceea ce ar putea indica o problem\u0103 de afi\u0219are sau de tem\u0103.<\/p>\n<p><img loading=\"lazy\" width=\"1920\" height=\"1080\" decoding=\"async\" src=\"data:image\/svg+xml,%3Csvg%20xmlns=\" http:=\"\" alt=\"Windows 11 actualizare op\u021bional\u0103 august KB5120998 instalat\u0103\" data-lazy-src=\"https:\/\/www.europesays.com\/ro\/wp-content\/uploads\/2026\/08\/il1xu0vhi0lo3b4kh7.jpg\"\/><\/p>\n<p class=\"wp-block-paragraph\">A doua problem\u0103 important\u0103 semnalat\u0103 \u021bine de wallpaper. Dup\u0103 instalarea actualiz\u0103rii, fundalul desktop ar fi fost \u00eenlocuit cu o culoare neagr\u0103 uniform\u0103. \u00cen unele situa\u021bii, utilizatorii spun c\u0103 imaginea de fundal poate fi setat\u0103 din nou manual, dar revine la negru dup\u0103 delogare sau restart, p\u00e2n\u0103 c\u00e2nd update-ul este eliminat.<\/p>\n<p>Nu toate PC-urile sunt afectate<\/p>\n<p class=\"wp-block-paragraph\">Exist\u0103 \u0219i cazuri \u00een care cele dou\u0103 erori apar \u00eempreun\u0103: cursor modificat f\u0103r\u0103 posibilitatea de personalizare \u0219i wallpaper resetat la negru imediat dup\u0103 instalare.<\/p>\n<p><img loading=\"lazy\" width=\"2074\" height=\"954\" decoding=\"async\" src=\"data:image\/svg+xml,%3Csvg%20xmlns=\" http:=\"\" alt=\"Problem\u0103 DISM \u00een Windows 11\" data-lazy-src=\"https:\/\/www.europesays.com\/ro\/wp-content\/uploads\/2026\/08\/u4zzc978gxs4uddvf4.webp\"\/><\/p>\n<p class=\"wp-block-paragraph\">Sursa citat\u0103 arat\u0103 clar c\u0103 problemele nu apar pe toate dispozitivele. Au existat \u0219i utilizatori care au instalat KB5120998 pe mai multe sisteme f\u0103r\u0103 s\u0103 observe nicio anomalie. Acest lucru sugereaz\u0103 c\u0103 bug-urile ar putea depinde de anumite configura\u021bii hardware, de scalarea afi\u0219ajului sau de set\u0103rile de tem\u0103 folosite \u00een Windows 11.<\/p>\n<p class=\"wp-block-paragraph\">Chiar \u0219i a\u0219a, amploarea raport\u0103rilor pare mai mare dec\u00e2t \u00een cazul unor erori minore obi\u0219nuite pentru update-urile op\u021bionale.<\/p>\n<p>Microsoft ar analiza deja pl\u00e2ngerile<\/p>\n<p class=\"wp-block-paragraph\">Potrivit informa\u021biilor din Feedback Hub, Microsoft a confirmat c\u0103 a primit sesiz\u0103rile \u0219i c\u0103 investigheaz\u0103 situa\u021bia. Deocamdat\u0103, compania nu a publicat o notificare oficial\u0103 \u00een care s\u0103 includ\u0103 aceste probleme pe lista de bug-uri cunoscute pentru KB5120998.<\/p>\n<p class=\"wp-block-paragraph\">\u00cen acela\u0219i context, Jen Gentleman, inginer software Microsoft, le-a reamintit utilizatorilor c\u0103 acest update este op\u021bional. Asta \u00eenseamn\u0103 c\u0103 poate fi s\u0103rit, iar modific\u0103rile incluse \u00een el ar urma s\u0103 ajung\u0103 ulterior \u0219i \u00een actualizarea obligatorie urm\u0103toare. Utilizatorilor afecta\u021bi li s-a cerut s\u0103 trimit\u0103 rapoarte c\u00e2t mai detaliate prin Feedback Hub.<\/p>\n<p class=\"wp-block-paragraph\">Pe l\u00e2ng\u0103 erorile legate de cursor \u0219i wallpaper, au ap\u0103rut \u0219i pl\u00e2ngeri privind un posibil mesaj DISM cu codul 0x800f0915 la \u00eencercarea de reparare a imaginii de sistem dup\u0103 instalarea update-ului. Totu\u0219i, aceast\u0103 problem\u0103 ar circula de mai multe luni \u0219i pe alte build-uri Windows 11, astfel c\u0103 nu este clar dac\u0103 are leg\u0103tur\u0103 direct\u0103 cu KB5120998.<\/p>\n<p class=\"wp-block-paragraph\">De asemenea, au fost observate \u0219i raport\u0103ri despre text care ar deveni pixelat sau neclar dup\u0103 actualizare, inclusiv \u00een situa\u021bii \u00een care utilizatorii au \u00eencercat s\u0103 refac\u0103 afi\u0219area cu ClearType.<\/p>\n<p>Ce po\u021bi face dac\u0103 ai instalat deja update-ul<\/p>\n<p class=\"wp-block-paragraph\">\u00cen cazurile \u00een care problemele apar, solu\u021bia care pare s\u0103 fi func\u021bionat constant pentru utilizatorii afecta\u021bi este dezinstalarea actualiz\u0103rii. Pa\u0219ii indica\u021bi sunt simpli:<\/p>\n<ul class=\"wp-block-list\">\n<li>Deschide Settings, apoi intr\u0103 \u00een Windows Update, mergi la Update History \u0219i alege op\u021biunea Uninstall update.<\/li>\n<li>Selecteaz\u0103 KB5120998 \u0219i apas\u0103 Uninstall.<\/li>\n<li>La final, reporne\u0219te sistemul.<\/li>\n<\/ul>\n<p class=\"wp-block-paragraph\">Eliminarea pachetului ar readuce comportamentul normal al cursorului \u0219i al fundalului desktop.<\/p>\n<p>Merit\u0103 instalat\u0103 acum actualizarea KB5120998 ?<\/p>\n<p class=\"wp-block-paragraph\">Pe baza informa\u021biilor disponibile \u00een acest moment, r\u0103spunsul prudent pare s\u0103 fie nu. Chiar dac\u0103 update-ul aduce func\u021bii dorite de mul\u021bi utilizatori, precum taskbar mutabil, Start redimensionabil \u0219i un Search mai aerisit, bug-urile raportate sunt suficient de serioase \u00eenc\u00e2t s\u0103 afecteze experien\u021ba de utilizare de zi cu zi.<\/p>\n<p class=\"wp-block-paragraph\">\u00cen plus, fiind vorba despre un update op\u021bional, utilizatorii nu sunt obliga\u021bi s\u0103 \u00eel instaleze imediat. Schimb\u0103rile incluse ar urma s\u0103 ajung\u0103 pentru toat\u0103 lumea odat\u0103 cu actualizarea obligatorie Patch Tuesday din septembrie 2026, programat\u0103 pentru 8 septembrie. P\u00e2n\u0103 atunci, Microsoft ar putea avea timp s\u0103 corecteze problemele semnalate.<\/p>\n<p class=\"wp-block-paragraph\">Pentru cei care au instalat deja KB5120998 \u0219i nu observ\u0103 nicio problem\u0103, situa\u021bia poate r\u0103m\u00e2ne neschimbat\u0103. \u00cens\u0103 pentru cei care \u00eenc\u0103 nu au f\u0103cut pasul, cea mai sigur\u0103 variant\u0103 pare s\u0103 fie am\u00e2narea instal\u0103rii p\u00e2n\u0103 la apari\u021bia unei remedieri sau a unei confirm\u0103ri oficiale mai clare din partea Microsoft.<\/p>\n<p><br style=\"clear: both; display: block; float: none;\"\/>\t\t\t<\/p>\n","protected":false},"excerpt":{"rendered":"Actualizarea op\u021bional\u0103 Windows 11 KB5120998, lansat\u0103 de Microsoft \u00een luna august, vine cu c\u00e2teva schimb\u0103ri a\u0219teptate de utilizatori,&hellip;\n","protected":false},"author":2,"featured_media":280366,"comment_status":"","ping_status":"","sticky":false,"template":"","format":"standard","meta":{"footnotes":"","_share_on_mastodon":"0"},"categories":[16],"tags":[77316,77317,77318,77319,10215,77322,19815,25025,77321,32474,76866,796,41,40,38,39,141,124,77320,2453],"class_list":["post-280365","post","type-post","status-publish","format-standard","has-post-thumbnail","category-tehnologie","tag-actualizare-optionala","tag-cursor","tag-dism","tag-feedback-hub","tag-ipad","tag-ipad-4","tag-ipad-air","tag-ipad-mini","tag-iphone-5","tag-iphone-5s","tag-kb5120998","tag-microsoft","tag-ro","tag-romana","tag-romania","tag-romanian","tag-technology","tag-tehnologie","tag-wallpaper-iphone","tag-windows-11"],"share_on_mastodon":{"url":"https:\/\/pubeurope.com\/@ro\/117181015195122227","error":""},"_links":{"self":[{"href":"https:\/\/www.europesays.com\/ro\/wp-json\/wp\/v2\/posts\/280365","targetHints":{"allow":["GET"]}}],"collection":[{"href":"https:\/\/www.europesays.com\/ro\/wp-json\/wp\/v2\/posts"}],"about":[{"href":"https:\/\/www.europesays.com\/ro\/wp-json\/wp\/v2\/types\/post"}],"author":[{"embeddable":true,"href":"https:\/\/www.europesays.com\/ro\/wp-json\/wp\/v2\/users\/2"}],"replies":[{"embeddable":true,"href":"https:\/\/www.europesays.com\/ro\/wp-json\/wp\/v2\/comments?post=280365"}],"version-history":[{"count":0,"href":"https:\/\/www.europesays.com\/ro\/wp-json\/wp\/v2\/posts\/280365\/revisions"}],"wp:featuredmedia":[{"embeddable":true,"href":"https:\/\/www.europesays.com\/ro\/wp-json\/wp\/v2\/media\/280366"}],"wp:attachment":[{"href":"https:\/\/www.europesays.com\/ro\/wp-json\/wp\/v2\/media?parent=280365"}],"wp:term":[{"taxonomy":"category","embeddable":true,"href":"https:\/\/www.europesays.com\/ro\/wp-json\/wp\/v2\/categories?post=280365"},{"taxonomy":"post_tag","embeddable":true,"href":"https:\/\/www.europesays.com\/ro\/wp-json\/wp\/v2\/tags?post=280365"}],"curies":[{"name":"wp","href":"https:\/\/api.w.org\/{rel}","templated":true}]}}