{"id":280389,"date":"2026-08-29T22:45:13","date_gmt":"2026-08-29T22:45:13","guid":{"rendered":"https:\/\/www.europesays.com\/ro\/280389\/"},"modified":"2026-08-29T22:45:13","modified_gmt":"2026-08-29T22:45:13","slug":"transferul-carierei-pentru-andrei-ratiu-dorit-in-premier-league-de-fostul-antrenor-de-la-real-madrid","status":"publish","type":"post","link":"https:\/\/www.europesays.com\/ro\/280389\/","title":{"rendered":"Transferul carierei pentru Andrei Ra\u021biu, dorit \u00een Premier League de fostul antrenor de la Real Madrid"},"content":{"rendered":"<p>Sambata, 29 August 2026, ora 11:50<\/p>\n<p>11775 citiri<\/p>\n<p><a class=\"news__image\" data-href=\"https:\/\/s2.ziareromania.ro\/?mmid=12ab456b16048d99b6\" data-size=\"470x308\" title=\"Transferul carierei pentru Andrei Ra\u021biu, dorit \u00een Premier League de fostul antrenor de la Real Madrid\"><img decoding=\"async\" src=\"https:\/\/www.europesays.com\/ro\/wp-content\/uploads\/2026\/08\/Transferul-carierei-pentru-Andrei-Ra--iu--dorit---n-Premier-League-de-fostul-antrenor-de-la-Real-Mad.jpeg\" alt=\"Transferul carierei pentru Andrei Ra\u021biu, dorit \u00een Premier League de fostul antrenor de la Real Madrid\" title=\"Transferul carierei pentru Andrei Ra\u021biu, dorit \u00een Premier League de fostul antrenor de la Real Madrid\" class=\"img-responsive\"\/><\/a><\/p>\n<p>Andrei Ra\u021biu FOTO X @LigActu<\/p>\n<p>Interna\u021bionalul rom\u00e2n Andrei Ra\u021biu (28 de ani) de la Rayo Vallecano e aproape de un <a href=\"https:\/\/ziare.com\/fotbal\/transfer\/\" title=\"transfer\" rel=\"nofollow noopener\" target=\"_blank\">transfer<\/a> spectaculos \u00een <a href=\"https:\/\/ziare.com\/fotbal\/premier-league\/\" title=\"Premier League\" rel=\"nofollow noopener\" target=\"_blank\">Premier League<\/a>.<\/p>\n<p>Astfel, \u00een ultimele zile ale perioadei de transferuri, Andrei Ra\u021biu a ajuns la un acord cu echipa <a href=\"https:\/\/ziare.com\/fc-fulham\/\" title=\"Fulham\" rel=\"nofollow noopener\" target=\"_blank\">Fulham<\/a>, unde este dorit cu insisten\u021b\u0103 de noul antrenor, Alvaro Arbeloa (43 de ani), care a preg\u0103tit-o recent \u0219i pe <a href=\"https:\/\/ziare.com\/real-madrid\/\" title=\"Real Madrid\" rel=\"nofollow noopener\" target=\"_blank\">Real Madrid<\/a>.<\/p>\n<p>\u201eFulham se afl\u0103 \u00een negocieri avansate cu Rayo Vallecano pentru Andrei Ra\u021biu. Situa\u021bia pare \u00eembucur\u0103toare pentru juc\u0103tor, care \u00ee\u0219i dore\u0219te s\u0103 ajung\u0103 \u00een Premier League. Exist\u0103 deja un acord \u00eentre Andrei Ra\u021biu \u0219i Fulham\u201d, a anun\u021bat jurnalistul spaniol Matteo Moretto, colaborator Marca.<\/p>\n<p>Evaluat la 18 milioane de euro de site-ul Transfermarkt, Andrei Ra\u021biu a str\u00e2ns 104 <a href=\"https:\/\/ziare.com\/fotbal\/meciuri\/\" title=\"meciuri\" rel=\"nofollow noopener\" target=\"_blank\">meciuri<\/a> pentru Rayo Vallecano \u00een toate competi\u021biile, reu\u0219ind s\u0103 marcheze 4 <a href=\"https:\/\/ziare.com\/fotbal\/goluri\/\" title=\"goluri\" rel=\"nofollow noopener\" target=\"_blank\">goluri<\/a>.<\/p>\n<p>\u021ai-a pl\u0103cut articolul?<\/p>\n<p> Vrem s\u0103 producem mai multe, \u00eens\u0103 avem nevoie de sus\u021binerea ta. Orice dona\u021bie conteaz\u0103 pentru jurnalismul independent <\/p>\n","protected":false},"excerpt":{"rendered":"Sambata, 29 August 2026, ora 11:50 11775 citiri Andrei Ra\u021biu FOTO X @LigActu Interna\u021bionalul rom\u00e2n Andrei Ra\u021biu (28&hellip;\n","protected":false},"author":2,"featured_media":280390,"comment_status":"","ping_status":"","sticky":false,"template":"","format":"standard","meta":{"footnotes":"","_share_on_mastodon":"0"},"categories":[20],"tags":[337,351,1642,1083,41,40,38,39,185,184,379],"class_list":["post-280389","post","type-post","status-publish","format-standard","has-post-thumbnail","category-sport","tag-andrei-ratiu","tag-antrenor","tag-premier-league","tag-real-madrid","tag-ro","tag-romana","tag-romania","tag-romanian","tag-sport","tag-sports","tag-transfer"],"share_on_mastodon":{"url":"https:\/\/pubeurope.com\/@ro\/117181227249279081","error":""},"_links":{"self":[{"href":"https:\/\/www.europesays.com\/ro\/wp-json\/wp\/v2\/posts\/280389","targetHints":{"allow":["GET"]}}],"collection":[{"href":"https:\/\/www.europesays.com\/ro\/wp-json\/wp\/v2\/posts"}],"about":[{"href":"https:\/\/www.europesays.com\/ro\/wp-json\/wp\/v2\/types\/post"}],"author":[{"embeddable":true,"href":"https:\/\/www.europesays.com\/ro\/wp-json\/wp\/v2\/users\/2"}],"replies":[{"embeddable":true,"href":"https:\/\/www.europesays.com\/ro\/wp-json\/wp\/v2\/comments?post=280389"}],"version-history":[{"count":0,"href":"https:\/\/www.europesays.com\/ro\/wp-json\/wp\/v2\/posts\/280389\/revisions"}],"wp:featuredmedia":[{"embeddable":true,"href":"https:\/\/www.europesays.com\/ro\/wp-json\/wp\/v2\/media\/280390"}],"wp:attachment":[{"href":"https:\/\/www.europesays.com\/ro\/wp-json\/wp\/v2\/media?parent=280389"}],"wp:term":[{"taxonomy":"category","embeddable":true,"href":"https:\/\/www.europesays.com\/ro\/wp-json\/wp\/v2\/categories?post=280389"},{"taxonomy":"post_tag","embeddable":true,"href":"https:\/\/www.europesays.com\/ro\/wp-json\/wp\/v2\/tags?post=280389"}],"curies":[{"name":"wp","href":"https:\/\/api.w.org\/{rel}","templated":true}]}}