{"id":280563,"date":"2026-08-30T07:04:15","date_gmt":"2026-08-30T07:04:15","guid":{"rendered":"https:\/\/www.europesays.com\/ro\/280563\/"},"modified":"2026-08-30T07:04:15","modified_gmt":"2026-08-30T07:04:15","slug":"samsung-uniformizeaza-galaxy-s26-fe-smartphone-ul-e-livrat-cu-procesor-exynos-2500-la-nivel-global","status":"publish","type":"post","link":"https:\/\/www.europesays.com\/ro\/280563\/","title":{"rendered":"Samsung uniformizeaz\u0103 Galaxy S26 FE; Smartphone-ul e livrat cu procesor Exynos 2500 la nivel global"},"content":{"rendered":"<p>Se discut\u0103 de ceva timp despre o \u201euniformizare\u201d \u00een cadrul Samsung \u00een ceea ce prive\u0219te procesoarele folosite. Compania a oscilat ani la r\u00e2nd, oferind flagship-uri cu CPU-uri Exynos \u00een Europa, Coreea de Sud \u0219i alte c\u00e2teva regiuni, utilizatorii din SUA bucur\u00e2ndu-se \u00eens\u0103 de cipseturi Snapdragon, considerate de mul\u021bi fani mai bune \u0219i mai eficiente. Iat\u0103 \u00eens\u0103 c\u0103 odat\u0103 cu <a href=\"https:\/\/www.mobilissimo.ro\/telefoane\/samsung\/galaxy-s26-fe\" target=\"_blank\" rel=\"nofollow noopener\">Galaxy S26 FE<\/a> aceast\u0103 uniformizare devine realitate, iar terminalul e oferit \u00een aceea\u0219i configura\u021bie la nivel global. Detalii avem mai jos!<\/p>\n<p class=\"photoGallery\"><a class=\"ui-action-gallery-overlay\" data-photo-gallery-id=\"15762\"><img class=\"articleGalleryPreviewImage\" src=\"https:\/\/www.europesays.com\/ro\/wp-content\/uploads\/2026\/08\/6a902977f41ce.jpg\" alt=\"Samsung Galaxy S26 FE - Imagini oficiale (galerie)\" width=\"1200\" height=\"700\" loading=\"lazy\" decoding=\"async\"\/>Samsung Galaxy S26 FE &#8211; Imagini oficiale (galerie)<\/a><\/p>\n<p>Tactica simplific\u0103 cumva situa\u021bia pentru cump\u0103r\u0103tori. Indiferent dac\u0103 telefonul este cump\u0103rat din Europa sau din alt\u0103 pia\u021b\u0103, platforma r\u0103m\u00e2ne aceea\u0219i. Galaxy S26 FE face astfel trecerea la Exynos 2500, \u00een timp ce Galaxy S25 FE folosea Exynos 2400. Procesorul este, de altfel, principala schimbare hardware a acestei genera\u021bii.<\/p>\n<p>Samsung sus\u021bine c\u0103 Exynos 2500 aduce performan\u021b\u0103 CPU cu 15% mai ridicat\u0103 pe nucleul principal fa\u021b\u0103 de Exynos 2400, \u00een timp ce performan\u021ba AI rulat\u0103 direct pe dispozitiv ar cre\u0219te cu 39%. Componenta grafic\u0103 Xclipse 950 prime\u0219te la r\u00e2ndul s\u0103u un plus de performan\u021b\u0103 fa\u021b\u0103 de genera\u021bia anterioar\u0103.<\/p>\n<p>Exynos 2500 nu este chiar o necunoscut\u0103. \u00cenainte de lansare, Galaxy S26 FE ap\u0103ruse deja \u00een <a href=\"https:\/\/www.mobilissimo.ro\/stiri-telefoane\/galaxy-s26-fe-ar-putea-dezvalui-adevarata-putere-a-procesorului-exynos-2500-depasind-performantele-lui-galaxy-z-flip-7-in-geekbench\" target=\"_blank\" rel=\"nofollow noopener\">teste Geekbench<\/a>, iar procesorul fusese asociat \u00een repetate r\u00e2nduri cu terminalul. Diferen\u021ba este c\u0103 acum \u0219tim \u0219i c\u0103 Samsung nu p\u0103streaz\u0103 o versiune Snapdragon pentru anumite regiuni.<\/p>\n<p style=\"text-align:center\">\n<p>Schimbarea conteaz\u0103 cu at\u00e2t mai mult cu c\u00e2t restul re\u021betei r\u0103m\u00e2ne apropiat de cea folosit\u0103 anul trecut. S26 FE p\u0103streaz\u0103 un ecran de 6.7 inch \u00een diagonal\u0103, bateria de 4900 mAh \u0219i o configura\u021bie foto familiar\u0103. Asta pune mai mult\u0103 presiune pe procesor \u0219i pe noile func\u021bii software pentru a justifica upgrade-ul.<\/p>\n<p>\u00cen Rom\u00e2nia noul model e deja <a href=\"https:\/\/www.mobilissimo.ro\/articole-telefoane\/pret-si-disponibilitate-samsung-galaxy-s26-fe-in-romania\" target=\"_blank\" rel=\"nofollow noopener\">listat oficial la precomand\u0103<\/a>, la o sum\u0103 destul de piperat\u0103. Pleac\u0103 de la <a href=\"https:\/\/www.bf.ro\/go\/emAs6oD0\" rel=\"nofollow noopener noreferrer\" target=\"_blank\">4.199 lei<\/a> \u00een variant\u0103 de baz\u0103, \u00een timp ce predecesorul, Galaxy S25 FE, cost\u0103 <a href=\"https:\/\/www.bf.ro\/go\/Jnf6mC46\" rel=\"nofollow noopener noreferrer\" target=\"_blank\">sub 2800 de lei<\/a>.<\/p>\n","protected":false},"excerpt":{"rendered":"Se discut\u0103 de ceva timp despre o \u201euniformizare\u201d \u00een cadrul Samsung \u00een ceea ce prive\u0219te procesoarele folosite. Compania&hellip;\n","protected":false},"author":2,"featured_media":280564,"comment_status":"","ping_status":"","sticky":false,"template":"","format":"standard","meta":{"footnotes":"","_share_on_mastodon":"0"},"categories":[16],"tags":[274,26116,15855,15417,41,40,38,39,163,41494,141,124],"class_list":["post-280563","post","type-post","status-publish","format-standard","has-post-thumbnail","category-tehnologie","tag-android","tag-exynos-2400","tag-exynos-2500","tag-galaxy-s25-fe","tag-ro","tag-romana","tag-romania","tag-romanian","tag-samsung","tag-samsung-galaxy-s26-fe","tag-technology","tag-tehnologie"],"share_on_mastodon":{"url":"https:\/\/pubeurope.com\/@ro\/117183189753748069","error":""},"_links":{"self":[{"href":"https:\/\/www.europesays.com\/ro\/wp-json\/wp\/v2\/posts\/280563","targetHints":{"allow":["GET"]}}],"collection":[{"href":"https:\/\/www.europesays.com\/ro\/wp-json\/wp\/v2\/posts"}],"about":[{"href":"https:\/\/www.europesays.com\/ro\/wp-json\/wp\/v2\/types\/post"}],"author":[{"embeddable":true,"href":"https:\/\/www.europesays.com\/ro\/wp-json\/wp\/v2\/users\/2"}],"replies":[{"embeddable":true,"href":"https:\/\/www.europesays.com\/ro\/wp-json\/wp\/v2\/comments?post=280563"}],"version-history":[{"count":0,"href":"https:\/\/www.europesays.com\/ro\/wp-json\/wp\/v2\/posts\/280563\/revisions"}],"wp:featuredmedia":[{"embeddable":true,"href":"https:\/\/www.europesays.com\/ro\/wp-json\/wp\/v2\/media\/280564"}],"wp:attachment":[{"href":"https:\/\/www.europesays.com\/ro\/wp-json\/wp\/v2\/media?parent=280563"}],"wp:term":[{"taxonomy":"category","embeddable":true,"href":"https:\/\/www.europesays.com\/ro\/wp-json\/wp\/v2\/categories?post=280563"},{"taxonomy":"post_tag","embeddable":true,"href":"https:\/\/www.europesays.com\/ro\/wp-json\/wp\/v2\/tags?post=280563"}],"curies":[{"name":"wp","href":"https:\/\/api.w.org\/{rel}","templated":true}]}}