{"id":280715,"date":"2026-08-30T09:35:08","date_gmt":"2026-08-30T09:35:08","guid":{"rendered":"https:\/\/www.europesays.com\/ro\/280715\/"},"modified":"2026-08-30T09:35:08","modified_gmt":"2026-08-30T09:35:08","slug":"urmatorul-transfer-de-la-dinamo-lovitura-in-superliga-este-interesant","status":"publish","type":"post","link":"https:\/\/www.europesays.com\/ro\/280715\/","title":{"rendered":"Urm\u0103torul transfer de la Dinamo? Lovitur\u0103 \u00een Superliga: \u201eEste interesant\u201d"},"content":{"rendered":"<p>Unul dintre juc\u0103torii de baz\u0103 de la Dinamo ar putea fi urm\u0103torul produs important de export al clubului, \u00een urma ultimelor sezoane solide, dar \u0219i al startului bun de campionat.<\/p>\n<p><a href=\"https:\/\/www.sport.ro\/liga-1\/corvinul-dinamo-live-text-pe-sport-ro-de-la-21-30-doar-victoria-ii-tine-pe-caini-lideri-in-campionat.html\" rel=\"noopener noreferrer nofollow\" target=\"_blank\">Dinamo a remizat \u00een deplasare \u00een fa\u021ba lui Corvinul, scor 1-1<\/a>, \u00eentr-un meci din runda a \u0219aptea a Superligii, care s-a desf\u0103\u0219urat s\u00e2mb\u0103t\u0103 seara. Cu toate c\u0103 nu s-au impus la Arad, \u201ec\u00e2inii\u201d se afl\u0103 \u00een contiuare pe primul loc.<\/p>\n<p><a class=\"intertitle\" href=\"https:\/\/www.sport.ro\/liga-1\/javascript:;\" name=\"cristi-pulhac-a-numit-urmatorul-jucator-care-s-ar-putea-transfera-de-la-dinamo\" rel=\"nofollow noopener\" target=\"_blank\">Cristi Pulhac a numit urm\u0103torul juc\u0103tor care s-ar putea transfera de la Dinamo<\/p>\n<p><a href=\"https:\/\/www.sport.ro\/liga-1\/matinalul-voyo-sport-live-de-la-10-00-pe-voyo-sport-1-cristi-pulhac-si-ion-alexandru-sunt-invitatii-lui-andru-nenciu.html\" rel=\"noopener noreferrer nofollow\" target=\"_blank\">Cristi Pulhac \u0219i Ion Alexandru au fost invita\u021bii lui Andru Nenciu \u00een emisiunea VOYO SPORT LIVE<\/a> \u0219i au abordat mai multe subiecte interesante din Superliga \u0219i nu numai.<\/p>\n<p>Fostul fotbalist de la Dinamo a fost \u00eentrebat ce juc\u0103tori din actualul lot al lui Nuno Campos crede c\u0103 va face pasul la o echip\u0103 din afar\u0103.<\/p>\n<p><a href=\"https:\/\/www.sport.ro\/liga-1\/jucatorul-de-la-dinamo-care-a-impresionat-pe-toata-lumea-trage-echipa-dupa-el.html\" rel=\"noopener noreferrer nofollow\" target=\"_blank\">Cristi Pulhac l-a nominalizat<\/a> pe Raul Opru\u021b, dar \u0219i pe C\u0103t\u0103lin C\u00eerjan, dar nu \u0219tie \u00een ce campionat s-ar potrivi.<\/p>\n<p>(n.r. Cine ar putea s\u0103 plece \u00een str\u0103in\u0103tate de la Dinamo?) Opru\u021b este juc\u0103tor interesant, are o v\u00e2rst\u0103 care l-ar putea propulsa \u00eenspre un transfer \u00een str\u0103in\u0103tate \u0219i cred c\u0103 ar cre\u0219te. C\u0103t\u0103lin C\u00eerjan ar putea \u0219i el, dar nu \u0219tiu \u00een ce campionat\u201d, a spus Cristi Pulhac, \u00een exclusivitate la VOYO SPORT 1.<\/p>\n<p><a class=\"intertitle\" href=\"https:\/\/www.sport.ro\/liga-1\/javascript:;\" name=\"cristi-pulhac-karamoko-trage-echipa-dupa-el\" rel=\"nofollow noopener\" target=\"_blank\">Cristi Pulhac: \u201dKaramoko trage echipa dup\u0103 el\u201d<\/p>\n<p>Cristi Pulhac (42 de ani), fostul campion al Rom\u00e2niei cu Dinamo, a urm\u0103rit partida de la Arad \u0219i a avut un remarcat: pe atacantul <a href=\"https:\/\/www.sport.ro\/liga-1\/mamoudou-karamoko-a-dat-cartile-pe-fata-despre-viitorul-sau-dupa-corvinul-dinamo-asta-sper.html\" rel=\"noopener noreferrer nofollow\" target=\"_blank\">Mamoudou Karamoko (26 de ani), care a marcat golul \u201dc\u00e2inilor\u201d<\/a>.<\/p>\n<p>\u201eAm avut un meci intens, spectaculos. Dinamo e mult mai matur\u0103 \u00een joc fa\u021b\u0103 de anul trecut, un sistem de joc diferit, dar nu m\u0103 a\u0219teptam s\u0103-\u0219i intre \u00een joc a\u0219a de rapid.\u00a0<\/p>\n<p>C\u00eerjan mi se pare pu\u021bin mai izolat fa\u021b\u0103 de anul trecut, avea o libertate mai mare \u00een joc. Karamoko mi se pare un juc\u0103tor care, c\u00e2nd alearg\u0103, trage echipa dup\u0103 el\u201d, a spus Pulhac, la \u201dVoyo Sport Live\u201d.<\/p>\n<p><a class=\"intertitle\" href=\"https:\/\/www.sport.ro\/liga-1\/javascript:;\" name=\"caseta-meciului\" rel=\"nofollow noopener\" target=\"_blank\">Caseta meciului<\/p>\n<ul>\n<li>CORVINUL: C. Sandu \u2013 F. Iacob, Ivancevic (F. Ilie 80&#8242;), A. Manolache, Neac\u015fa (Hayatu 68&#8242;) \u2013 Hrezdac, Sergio Ribeiro (C\u0103r\u0103ru\u015f 61&#8242;) \u2013 Yeboah, Fabry (Goodlad 79&#8242;), D. P\u00eervulescu \u2013 Espinosa (Gillard 62&#8242;). ANTRENOR: Florin Maxim<\/li>\n<li>DINAMO: Bellaarouch \u2013 D. Irimia (S. Opri\u015f 87&#8242;), Pascual, Stoinov, Opru\u0163 \u2013 Armstrong, Alberto Soro, M\u0103rginean (Verreth 68&#8242;), C\u00eerjan (Al. Pop 88&#8242;) \u2013 Hintsa (Diogo Pinto 68&#8242;), M. Karamoko. ANTRENOR: Nuno Campos<\/li>\n<li>Au marcat: Espinosa 15&#8242; \/ Karamoko 51&#8242;\u00a0<\/li>\n<li>Cartona\u015fe galbene: Neac\u015fa 29&#8242;, Yeboah 74&#8242; \/ Pascual 58&#8242;, Alberto Soro 67&#8242;, C\u00eerjan 71&#8242;<\/li>\n<li>Arbitri: Andrei Moroi\u0163\u0103 \u2013 Ionel Dumitru, Adrian Vornicu<\/li>\n<li>Arbitri VAR: George G\u0103man \u2013 Lucian Rusandu<\/li>\n<\/ul>\n<p>Bucure\u015ftenii r\u0103m\u00e2n lideri, cu 14 puncte, \u00een timp ce Corvinul bifeaz\u0103 al patrulea meci egal \u015fi, cu 10 puncte, e pe locul 6.<\/p>\n","protected":false},"excerpt":{"rendered":"Unul dintre juc\u0103torii de baz\u0103 de la Dinamo ar putea fi urm\u0103torul produs important de export al clubului,&hellip;\n","protected":false},"author":2,"featured_media":280716,"comment_status":"","ping_status":"","sticky":false,"template":"","format":"standard","meta":{"footnotes":"","_share_on_mastodon":"0"},"categories":[5],"tags":[32,33,31,36,37,27,34,35,25,41,40,38,39,26,28,29,30],"class_list":["post-280715","post","type-post","status-publish","format-standard","has-post-thumbnail","category-titluri","tag-breaking-news","tag-breakingnews","tag-cele-mai-populare-subiecte","tag-featured-news","tag-featurednews","tag-headlines","tag-latest-news","tag-latestnews","tag-news","tag-ro","tag-romana","tag-romania","tag-romanian","tag-stiri","tag-titluri","tag-top-stories","tag-topstories"],"share_on_mastodon":{"url":"https:\/\/pubeurope.com\/@ro\/117183782907057100","error":""},"_links":{"self":[{"href":"https:\/\/www.europesays.com\/ro\/wp-json\/wp\/v2\/posts\/280715","targetHints":{"allow":["GET"]}}],"collection":[{"href":"https:\/\/www.europesays.com\/ro\/wp-json\/wp\/v2\/posts"}],"about":[{"href":"https:\/\/www.europesays.com\/ro\/wp-json\/wp\/v2\/types\/post"}],"author":[{"embeddable":true,"href":"https:\/\/www.europesays.com\/ro\/wp-json\/wp\/v2\/users\/2"}],"replies":[{"embeddable":true,"href":"https:\/\/www.europesays.com\/ro\/wp-json\/wp\/v2\/comments?post=280715"}],"version-history":[{"count":0,"href":"https:\/\/www.europesays.com\/ro\/wp-json\/wp\/v2\/posts\/280715\/revisions"}],"wp:featuredmedia":[{"embeddable":true,"href":"https:\/\/www.europesays.com\/ro\/wp-json\/wp\/v2\/media\/280716"}],"wp:attachment":[{"href":"https:\/\/www.europesays.com\/ro\/wp-json\/wp\/v2\/media?parent=280715"}],"wp:term":[{"taxonomy":"category","embeddable":true,"href":"https:\/\/www.europesays.com\/ro\/wp-json\/wp\/v2\/categories?post=280715"},{"taxonomy":"post_tag","embeddable":true,"href":"https:\/\/www.europesays.com\/ro\/wp-json\/wp\/v2\/tags?post=280715"}],"curies":[{"name":"wp","href":"https:\/\/api.w.org\/{rel}","templated":true}]}}