{"id":280737,"date":"2026-08-30T09:56:12","date_gmt":"2026-08-30T09:56:12","guid":{"rendered":"https:\/\/www.europesays.com\/ro\/280737\/"},"modified":"2026-08-30T09:56:12","modified_gmt":"2026-08-30T09:56:12","slug":"moment-uluitor-un-fan-i-a-smuls-unui-copil-tricoul-primit-de-la-starul-lui-liverpool","status":"publish","type":"post","link":"https:\/\/www.europesays.com\/ro\/280737\/","title":{"rendered":"Moment uluitor! Un fan i-a smuls unui copil tricoul primit de la starul lui Liverpool"},"content":{"rendered":"<p>\t    <img loading=\"lazy\" decoding=\"async\" class=\"mg-x-auto\" width=\"30\" height=\"30\" src=\"https:\/\/www.europesays.com\/ro\/wp-content\/uploads\/2026\/08\/1788083770_936_google-g.png\" alt=\"\"\/><\/p>\n<p id=\"p-0\">Un episod halucinant a avut loc \u00een Anglia, un fan smulg\u00e2nd tricoul unui star de la Liverpool din bra\u021bele unui copil, \u00een urma remizei \u00eenregistrate \u00eentre \u201ecormorani\u201d \u0219i Nottingham Forest, scor 2-2, s\u00e2mb\u0103t\u0103, \u00een etapa a doua din Premier League.<\/p>\n<p id=\"p-1\">Atacantul suedez Alexander Isak (26 de ani), adus pe \u201eAnfield\u201d \u00een septembrie 2025, \u00een schimbul sumei de 145.000.000 de euro, se \u00eendrepta spre tunel. El a z\u0103rit un t\u00e2n\u0103r suporter \u00een tribune \u0219i \u0219i-a dat jos tricoul. Isak a vrut s\u0103 fac\u0103 un gest superb pentru respectivul copil, dar un alt fan, trecut de prima tinere\u021be, a pus m\u00e2na pe articolul vestimentar.<\/p>\n<p>Vedeta lui Liverpool a r\u0103mas masc\u0103 dup\u0103 teribila ac\u021biune a b\u0103rbatului. Fanii au reac\u021bionat: \u201eOare nu \u00ee\u0219i dau seama c\u0103 sunt camere peste tot?\u201d<\/p>\n<p id=\"p-2\">Suedezul s-a uitat lung c\u0103tre b\u0103rbatul care a ob\u021binut tricoul. Sus\u021bin\u0103torul ro\u0219-albilor a fost surprins schi\u021b\u00e2nd un z\u00e2mbet, \u00een timp ce b\u0103iatul a r\u0103mas dezam\u0103git, cu m\u00e2na \u00eentins\u0103 spre el.<\/p>\n<p>                <a href=\"https:\/\/www.prosport.ro\/poze\/moment-uluitor-camere-tv-fan-liverpool-copil-tricou-isak-20513731\" rel=\"nofollow noopener\" target=\"_blank\">&#13;<br \/>\n                                            <img decoding=\"async\" loading=\"lazy\" fetchpriority=\"low\" src=\"https:\/\/www.europesays.com\/ro\/wp-content\/uploads\/2026\/08\/https:\/\/www.prosport.ro\/wp-content\/uploads\/2026\/08\/tricou-isak.jpeg\" width=\"458\" height=\"305\"\/>&#13;<br \/>\n                                    <\/a><\/p>\n<p>                <a href=\"https:\/\/www.prosport.ro\/poze\/moment-uluitor-camere-tv-fan-liverpool-copil-tricou-isak-20513731\" rel=\"nofollow noopener\" target=\"_blank\">&#13;<br \/>\n                                            <img decoding=\"async\" loading=\"lazy\" fetchpriority=\"low\" src=\"https:\/\/www.europesays.com\/ro\/wp-content\/uploads\/2026\/08\/https:\/\/www.prosport.ro\/wp-content\/uploads\/2026\/07\/anfield-liverpool.jpg\" width=\"227\" height=\"151\"\/>&#13;<br \/>\n                                    <\/a><\/p>\n<p id=\"p-3\">\u00centregul moment a ap\u0103rut pe re\u021belele sociale. A\u0219a cum era de a\u0219teptat s\u0103 se \u00eent\u00e2mple, c\u00e2\u021biva fani s-au legat de b\u0103rbatul care l-a privat pe copil de tricoul lui Alexander Isak.<\/p>\n<p id=\"p-4\">Totu\u0219i, potrivit informa\u021biilor furnizate de c\u0103tre jurnali\u0219tii de la Daily Mail, b\u0103iatul a recep\u021bionat, \u00een final, echipamentul de joc.<\/p>\n<blockquote class=\"twitter-tweet\" data-media-max-width=\"560\">\n<p dir=\"ltr\" lang=\"en\" id=\"p-5\">Grown ass man tried to snatch away a shirt given by Isak to a kid\u2026Embarrassing <a href=\"https:\/\/t.co\/0dAPD8xOWo\" rel=\"nofollow\">pic.twitter.com\/0dAPD8xOWo<\/a><\/p>\n<p id=\"p-6\">\u2014 The Cul\u00e9 \ud83c\udde7\ud83c\uddea (@TheBelgianCule) <a href=\"https:\/\/x.com\/TheBelgianCule\/status\/2093693899524932083?ref_src=twsrc%5Etfw\" rel=\"nofollow\">August 29, 2026<\/a><\/p>\n<\/blockquote>\n<p id=\"p-8\">Chiar dac\u0103 b\u0103rbatul i-a dat tricoul acelui t\u00e2n\u0103r sus\u021bin\u0103tor al \u201ecormoranilor\u201d, lumea nu l-a iertat. Utilizatorii platformei X au exprimat mai multe comentarii negative, printre care se num\u0103r\u0103 urm\u0103toarele: \u201eIdio\u021bii \u0103\u0219tia nu \u00ee\u0219i dau seama c\u0103 sunt camere peste tot \u00een ziua de azi?\u201d, \u201eM\u0103 bucur c\u0103 pu\u0219tiul l-a primit \u00eenapoi. E enervant c\u0103 adul\u021bii se comport\u0103 a\u0219a\u201d, \u201eMeritul este al b\u0103ie\u021bilor, i-au atras aten\u021bia \u0219i l-au f\u0103cut s\u0103-i dea tricoul\u201d.<\/p>\n<p>Echipa lui Andoni Iraola, doar dou\u0103 puncte din \u0219ase posibile<\/p>\n<p id=\"p-9\">Liverpool a bifat doar dou\u0103 rezultate de egalitate \u00een primele dou\u0103 etape ale campionatului. \u00cen runda cu num\u0103rul 1, trupa ibericului Andoni Iraola (44 de ani) a remizat cu Newcastle United, 2-2, ob\u021bin\u00e2nd acela\u0219i scor pe propriul teren, cu Nottingham Forest.<\/p>\n<p id=\"p-10\">Cody Gakpo \u0219i Dominik Szoboszlai au ie\u0219it la ramp\u0103 contra \u201eco\u021bofenelor\u201d. \u00cen duelul cu Nottingham, marcatorii lui Liverpool au fost Alexander Isak \u0219i Victor Munoz.<\/p>\n<p>                                                            <script async src=\"https:\/\/platform.twitter.com\/widgets.js\" charset=\"utf-8\"><\/script><\/p>\n","protected":false},"excerpt":{"rendered":"Un episod halucinant a avut loc \u00een Anglia, un fan smulg\u00e2nd tricoul unui star de la Liverpool din&hellip;\n","protected":false},"author":2,"featured_media":280738,"comment_status":"","ping_status":"","sticky":false,"template":"","format":"standard","meta":{"footnotes":"","_share_on_mastodon":"0"},"categories":[5],"tags":[26194,32,33,31,77393,36,37,27,34,35,333,25,41,40,38,39,26,28,29,30,77394],"class_list":["post-280737","post","type-post","status-publish","format-standard","has-post-thumbnail","category-titluri","tag-alexander-isak","tag-breaking-news","tag-breakingnews","tag-cele-mai-populare-subiecte","tag-fan-liverpool","tag-featured-news","tag-featurednews","tag-headlines","tag-latest-news","tag-latestnews","tag-liverpool","tag-news","tag-ro","tag-romana","tag-romania","tag-romanian","tag-stiri","tag-titluri","tag-top-stories","tag-topstories","tag-tricou-alexander-isak"],"share_on_mastodon":{"url":"https:\/\/pubeurope.com\/@ro\/117183866130490746","error":""},"_links":{"self":[{"href":"https:\/\/www.europesays.com\/ro\/wp-json\/wp\/v2\/posts\/280737","targetHints":{"allow":["GET"]}}],"collection":[{"href":"https:\/\/www.europesays.com\/ro\/wp-json\/wp\/v2\/posts"}],"about":[{"href":"https:\/\/www.europesays.com\/ro\/wp-json\/wp\/v2\/types\/post"}],"author":[{"embeddable":true,"href":"https:\/\/www.europesays.com\/ro\/wp-json\/wp\/v2\/users\/2"}],"replies":[{"embeddable":true,"href":"https:\/\/www.europesays.com\/ro\/wp-json\/wp\/v2\/comments?post=280737"}],"version-history":[{"count":0,"href":"https:\/\/www.europesays.com\/ro\/wp-json\/wp\/v2\/posts\/280737\/revisions"}],"wp:featuredmedia":[{"embeddable":true,"href":"https:\/\/www.europesays.com\/ro\/wp-json\/wp\/v2\/media\/280738"}],"wp:attachment":[{"href":"https:\/\/www.europesays.com\/ro\/wp-json\/wp\/v2\/media?parent=280737"}],"wp:term":[{"taxonomy":"category","embeddable":true,"href":"https:\/\/www.europesays.com\/ro\/wp-json\/wp\/v2\/categories?post=280737"},{"taxonomy":"post_tag","embeddable":true,"href":"https:\/\/www.europesays.com\/ro\/wp-json\/wp\/v2\/tags?post=280737"}],"curies":[{"name":"wp","href":"https:\/\/api.w.org\/{rel}","templated":true}]}}