{"id":280747,"date":"2026-08-30T10:03:10","date_gmt":"2026-08-30T10:03:10","guid":{"rendered":"https:\/\/www.europesays.com\/ro\/280747\/"},"modified":"2026-08-30T10:03:10","modified_gmt":"2026-08-30T10:03:10","slug":"scandal-fara-precedent-la-fcsb-marius-baciu-i-a-exclus-din-lot-pe-florin-tanase-si-vali-cretu-contract-reziliat-confirm","status":"publish","type":"post","link":"https:\/\/www.europesays.com\/ro\/280747\/","title":{"rendered":"Scandal f\u0103r\u0103 precedent la FCSB! Marius Baciu i-a exclus din lot pe Florin T\u0103nase \u0219i Vali Cre\u021bu: \u201eContract reziliat, confirm!\u201d"},"content":{"rendered":"<p>\n            Articol de <a rel=\"author nofollow noopener\" href=\"https:\/\/www.gsp.ro\/autor\/alexandru-stanciu-3977.html\" target=\"_blank\">Alexandru Stanciu<\/a>            &#8211; Publicat duminica, 30 august 2026,  12:07            \/ Actualizat duminica, 30 august 2026 12:52                    <\/p>\n<p>Scandal uria\u0219 la <a target=\"_blank\" class=\"editor-link autolink-enabled\" href=\"https:\/\/www.gsp.ro\/rezultate-live\/echipa-teamname-576\" data-resource-id=\"576\" data-resource-type=\"team\" data-sport=\"football\" rel=\"nofollow noopener\">FCSB<\/a> \u00eenaintea meciului de azi, de la T\u00e2rgovi\u0219te, cu UTA Arad! Marius Baciu (51 de ani) i-a exclus din lot pe <a target=\"_blank\" class=\"editor-link autolink-enabled\" href=\"https:\/\/www.gsp.ro\/rezultate-live\/jucatorul-playername-13612\" data-resource-id=\"13612\" data-resource-type=\"player\" data-sport=\"football\" rel=\"nofollow noopener\">Florin T\u0103nase<\/a> (31 de ani) \u0219i <a target=\"_blank\" class=\"editor-link autolink-enabled\" href=\"https:\/\/www.gsp.ro\/rezultate-live\/jucatorul-playername-885\" data-resource-id=\"885\" data-resource-type=\"player\" data-sport=\"football\" rel=\"nofollow noopener\">Valentin Cre\u021bu<\/a> (37 de ani). Ulterior, funda\u0219ului dreapta i-ar fi fost \u0219i reziliat contractul, dup\u0103 cum sus\u021bine Gheorghe Musta\u021b\u0103, liderul Peluzei Nord! Surse GSP precizeaz\u0103 \u00eens\u0103 c\u0103 ruperea contractului nu s-a produs efectiv deocamdat\u0103, ci e doar la stadiul de inten\u021bie.<\/p>\n<p class=\"do-not-hide\">Cei doi juc\u0103tori l-au enervat pe Marius Baciu la antrenamentele din aceast\u0103 s\u0103pt\u0103m\u00e2n\u0103.<\/p>\n<p>UPDATE \u00bb FCSB \u00eei reziliaz\u0103 contractul lui Vali Cre\u021bu: \u201eNu mai are ce c\u0103uta la echip\u0103\u201d<\/p>\n<p><img decoding=\"async\" src=\"https:\/\/www.europesays.com\/ro\/wp-content\/uploads\/2026\/08\/b1a6cb54-c5e5-4a20-a7e7-b970a550eac2.jpeg\" loading=\"lazy\" title=\"Valentin Cre\u021bu, \u00eenainte de Sepsi - FCSB\" alt=\"Scandal f\u0103r\u0103 precedent la FCSB! Marius Baciu i-a exclus din lot pe Florin T\u0103nase \u0219i Vali Cre\u021bu: \u201eContract reziliat, confirm!\u201d\" width=\"738\" height=\"502\"\/><\/p>\n<p>Valentin Cre\u021bu, \u00eenainte de Sepsi &#8211; FCSB<\/p>\n<p>\u201eConfirm, contractul lui Cre\u021bu a fost reziliat\u201d, a declarat Gheorghe Musta\u021b\u0103, liderul Peluzei Nord, potrivit <a target=\"_blank\" class=\"editor-link\" href=\"https:\/\/www.fanatik.ro\/breaking-vali-cretu-contract-reziliat-cu-fcsb-confirm-eu-stirea-asta-exclusiv-21533382\" rel=\"nofollow noopener\">fanatik.ro<\/a>. Surse GSP nuan\u021beaz\u0103 informa\u021bia sus\u021binut\u0103 de liderul ultra\u0219ilor, \u0219i anume c\u0103 se dore\u0219te ruperea acordului cu Cre\u021bu, dar c\u0103 juc\u0103torul \u00eenc\u0103 e sub contract cu FCSB.<\/p>\n<p>Se pare c\u0103 veteranul a intrat \u00eentr-un conflict la antrenamente cu un alt juc\u0103tor, potrivit lui Musta\u021b\u0103: \u201eUn juc\u0103tor, chiar dac\u0103 are trei, patru, cinci ani la echipa asta, s\u0103-\u0219i permit\u0103 s\u0103-l jigneasc\u0103 sau s\u0103 fac\u0103 alte gesturi fa\u021b\u0103 de un coleg care e mai nou sau care e mai bl\u00e2nd sau care e mai cu caracter\u2026 Nu! <\/p>\n<p>\u00cen momentul \u00een care un juc\u0103tor, care se simte iubit de tribuna a doua, \u0219i fac referire la Cre\u021bu, \u00ee\u0219i permite s\u0103 fac\u0103 anumite gesturi la antrenament, din punctul meu de vedere nu mai are ce c\u0103uta la echip\u0103!\u201d.<\/p>\n<p>Marius Baciu, decizie f\u0103r\u0103 precedent! Florin T\u0103nase \u0219i Valentin Cre\u021bu, exclu\u0219i din lot pentru meciul cu UTA<\/p>\n<p>Florin T\u0103nase \u0219i Valentin Cre\u021bu nu au fost primi\u021bi la antrenamentul de joi dup\u0103 ce c\u0103pitanul echipei a intrat \u00eentr-un conflict verbal cu \u201esecundul\u201d Lucian Filip, a scris <a target=\"_self\" class=\"editor-link\" href=\"https:\/\/www.fanatik.ro\/breaking-vali-cretu-contract-reziliat-cu-fcsb-confirm-eu-stirea-asta-exclusiv-21533382\" rel=\"nofollow noopener\">fanatik.ro. <\/a><\/p>\n<p>De asemenea, Valentin Cre\u021bu, nemul\u021bumit de num\u0103rul redus de minute de joc din acest sezon, a fost trimis s\u0103 se antreneze separat, dup\u0103 ce i s-a repro\u0219at faptul c\u0103 s-a suprasolicitat \u00een ultima perioad\u0103, arat\u0103 sursa citat\u0103. <\/p>\n<p>Cei doi veterani de la FCSB au fost reprimi\u021bi la antrenamentele de vineri \u0219i s\u00e2mb\u0103t\u0103, \u00eens\u0103 Marius Baciu, \u00eempreun\u0103 cu conducerea clubului, a decis s\u0103-i lase \u00een afara lotului pentru<a target=\"_self\" class=\"editor-link\" href=\"https:\/\/www.gsp.ro\/fotbal\/liga-1\/live-fcsb-uta-arad-etapa-7-superliga-974633.html\" rel=\"nofollow noopener\"> meciul cu UTA, informa\u021bie confirmat\u0103 \u0219i de surse autorizate GSP.<\/a><\/p>\n<p>Gigi Becali: \u201eLui T\u0103nase nu \u00eei mai arde de fotbal\u201d<\/p>\n<p>Dup\u0103 e\u0219ecul din etapa trecut\u0103, 0-1 \u00een deplasare cu CFR Cluj, <a target=\"_blank\" class=\"editor-link\" href=\"https:\/\/www.gsp.ro\/fotbal\/liga-1\/gigi-becali-reactie-cfr-cluj-fcsb-florin-tanase-972731.html\" rel=\"nofollow noopener\">Gigi Becali l-a criticat vehement pe Florin T\u0103nase<\/a>, despre care a dezv\u0103luit c\u0103 voia s\u0103 \u00eel scoat\u0103 de pe teren \u00eenc\u0103 din prima repriz\u0103.<\/p>\n<blockquote>\n<p>Dac\u0103 jucam f\u0103r\u0103 T\u0103nase, poate era altul rezultatul. Lui T\u0103nase cred c\u0103 nu \u00eei mai arde de fotbal. Nu mai vrea s\u0103 lupte. Vrea s\u0103 joace un fel de miu\u021b\u0103. Zice c\u0103 e valoros, are valoare \u0219i joac\u0103 din talent. B\u0103i, s\u0103 nu c\u00e2\u0219tigi un duel cu Perianu? \u00ce\u021bi dai seama.\u00a0Voiam s\u0103-l schimb \u00een minutul 25, 30, dar mi-a fost mil\u0103 de el.<\/p>\n<p>T\u0103nase nu va mai juca la mijlocul terenului \u00een via\u021ba lui! O s\u0103 joace atacant, o s\u0103 mai aib\u0103 o \u0219ans\u0103-dou\u0103, apoi hai, treci pe banc\u0103, ca Politic. Ce s\u0103 le fac? El are contract. El e un juc\u0103tor valoros, dar nu \u00eei mai arde, nu mai pune piciorul, sare peste ea. Indolen\u021b\u0103 foarte mare, indolen\u021b\u0103!\u00a0<\/p>\n<p>&#8211; Gigi Becali, despre Florin T\u0103nase<\/p>\n<\/blockquote>\n<p>Florin T\u0103nase a intrat \u00een colimatorul lui Gigi Becali \u00eenc\u0103 de dinaintea acestui sezon. Ini\u021bial, interna\u021bionalul rom\u00e2n a refuzat s\u0103 semneze prelungirea cu FCSB, fiind ademenit cu o ofert\u0103 din China. <\/p>\n<p>T\u0103nase nu a plecat al\u0103turi de echip\u0103 \u00een cantomanetul din Olanda, \u00eens\u0103 ulterior a ajuns la un acord cu Gigi Becali, iar dup\u0103 ce a semnat noul contract, li s-a al\u0103turat colegilor \u00een perioada de preg\u0103tire.<\/p>\n<p>Totu\u0219i, pe fondul rezultatelor slabe din debutul de sezon, \u00een special eliminarea ru\u0219inoas\u0103 din Conference League, 3-7 la general cu Auda, Florin T\u0103nase a iscat un nou scandal la FCSB, c\u00e2nd a avut o declara\u021bie ironic\u0103 la adresa antrenorului Marius Baciu.<\/p>\n<p>Gigi Becali s-a enervat foarte tare atunci \u0219i l-a criticat vehement pe juc\u0103tor, iar \u00een ultimele etape, dup\u0103 ce FCSB a decis s\u0103 schimbe sistemul de joc, T\u0103nase a intrat din nou \u00een colimatorul patronului, nemul\u021bumit de presta\u021bia acestuia.<\/p>\n<p>Clasamentul din Superliga<\/p>\n","protected":false},"excerpt":{"rendered":"Articol de Alexandru Stanciu &#8211; Publicat duminica, 30 august 2026, 12:07 \/ Actualizat duminica, 30 august 2026 12:52&hellip;\n","protected":false},"author":2,"featured_media":280748,"comment_status":"","ping_status":"","sticky":false,"template":"","format":"standard","meta":{"footnotes":"","_share_on_mastodon":"0"},"categories":[5],"tags":[32,33,31,269,36,37,4340,196,27,34,35,909,25,41,40,38,39,26,28,29,30,5130],"class_list":["post-280747","post","type-post","status-publish","format-standard","has-post-thumbnail","category-titluri","tag-breaking-news","tag-breakingnews","tag-cele-mai-populare-subiecte","tag-fcsb","tag-featured-news","tag-featurednews","tag-florin-tanase","tag-gigi-becali","tag-headlines","tag-latest-news","tag-latestnews","tag-marius-baciu","tag-news","tag-ro","tag-romana","tag-romania","tag-romanian","tag-stiri","tag-titluri","tag-top-stories","tag-topstories","tag-valentin-cretu"],"share_on_mastodon":{"url":"https:\/\/pubeurope.com\/@ro\/117183893291107172","error":""},"_links":{"self":[{"href":"https:\/\/www.europesays.com\/ro\/wp-json\/wp\/v2\/posts\/280747","targetHints":{"allow":["GET"]}}],"collection":[{"href":"https:\/\/www.europesays.com\/ro\/wp-json\/wp\/v2\/posts"}],"about":[{"href":"https:\/\/www.europesays.com\/ro\/wp-json\/wp\/v2\/types\/post"}],"author":[{"embeddable":true,"href":"https:\/\/www.europesays.com\/ro\/wp-json\/wp\/v2\/users\/2"}],"replies":[{"embeddable":true,"href":"https:\/\/www.europesays.com\/ro\/wp-json\/wp\/v2\/comments?post=280747"}],"version-history":[{"count":0,"href":"https:\/\/www.europesays.com\/ro\/wp-json\/wp\/v2\/posts\/280747\/revisions"}],"wp:featuredmedia":[{"embeddable":true,"href":"https:\/\/www.europesays.com\/ro\/wp-json\/wp\/v2\/media\/280748"}],"wp:attachment":[{"href":"https:\/\/www.europesays.com\/ro\/wp-json\/wp\/v2\/media?parent=280747"}],"wp:term":[{"taxonomy":"category","embeddable":true,"href":"https:\/\/www.europesays.com\/ro\/wp-json\/wp\/v2\/categories?post=280747"},{"taxonomy":"post_tag","embeddable":true,"href":"https:\/\/www.europesays.com\/ro\/wp-json\/wp\/v2\/tags?post=280747"}],"curies":[{"name":"wp","href":"https:\/\/api.w.org\/{rel}","templated":true}]}}