{"id":280767,"date":"2026-08-30T10:17:12","date_gmt":"2026-08-30T10:17:12","guid":{"rendered":"https:\/\/www.europesays.com\/ro\/280767\/"},"modified":"2026-08-30T10:17:12","modified_gmt":"2026-08-30T10:17:12","slug":"razboiul-hibrid-al-rusiei-impotriva-europei-incepe-sa-devina-din-ce-in-ce-mai-putin-hibrid-este-o-metoda-de-a-fierbe-broasca","status":"publish","type":"post","link":"https:\/\/www.europesays.com\/ro\/280767\/","title":{"rendered":"\u201eR\u0103zboiul hibrid\u201d al Rusiei \u00eempotriva Europei \u00eencepe s\u0103 devin\u0103 din ce \u00een ce mai pu\u021bin hibrid. \u201eEste o metod\u0103 de a fierbe broasca\u201d"},"content":{"rendered":"\n<p data-index=\"1\">Av\u00e2nd \u00een vedere incursiunile dronelor, tentativele de asasinat \u0219i actele de sabotaj de pe teritoriul european, din ce \u00een ce mai multe voci sus\u021bin c\u0103 Moscova nu mai poart\u0103 contra Europei doar un conflict \u201ehibrid\u201d.<\/p>\n<p data-index=\"2\">Dronele \u0219i explozivii g\u0103si\u021bi \u00een Germania sunt lega\u021bi de un presupus atac asupra aeroportului din Leipzig. O dron\u0103 naval\u0103 a fost dobor\u00e2t\u0103 \u00een apropierea unei platforme de gaze din Marea Neagr\u0103. Un complot de asasinat care viza un \u00eenalt responsabil european din domeniul ap\u0103r\u0103rii.<\/p>\n<p data-index=\"3\">Campania Rusiei \u00eempotriva Europei pare din ce \u00een ce mai \u00eendr\u0103znea\u021b\u0103. Cu toate acestea, liderii UE r\u0103m\u00e2n reticen\u021bi \u00een a o numi a\u0219a cum un num\u0103r tot mai mare de oficiali din domeniul securit\u0103\u021bii afirm\u0103 c\u0103 seam\u0103n\u0103 din ce \u00een ce mai mult: r\u0103zboi. \u00cen schimb, ace\u0219tia recurg la o expresie mai bl\u00e2nd\u0103 \u2014 \u201er\u0103zboi hibrid\u201d \u2014 care permite UE \u0219i NATO s\u0103 evite un r\u0103spuns militar.<\/p>\n<p data-index=\"4\">Aceast\u0103 formulare este tot mai criticat\u0103 pe m\u0103sur\u0103 ce Moscova intensific\u0103 sabotajele, atacurile cibernetice \u0219i alte opera\u021biuni pe tot cuprinsul Europei. Exper\u021bii \u00een securitate, diploma\u021bii \u0219i oficialii din domeniul ap\u0103r\u0103rii care au vorbit cu <a href=\"https:\/\/www.politico.eu\/article\/russias-hybrid-war-on-europe-is-starting-to-look-a-lot-less-hybrid\/\" data-skip-linkfix=\"1\" rel=\"nofollow noopener\" target=\"_blank\">Politico<\/a> afirm\u0103 c\u0103 eticheta \u201ehibrid\u201d risc\u0103 s\u0103 subestimeze gravitatea amenin\u021b\u0103rii \u2014 \u0219i s\u0103 ascund\u0103 c\u00e2t de mult s-a intensificat deja confruntarea cu Rusia.<\/p>\n<p data-index=\"5\">Un exemplu elocvent: la \u00eenceputul acestei s\u0103pt\u0103m\u00e2ni, c\u00e2nd anchetatorii germani au descoperit o a treia dron\u0103 \u00eempreun\u0103 cu explozibili despre care se crede c\u0103 ar avea leg\u0103tur\u0103 cu un atac planificat asupra unui aeroport, cancelarul Friedrich Merz a avertizat c\u0103 \u021bara sa se confrunt\u0103 cu \u201eamenin\u021b\u0103ri foarte reale\u201d pe fondul \u201eunei aten\u021bii sporite din partea atacatorilor hibrizi\u201d.<\/p>\n<p data-index=\"6\">Europa se confrunt\u0103 cu \u201eo campanie de amenin\u021b\u0103ri \u00een escaladare\u201d \u0219i cu \u201er\u0103zboiul hibrid\u201d, a avertizat pre\u0219edinta Comisiei, Ursula von der Leyen, \u00eentr-o postare pe X din 20 august, dup\u0103 incidentul de la Marea Neagr\u0103.<\/p>\n<p data-index=\"7\">Pe fondul unei liste tot mai lungi de evenimente similare \u2014 despre care unele agen\u021bii de informa\u021bii sus\u021bin c\u0103 ar putea duce la un atac direct al Rusiei asupra unui stat NATO \u2014 directorul CIA, John Ratcliffe, s-a deplasat la Moscova s\u0103pt\u0103m\u00e2na aceasta pentru a avertiza Kremlinul s\u0103 nu atace membrii alian\u021bei.<\/p>\n<p data-index=\"8\">\u201eNe afl\u0103m \u00eentr-adev\u0103r \u00eentr-un r\u0103zboi hibrid care nu mai este deloc at\u00e2t de \u00abhibrid\u00bb\u201d, a declarat Camille Grand, fost secretar general adjunct al NATO \u0219i actualmente \u0219ef al Asocia\u021biei Europene a Industriilor Aerospatiale, de Securitate \u0219i Ap\u0103rare.<\/p>\n<p data-index=\"9\">\u201eTo\u021bi directorii executivi din industria mea [de ap\u0103rare] \u0219i-au \u00eent\u0103rit m\u0103surile de securitate personal\u0103 \u00een ultimele luni\u201d, \u00een urma amenin\u021b\u0103rilor la adresa \u0219efului companiei Saab \u0219i a unui complot de asasinat \u00eempotriva directorului executiv al gigantului german din industria de ap\u0103rare Rheinmetall, a spus Grand.<\/p>\n<p>De fapt, ce \u00eenseamn\u0103 \u201ehibrid\u201d<\/p>\n<p data-index=\"10\">\u00cens\u0103 liderii \u0219i oficialii UE doresc s\u0103 evite orice sugestie c\u0103 Rusia ar fi pe punctul de a lansa un atac direct. \u201ePutem afirma foarte clar c\u0103 serviciile europene nu v\u0103d niciun risc de atac asupra \u021b\u0103rilor europene\u201d, a declarat un \u00eenalt oficial al UE c\u0103ruia i s-a acordat anonimatul, deoarece nu este autorizat s\u0103 vorbeasc\u0103 oficial.<\/p>\n<p data-index=\"11\">Liderii recurg adesea la termenii \u201eamenin\u021bare hibrid\u0103\u201d sau \u201er\u0103zboi hibrid\u201d, atribui\u021bi de obicei unui articol din 2007 al fostului analist al Pentagonului, Frank Hoffman (exist\u0103 \u00eens\u0103 opinii diferite cu privire la autorul original). Termenul este unul larg, cuprinz\u00e2nd \u201eamestecul de activit\u0103\u021bi coercitive \u0219i subversive, metode conven\u021bionale \u0219i neconven\u021bionale (adic\u0103 diplomatice, militare, economice, tehnologice) care pot fi utilizate \u00een mod coordonat de c\u0103tre actori statali sau nestatali pentru a atinge obiective specifice, r\u0103m\u00e2n\u00e2nd totodat\u0103 sub pragul unui r\u0103zboi declarat oficial\u201d, conform unei defini\u021bii furnizate publica\u021biei Politico de c\u0103tre Comisia European\u0103.<\/p>\n<p data-index=\"12\">Un oficial al UE, c\u0103ruia i s-a acordat anonimatul pentru a discuta chestiuni sensibile de securitate, a declarat c\u0103 \u201eamenin\u021b\u0103rile hibride\u201d \u0219i \u201er\u0103zboiul hibrid\u201d sunt folosite pentru a descrie ac\u021biuni care nu ajung la nivelul unor atacuri directe asupra \u021bintelor militare sau civile europene. Acestea permit UE s\u0103 evite o stare de r\u0103zboi, nefiind astfel necesar\u0103 o reac\u021bie militar\u0103 din partea UE sau a NATO. De asemenea, ele sugereaz\u0103 existen\u021ba unor amenin\u021b\u0103ri de rutin\u0103, av\u00e2nd \u00een vedere prevalen\u021ba unor astfel de atacuri \u0219i provoc\u0103ri de intensitate redus\u0103 \u00een Europa \u00eenc\u0103 de la mijlocul anilor 2000.<\/p>\n<p data-index=\"13\">Un alt motiv pentru utilizarea termenului \u201ehibrid\u201d: orice sugestie c\u0103 \u021b\u0103rile europene s-ar afla \u00een r\u0103zboi sau \u00eentr-un conflict direct cu Rusia ar putea avea consecin\u021be economice majore, determin\u00e2nd investitorii s\u0103 se retrag\u0103 \u0219i primele de asigurare s\u0103 devin\u0103 mult mai costisitoare.<\/p>\n<p data-index=\"14\">Pentru James Appathurai, secretar general adjunct adjunct al NATO pentru inovare, ac\u021biuni hibride \u0219i securitate cibernetic\u0103, termenul este pe deplin adecvat pentru a descrie ceea ce face Rusia prin faptul c\u0103 permite dronelor \u0219i aeronavelor s\u0103 \u00eencalce spa\u021biul aerian al NATO sau al UE.<\/p>\n<p data-index=\"15\">\u201eTindem s\u0103 folosim termenul de \u00abac\u021biuni hibride\u00bb deoarece am dep\u0103\u0219it cu mult stadiul simplelor amenin\u021b\u0103ri, a\u0219a cum se poate observa din gama de atacuri cibernetice, acte de sabotaj \u0219i incursiuni ale dronelor\u201d, a declarat el pentru POLITICO. \u201eR\u0103spundem la aceste acte ostile, de exemplu atunci c\u00e2nd alia\u021bii au coordonat expulzarea \u00abdiploma\u021bilor\u00bb ru\u0219i \u0219i c\u00e2nd am desf\u0103\u0219urat mijloace militare \u00een Marea Baltic\u0103 pentru a descuraja provocarea de daune infrastructurii submarine.\u201d<\/p>\n<p>\u201eUn fals sentiment\u201d<\/p>\n<p data-index=\"16\">\u00cens\u0103 criticii sus\u021bin c\u0103 utilizarea excesiv\u0103 a expresiei \u201er\u0103zboi hibrid\u201d pentru a descrie asasinatele \u0219i incursiunile dronelor risc\u0103 s\u0103 induc\u0103 publicul \u00eentr-un fals sentiment de complacere.<\/p>\n<p data-index=\"17\">\u201eAr trebui s\u0103 vorbim pur \u0219i simplu despre un conflict\u201d, a spus Pawel Wieczynski, director general al firmei de tehnologie de ap\u0103rare DataWalk. \u201e\u00cen decembrie anul trecut, [Rusia] a fost la un pas de a bloca aproape \u00een totalitate re\u021beaua energetic\u0103 a \u021b\u0103rii noastre. Am fost la c\u00e2teva minute distan\u021b\u0103 de a r\u0103m\u00e2ne f\u0103r\u0103 electricitate \u00een \u021bara noastr\u0103. Ei \u00eencearc\u0103 s\u0103 arunce \u00een aer liniile de cale ferat\u0103 \u2014 reu\u0219ind acest lucru \u00een cel pu\u021bin un caz. Trimit colete pline cu explozibili. Exist\u0103 un num\u0103r uria\u0219 de atacuri cibernetice: Polonia este \u021bara cea mai atacat\u0103 cibernetic din Europa.\u201d<\/p>\n<p data-index=\"18\">\u201eCum po\u021bi spune c\u0103 nu te afli \u00eentr-un conflict dac\u0103 o na\u021biune str\u0103in\u0103 ucide cet\u0103\u021beni \u0219i arunc\u0103 \u00een aer liniile ferate?\u201d a continuat el, referindu-se la asasinarea lui Semyon Skrepetsky, un artist \u0219i critic vocal al lui Vladimir Putin, \u00een luna iunie a anului trecut.<\/p>\n<p data-index=\"19\">Pentru Grand, care a fost secretar general adjunct al NATO \u00eentre 2016 \u0219i 2022, escaladarea atacurilor este o oglind\u0103 a sprijinului din ce \u00een ce mai mare acordat de \u021b\u0103rile occidentale Ucrainei, \u00een urma invaziei pe scar\u0103 larg\u0103 a Moscovei din 2022. \u201eAm \u00eenceput prin a trimite c\u0103\u0219ti de protec\u021bie \u0219i saci de dormit, iar am ajuns la rachete cu raz\u0103 lung\u0103 de ac\u021biune.\u201d<\/p>\n<p data-index=\"20\">\u201eEste o metod\u0103 de a fierbe broasca\u201d, a ad\u0103ugat Grand, referindu-se la e\u0219ecul de a reac\u021biona la o situa\u021bie d\u0103un\u0103toare care se dezvolt\u0103 \u00een timp.<\/p>\n<p data-index=\"21\">\u201eCeea ce ieri ni s-a p\u0103rut \u0219ocant devine m\u00e2ine o norm\u0103, \u0219i tot a\u0219a p\u00e2n\u0103 c\u00e2nd te treze\u0219ti \u00eentr-o situa\u021bie mult mai intens\u0103&#8230; Ei testeaz\u0103 limitele.\u201d<\/p>\n<p> Editor : <a href=\"https:\/\/www.digi24.ro\/autor\/sebastian-sterian\" rel=\"nofollow noopener\" target=\"_blank\"> Sebastian Eduard <\/a> <\/p>\n","protected":false},"excerpt":{"rendered":"Av\u00e2nd \u00een vedere incursiunile dronelor, tentativele de asasinat \u0219i actele de sabotaj de pe teritoriul european, din ce&hellip;\n","protected":false},"author":2,"featured_media":280768,"comment_status":"","ping_status":"","sticky":false,"template":"","format":"standard","meta":{"footnotes":"","_share_on_mastodon":"0"},"categories":[5],"tags":[32,33,31,36,37,27,34,35,25,41,40,38,39,26,28,29,30],"class_list":["post-280767","post","type-post","status-publish","format-standard","has-post-thumbnail","category-titluri","tag-breaking-news","tag-breakingnews","tag-cele-mai-populare-subiecte","tag-featured-news","tag-featurednews","tag-headlines","tag-latest-news","tag-latestnews","tag-news","tag-ro","tag-romana","tag-romania","tag-romanian","tag-stiri","tag-titluri","tag-top-stories","tag-topstories"],"share_on_mastodon":{"url":"https:\/\/pubeurope.com\/@ro\/117183948077728279","error":""},"_links":{"self":[{"href":"https:\/\/www.europesays.com\/ro\/wp-json\/wp\/v2\/posts\/280767","targetHints":{"allow":["GET"]}}],"collection":[{"href":"https:\/\/www.europesays.com\/ro\/wp-json\/wp\/v2\/posts"}],"about":[{"href":"https:\/\/www.europesays.com\/ro\/wp-json\/wp\/v2\/types\/post"}],"author":[{"embeddable":true,"href":"https:\/\/www.europesays.com\/ro\/wp-json\/wp\/v2\/users\/2"}],"replies":[{"embeddable":true,"href":"https:\/\/www.europesays.com\/ro\/wp-json\/wp\/v2\/comments?post=280767"}],"version-history":[{"count":0,"href":"https:\/\/www.europesays.com\/ro\/wp-json\/wp\/v2\/posts\/280767\/revisions"}],"wp:featuredmedia":[{"embeddable":true,"href":"https:\/\/www.europesays.com\/ro\/wp-json\/wp\/v2\/media\/280768"}],"wp:attachment":[{"href":"https:\/\/www.europesays.com\/ro\/wp-json\/wp\/v2\/media?parent=280767"}],"wp:term":[{"taxonomy":"category","embeddable":true,"href":"https:\/\/www.europesays.com\/ro\/wp-json\/wp\/v2\/categories?post=280767"},{"taxonomy":"post_tag","embeddable":true,"href":"https:\/\/www.europesays.com\/ro\/wp-json\/wp\/v2\/tags?post=280767"}],"curies":[{"name":"wp","href":"https:\/\/api.w.org\/{rel}","templated":true}]}}