{"id":280777,"date":"2026-08-30T10:24:27","date_gmt":"2026-08-30T10:24:27","guid":{"rendered":"https:\/\/www.europesays.com\/ro\/280777\/"},"modified":"2026-08-30T10:24:27","modified_gmt":"2026-08-30T10:24:27","slug":"fenomenul-agentilor-de-unica-folosinta-recrutati-de-kremlin-ucraineanul-judecat-la-bucuresti-cautat-si-in-germania","status":"publish","type":"post","link":"https:\/\/www.europesays.com\/ro\/280777\/","title":{"rendered":"Fenomenul \u201eagen\u021bilor de unic\u0103 folosin\u021b\u0103\u201d recruta\u021bi de Kremlin. Ucraineanul judecat la Bucure\u0219ti, c\u0103utat \u0219i \u00een Germania"},"content":{"rendered":"<p>Ministrul german de Interne, Alexander Dobrindt, a anun\u021bat \u00eentr-o conferin\u021b\u0103 de pres\u0103, pe data de 21 august 2026, c\u0103 poli\u021bia din Berlin a descoperit cu ajutorul serviciilor de informa\u021bii germane un depozit \u00een care se aflau dou\u0103 pistoale \u0219i muni\u021bia aferent\u0103.<\/p>\n<p>Armele \u0219i muni\u021bia au fost g\u0103site sub p\u0103m\u00e2nt, \u00eentr-o p\u0103dure de la periferia capitalei germane, \u00een zona lacului M\u00fcggelsee.<\/p>\n<p>Depozitul clandestin este asem\u0103n\u0103tor cu cel din apropierea localit\u0103\u021bii Barciszewo, Polonia, de unde Vadym Shcherbakov a dezgropat dispozitivele explozive improvizate pe care le-a ambalat \u00een dou\u0103 colete, le-a adus \u00een Rom\u00e2nia \u0219i le-a depus la sediul Nova Post.<\/p>\n<p>\u00cen octombrie 2025, Poli\u021bia din Berlin a deschis un dosar penal cu privire la depozitul secret, a neutralizat armele \u0219i muni\u021bia, apoi a pus zona sub supraveghere pentru a vedea cine vine s\u0103 le ridice.<\/p>\n<p>Opera\u021biunea de filaj a r\u0103mas f\u0103r\u0103 rezultat, deoarece Vadym Shcherbakov fusese arestat deja \u00een Rom\u00e2nia \u00eencep\u00e2nd cu 15 octombrie 2025, al\u0103turi de complicele lui, Bohdan Filipchuk, \u00een urma tentativei de incendiere a sediului Nova Post din Bucure\u0219ti.<\/p>\n<p><img width=\"800\" height=\"600\" src=\"https:\/\/www.europesays.com\/ro\/wp-content\/uploads\/2026\/08\/vadym-shcherbakov-si-bohdan-filipchuk--sursa-foto-captura-video-marian-ceausescu-facebook-1024x571.j.webp\" alt=\"Ucraineanul recrutat de ru\u0219i care preg\u0103tea un atentat la Bucure\u0219ti, c\u0103utat \u0219i \u00een Germania: A ascuns arme de foc \u0219i muni\u021bie la periferia Berlinului\" loading=\"lazy\" decoding=\"async\" class=\"lazyload wp-image-5867223\"\/>Bohdan Filipchuk \u0219i Vadym Shcherbakov. Sursa foto: captura\u0306 video Marian Ceaus\u0326escu \/ Facebook<\/p>\n<p>Pe 21 august 2026, ministrul de Interne german a anun\u021bat c\u0103 dosarul privind depozitul de arme de l\u00e2ng\u0103 Berlin a fost preluat de Parchetul General Federal, iar ancheta vizeaz\u0103 \u201eactivit\u0103\u021bi de spionaj \u00een favoarea unui serviciu secret str\u0103in\u201d \u0219i \u201epreg\u0103tirea unei infrac\u021biuni grave ce pune \u00een pericol securitatea statului\u201d.<\/p>\n<p>Iat\u0103 principalele declara\u021bii ale ministrului Alexander Dobrindt:<\/p>\n<ul class=\"wp-block-list\">\n<li>\u201ePot confirma c\u0103 a fost descoperit\u0103 o ascunz\u0103toare secret\u0103 de arme \u00eentr-o zon\u0103 \u00eemp\u0103durit\u0103 de l\u00e2ng\u0103 Berlin, unde se aflau dou\u0103 pistoale \u0219i muni\u021bia aferent\u0103. (\u2026)<\/li>\n<li>Deoarece suspectul este re\u021binut \u00een Rom\u00e2nia \u00een leg\u0103tur\u0103 cu planificarea unui atac (n.r. \u2013 cu bombe-colet), plec\u0103m de la premisa c\u0103 \u0219i aceste arme \u0219i muni\u021bii descoperite l\u00e2ng\u0103 Berlin erau destinate preg\u0103tirii unor atacuri. (\u2026)<\/li>\n<li>Ascunz\u0103toarea a fost pus\u0103 sub supraveghere timp de mai multe luni dup\u0103 descoperire, \u00eens\u0103 nicio persoan\u0103 nu s-a mai apropiat de acel loc pentru a ridica armele. (\u2026)<\/li>\n<li>Ne afl\u0103m \u00een str\u00e2ns\u0103 leg\u0103tur\u0103 \u0219i \u00eentr-un schimb intens de informa\u021bii cu autorit\u0103\u021bile din Rom\u00e2nia, inclusiv \u00een ceea ce prive\u0219te o posibil\u0103 extr\u0103dare a b\u0103rbatului. (\u2026)<\/li>\n<li>Acest caz demonstreaz\u0103 clar c\u0103 ne afl\u0103m \u00eentr-o stare de amenin\u021bare ridicat\u0103\u201d, a declarat ministrul german de Interne.<\/li>\n<\/ul>\n<p>Context: Obiective din Germania, \u021binte ale sabotorilor pl\u0103ti\u021bi de Rusia<\/p>\n<p>\u00cen ultimii doi ani \u0219i jum\u0103tate, autorit\u0103\u021bile din Germania au avut de-a face cu o serie de incidente \u00een care au fost implica\u021bi agen\u021bi recruta\u021bi de serviciile secrete ruse:<\/p>\n<ul class=\"wp-block-list\">\n<li>Filiala companiei ucrainene de curierat Nova Post din K\u00f6ln a fost vizat\u0103 de tentative de incendiere similare cu cea de la Bucure\u0219ti.<\/li>\n<li>Parcul industrial \u0219i chimic din Brunsb\u00fcttel (Schleswig-Holstein), un terminal de gaz natural lichefiat (LNG) \u0219i o fost\u0103 central\u0103 nuclear\u0103 au fost survolate \u00een repetate r\u00e2nduri de drone de \u00eenalt\u0103 performan\u021b\u0103.<\/li>\n<li>Un incendiu devastator a distrus o hal\u0103 industrial\u0103 a companiei de tehnologie \u0219i ap\u0103rare Diehl (produc\u0103torul sistemelor antiaeriene IRIS-T livrate Ucrainei). De\u0219i ini\u021bial s-a b\u0103nuit un accident tehnic, serviciile de informa\u021bii au interceptat comunica\u021bii din care rezulta c\u0103 incendiul a fost provocat de sabotori pl\u0103ti\u021bi de Rusia, racola\u021bi prin canale de Telegram.<\/li>\n<li>Un colet incendiar a luat foc \u00eentr-un centru logistic DHL din Leipzig, la scurt timp \u00eenainte de a fi \u00eenc\u0103rcat \u00eentr-un avion de marf\u0103. Investiga\u021bia germano-polonez\u0103 a ar\u0103tat c\u0103 pachetele fuseser\u0103 trimise din \u021b\u0103rile baltice prin intermediul unor curieri pl\u0103ti\u021bi s\u0103 predea coletele f\u0103r\u0103 s\u0103 cunoasc\u0103 con\u021binutul real.<\/li>\n<li>Doi indivizi cu cet\u0103\u021benie german\u0103 \u0219i rus\u0103 au fost aresta\u021bi \u00een Bavaria pentru c\u0103 preg\u0103teau atacuri cu bomb\u0103 \u0219i incendieri la obiective militare de infrastructur\u0103 energetic\u0103 \u0219i industrial\u0103. Printre \u021binte se num\u0103ra baza militar\u0103 american\u0103 de la Grafenw\u00f6hr, unde militarii ucraineni sunt instrui\u021bi pe tancurile Abrams.<\/li>\n<\/ul>\n<p>Vadym Shcherbakov \u2013 \u201eagent de unic\u0103 folosin\u021b\u0103\u201d \u00een slujba ru\u0219ilor<\/p>\n<p>Alexander Dobrindt a folosit termenul de \u201elow-level agent\u201d (agent de rang inferior \u2013 n.r.) pentru a-l descrie pe suspectul care a dus armele \u00een ascuz\u0103toarea de l\u00e2ng\u0103 Berlin, \u00eens\u0103 presa german\u0103 se refer\u0103 la Vadym Shcherbakov cu termenul de \u201eagent de unic\u0103 folosin\u021b\u0103\u201d.<\/p>\n<p>Agen\u021bii de unic\u0103 folosin\u021b\u0103 sunt tinerii pe care serviciile de informa\u021bii ruse\u0219ti \u2013 precum GRU (spionajul militar extern) sau SVR (spionajul civil extern) \u2013 \u00eei recruteaz\u0103 rapid pe canale de Telegram sau prin \u0219antaj.<\/p>\n<p>Ei sunt folosi\u021bi, \u00een general, pentru o singur\u0103 misiune periculoas\u0103 (transport de arme sau plasare de bombe) \u0219i sunt abandona\u021bi imediat dup\u0103 finalizarea ei sau \u00een caz de prindere.<\/p>\n<p><a rel=\"noreferrer noopener nofollow\" target=\"_blank\" href=\"https:\/\/www.spiegel.de\/panorama\/justiz\/waffendepot-bei-berlin-mutmasslicher-kurier-soll-zu-sabotage-kommando-gehoert-haben-a-bdc87696-f462-4d72-87df-487162c1bdf9?giftToken=09a9ca9d-0389-4a90-868b-88dd6033dd65\">O investiga\u021bie Der Spiegel<\/a> arat\u0103 cum au f\u0103cut anchetatorii din Germania leg\u0103tura cu ucraineanul judecat \u00een Rom\u00e2nia pentru acte de diversiune \u0219i depozitul de arme de la marginea Berlinului.<\/p>\n<p>Vadym Shcherbakov (pe care presa din Germania \u00eel nume\u0219te \u201eVadym S.\u201d) intrase \u00een aten\u021bia autorit\u0103\u021bilor de securitate poloneze atunci c\u00e2nd acestea au investigat indicii privind expedierea planificat\u0103 a unor pachete ce con\u021bineau dispozitive incendiare c\u0103tre Ucraina.<\/p>\n<p>Prin monitorizarea telefonului mobil al lui Vadym, anchetatorii au aflat c\u0103 t\u00e2n\u0103rul ucrainean a c\u0103l\u0103torit din Polonia spre capitala Germaniei cu autocarul la 1 octombrie 2025 \u0219i s-a \u00eendreptat c\u0103tre o adres\u0103 din Berlinul de Est.<\/p>\n<p>De la respectiva adres\u0103, anchetatorii germani presupun c\u0103 Vadym a preluat dou\u0103 pachete mici, \u00een leg\u0103tur\u0103 cu care avea instruc\u021biuni s\u0103 le duc\u0103 \u00eentr-o zon\u0103 \u00eemp\u0103durit\u0103 de la marginea Berlinului, nu departe de lacul M\u00fcggelsee.<\/p>\n<p>Dup\u0103 ce a depozitat pachetele \u00een ascunz\u0103toare conform instruc\u021biunilor, Vadym ar fi trimis fotografii \u0219i coordonate GPS contactelor sale, \u00eenainte de a c\u0103l\u0103tori \u00eenapoi din Berlin spre Polonia c\u00e2teva ore mai t\u00e2rziu \u2013 tot cu un autocar de curs\u0103 lung\u0103.<\/p>\n<p>Folosind coordonatele interceptate de colegii lor polonezi, poli\u021bi\u0219tii germani au reu\u0219it s\u0103 localizeze ascunz\u0103toarea de la periferia Berlinului \u0219i s\u0103 o inspecteze \u00een secret: aceasta con\u021binea dou\u0103 pistoale de m\u00e2n\u0103 (inclusiv o replic\u0103 a unui pistol Makarov) \u0219i muni\u021bia aferent\u0103.<\/p>\n<p>Germanii au ini\u021biat o opera\u021biune de supraveghere a depozitului pentru a stabili cine va veni s\u0103 ridice armele de foc. \u00cen acela\u0219i timp, speciali\u0219tii poli\u021biei au modificat pistoalele, f\u0103c\u00e2ndu-le inutilizabile.<\/p>\n<p>Cu toate acestea, nimeni nu a venit s\u0103 ridice armele, deoarece persoanele cu care Vadym Shcherbakov era \u00een contact aflaser\u0103, probabil, despre arestarea acestuia \u00een Rom\u00e2nia.<\/p>\n<p>Atentat dejucat \u00een Bucure\u0219ti la sediul companiei ucrainene Nova Post<\/p>\n<p>Pe data de 2 aprilie 2026, Vadym Shcherbakov \u0219i Bohdan Filipchuk au fost trimi\u0219i \u00een judecat\u0103 de DIICOT pentru tentativ\u0103 la acte de diversiune, respectiv complicitate la aceast\u0103 infrac\u021biune, pentru care risc\u0103 pedepse cu \u00eenchisoare de la 5 la 10 ani:<\/p>\n<ul class=\"wp-block-list\">\n<li>\u201eExista riscul real al distrugerii prin incendiere a respectivului sediu \u00een contextul \u00een care (Shcherbakov Vadym \u2013 n.r.) a activat mecanismul de declan\u0219are a dispozitivelor incendiare improvizate func\u021bionale, fapta fiind de natur\u0103 s\u0103 pun\u0103 \u00een pericol securitatea na\u021bional\u0103.<\/li>\n<li>\u00cen contextul \u00een care sediul Nova Post se afl\u0103 la parterul unui bloc de locuin\u021be cu 7 etaje, situat \u00eentr-o zon\u0103 central\u0103 \u0219i aglomerat\u0103 a municipiului Bucure\u0219ti, explozia sau incendiul put\u00e2ndu-se propaga cu u\u0219urin\u021b\u0103 la cl\u0103dirile din jur, cre\u00e2ndu-se astfel un real pericol asupra vie\u021bii unui num\u0103r foarte mare de persoane, precum \u0219i asupra imobilelor \u0219i bunurilor situate \u00een zon\u0103.<\/li>\n<li>(Scopul lor era \u2013 n.r.) s\u0103 creeze o \u00abdiversiune\u00bb, \u00een sensul c\u0103 ar fi generat \u00een societate un puternic sentiment general de insecuritate, nelini\u0219te, c\u0103 astfel de ac\u021biuni ar fi posibile oric\u00e2nd, dar \u015fi de ne\u00eencredere a popula\u021biei \u00een capacitatea autorit\u0103\u021bilor publice de a asigura protec\u021bia cet\u0103\u021benilor, fapt\u0103 ce \u00eentrune\u0219te elementele constitutive ale infrac\u021biunii de tentativ\u0103 la acte de diversiune, fapt\u0103 prev. de art.32 alin.1 C.pen. rap. la art.403 C.pen\u201d, re\u021bin procurorii \u00een Rechizitoriul nr. 4955\/19\/P\/2025.<\/li>\n<\/ul>\n<p><a href=\"https:\/\/www.libertatea.ro\/stiri\/operatiune-rusia-steag-fals-bucuresti-ucraineni-plan-incendiu-nova-post-bulevardul-unirii-5794834\" rel=\"nofollow noopener\" target=\"_blank\">Detalii despre opera\u021biunea prin care cei doi au fost prin\u0219i se reg\u0103sesc \u00een \u00cencheierea de dez\u00eenvestire a Cur\u021bii de Apel Bucure\u0219ti, consultat\u0103 de Libertatea.<\/a><\/p>\n<p>Din documentul citat rezult\u0103 c\u0103 pe data de 15 octombrie 2025, \u00een jurul ori 18:30, cei doi au ajuns \u00een zona sediului Nova Post, unde Vadym Shcherbakov a depus dou\u0103 colete despre care existau suspiciuni c\u0103 ar con\u021bine dispozitive explozive sau incendiare, dup\u0103 care acesta a p\u0103r\u0103sit incinta.<\/p>\n<p><img width=\"800\" height=\"600\" src=\"https:\/\/www.europesays.com\/ro\/wp-content\/uploads\/2026\/08\/nova-post2-1024x635.png\" alt=\"Ucraineanul recrutat de ru\u0219i care preg\u0103tea un atentat la Bucure\u0219ti, c\u0103utat \u0219i \u00een Germania: A ascuns arme de foc \u0219i muni\u021bie la periferia Berlinului\" loading=\"lazy\" decoding=\"async\" class=\"lazyload wp-image-5867228\"\/>Sediul Nova Post. Sursa foto: Google Maps<\/p>\n<p>Cei doi au fost prin\u0219i la scurt timp de la depunerea coletelor, iar dispozitivele au fost dezamorsate. Speciali\u0219tii de la SRI au stabilit c\u0103 dispozitivele con\u021bineau termit \u0219i nitrat de bariu, dou\u0103 substan\u021be incendiare.<\/p>\n<ul class=\"wp-block-list\">\n<li>\u201eDatele ob\u021binute confirm\u0103 afilierea celor doi cet\u0103\u021beni ucraineni la o re\u021bea extins\u0103 de sabotori viz\u00e2nd \u021b\u0103ri europene, controlat\u0103 de serviciile secrete ruse. Ac\u021biunile acestora se \u00eencadreaz\u0103 \u00een acela\u0219i tipar opera\u021bional care vizeaz\u0103 infrastructura extins\u0103 a companiei Nova Post \u2013 cea mai mare companie privat\u0103 de curierat ucrainean\u0103\u201d, se mai arat\u0103 \u00een comunicatul SRI.<\/li>\n<\/ul>\n<p>Ucraineanul prins cu pachetul exploziv d\u0103 vina pe \u201eunchiul\u201d s\u0103u<\/p>\n<p>Vadym Shcherbakov a declarat \u00een data de 30 decembrie 2025 c\u0103, \u00een toamna anului 2025, unchiul s\u0103u, Shcherbakov Sr., i-a cerut s\u0103 se deplaseze \u00eentr-o localitate situat\u0103 la aproximativ dou\u0103 ore \u0219i jum\u0103tate distan\u021b\u0103 de zona \u00een care locuia \u00een Polonia, pentru a dezgropa ni\u0219te c\u0103\u0219ti audio \u00een care se afla un dispozitiv GPS.<\/p>\n<ul class=\"wp-block-list\">\n<li>\u201ePentru efectuarea acestei activit\u0103\u021bi, inculpatul (Shcherbakov Vadym \u2013 n.r.) a primit de la unchiul s\u0103u indica\u021bii precise cu privire la loca\u021bia \u00een care se aflau bunurile pe care inculpatul trebuia s\u0103 le dezgroape. Inculpatul (Shcherbakov Vadym \u2013 n.r.) a acceptat propunerea unchiului s\u0103u \u0219i s-a deplasat \u00een localitatea respectiv\u0103, \u00eempreun\u0103 cu colegul s\u0103u de apartament, pe nume Horbenko (\u2026), utiliz\u00e2nd autoturismul acestuia din urm\u0103.<\/li>\n<li>De la loca\u021bia indicat\u0103 de unchiul s\u0103u, inculpatul (Shcherbakov Vadym \u2013 n.r.) a dezgropat, cu ajutorul unei lope\u021bi, dou\u0103 perechi de c\u0103\u0219ti audio ambalate \u00een pungi \u00eenchise, precum \u0219i 6 tuburi de solu\u021bie \u00eempotriva coroziunii, inscrip\u021bionate VW, care ar\u0103tau ca ni\u0219te tuburi de past\u0103 de din\u021bi. Aceste bunuri au fost transportate de inculpat \u00een apartamentul \u00een care locuia \u00eempreun\u0103 cu martorul Horbenko (\u2026).\u00a0\u00a0<\/li>\n<li>Ulterior, (unchiul \u2013 n.r.) i-a solicitat inculpatului (Shcherbakov Vadym \u2013 n.r.) s\u0103 achizi\u021bioneze dou\u0103 cutii \u00een care s\u0103 ambaleze bunurile dezgropate, \u00eempreun\u0103 cu alte piese auto, respectiv filtre de aer \u0219i filtre de ulei, precum \u0219i dou\u0103 dispozitive GPS \u0219i cartele SIM pe care le-a introdus \u00een dispozitivele GPS.<\/li>\n<li>Astfel, inculpatul (Shcherbakov Vadym \u2013 n.r.) a aranjat \u00een fiecare din cele dou\u0103 colete, la indica\u021biile unchiului s\u0103u, urm\u0103toarele bunuri: un aparat GPS, trei tuburi de crem\u0103 anticoroziv\u0103, dou\u0103 filtre de aer, un filtru de ulei \u0219i o pereche de c\u0103\u0219ti.\u00a0 Ulterior, tot la solicitarea unchiului s\u0103u, inculpatul (Shcherbakov Vadym \u2013 n.r.) a acceptat s\u0103 se deplaseze \u00een Rom\u00e2nia, pentru a expedia cele dou\u0103 colete descrise mai sus, c\u0103tre Ucraina, prin intermediul companiei Nova Post.<\/li>\n<li>\u00cen acest sens, inculpatul (Shcherbakov Vadym \u2013 n.r.) l-a contactat pe inculpatul (Filipchuk Bohdan \u2013 n.r.) \u0219i i-a propus s\u0103-l transporte cu autoturismul acestuia \u00een Rom\u00e2nia, urm\u00e2nd ca (acesta din urm\u0103 \u2013 n.r.) s\u0103 primeasc\u0103 pentru acest serviciu suma de 500 de dolari.\u00a0\u00a0<\/li>\n<li>Inculpa\u021bii (\u2026) s-au deplasat cu autoturismul inculpatului (Filipchuk Bohdan \u2013 n.r.) din Polonia \u00een Rom\u00e2nia, inculpatul (Shcherbakov Vadym -n.r.) relat\u00e2ndu-i (lui Bohndan \u2013 n.r.), pe parcursul deplas\u0103rii, despre scopul acestei c\u0103l\u0103torii, respectiv despre faptul c\u0103 urmeaz\u0103 s\u0103 expedieze din Rom\u00e2nia, prin compania Nova Post, cele dou\u0103 colete pe care le transportau.<\/li>\n<li>\u00cen ziua urm\u0103toare sosirii \u00een municipiul Bucure\u0219ti, la indica\u021biile stricte ale unchiului s\u0103u, inculpatul (Shcherbakov Vadym \u2013 n.r.) a activat comutatoarele electronice din interiorul c\u0103\u0219tilor audio aflate \u00een cele dou\u0103 colete, activitate observat\u0103 \u0219i de inculpatul (Filipchuk Bohdan \u2013 n.r.), deoarece aceast\u0103 manoper\u0103 s-a realizat \u00een autoturismul \u00een care se afla \u0219i acesta, iar dup\u0103 activare a introdus c\u0103\u0219tile \u00een cele dou\u0103 colete, pe care le-a predat la sediul Nova Post din municipiul Bucure\u0219ti, \u00een vederea expedierii c\u0103tre Ucraina\u201d, se arat\u0103 \u00een actele dosarului.<\/li>\n<\/ul>\n<p>Pe data de 18 mai 2026, un judec\u0103tor de la Curtea de Apel Bucure\u0219ti a constatat legalitatea rechizitoriului \u00eentocmit de DIICOT \u00eempotriva celor doi \u0219i a dispus \u00eenceperea judec\u0103\u021bii pe fond cu privire la ace\u0219tia pentru tentativ\u0103 la acte de diversiune.<\/p>\n<p><a rel=\"noreferrer noopener nofollow\" target=\"_blank\" href=\"https:\/\/portal.just.ro\/2\/SitePages\/Dosar.aspx?id_dosar=200000000458939&amp;id_inst=2\">Primul termen pe fond \u00een dosarul Vadym Shcherbakov \u0219i Bohdan Filipchuk va avea loc pe data de 1 septembrie 2026 la Curtea de Apel Bucure\u0219ti.<\/a><\/p>\n<p>\n                                    Abona\u021bi-v\u0103 la \u0218TIRILE ZILEI pentru a fi la curent cu cele mai noi informa\u021bii.\n                                <\/p>\n<p>                                    ABONEAZ\u0102-TE                                    <img class=\"img-responsive\" src=\"https:\/\/static4.libertatea.ro\/wp-content\/themes\/libertatea-twenty-four\/assets\/images\/single-2024\/send-5.svg\" alt=\"\u0218TIRILE ZILEI\" width=\"70\" height=\"70\" loading=\"lazy\" decoding=\"async\"\/><\/p>\n<p>Urm\u0103re\u0219te cel mai nou VIDEO<\/p>\n","protected":false},"excerpt":{"rendered":"Ministrul german de Interne, Alexander Dobrindt, a anun\u021bat \u00eentr-o conferin\u021b\u0103 de pres\u0103, pe data de 21 august 2026,&hellip;\n","protected":false},"author":2,"featured_media":280778,"comment_status":"","ping_status":"","sticky":false,"template":"","format":"standard","meta":{"footnotes":"","_share_on_mastodon":"0"},"categories":[5],"tags":[32,33,31,36,37,27,34,35,25,41,40,38,39,26,28,29,30],"class_list":["post-280777","post","type-post","status-publish","format-standard","has-post-thumbnail","category-titluri","tag-breaking-news","tag-breakingnews","tag-cele-mai-populare-subiecte","tag-featured-news","tag-featurednews","tag-headlines","tag-latest-news","tag-latestnews","tag-news","tag-ro","tag-romana","tag-romania","tag-romanian","tag-stiri","tag-titluri","tag-top-stories","tag-topstories"],"share_on_mastodon":{"url":"https:\/\/pubeurope.com\/@ro\/117183976138057458","error":""},"_links":{"self":[{"href":"https:\/\/www.europesays.com\/ro\/wp-json\/wp\/v2\/posts\/280777","targetHints":{"allow":["GET"]}}],"collection":[{"href":"https:\/\/www.europesays.com\/ro\/wp-json\/wp\/v2\/posts"}],"about":[{"href":"https:\/\/www.europesays.com\/ro\/wp-json\/wp\/v2\/types\/post"}],"author":[{"embeddable":true,"href":"https:\/\/www.europesays.com\/ro\/wp-json\/wp\/v2\/users\/2"}],"replies":[{"embeddable":true,"href":"https:\/\/www.europesays.com\/ro\/wp-json\/wp\/v2\/comments?post=280777"}],"version-history":[{"count":0,"href":"https:\/\/www.europesays.com\/ro\/wp-json\/wp\/v2\/posts\/280777\/revisions"}],"wp:featuredmedia":[{"embeddable":true,"href":"https:\/\/www.europesays.com\/ro\/wp-json\/wp\/v2\/media\/280778"}],"wp:attachment":[{"href":"https:\/\/www.europesays.com\/ro\/wp-json\/wp\/v2\/media?parent=280777"}],"wp:term":[{"taxonomy":"category","embeddable":true,"href":"https:\/\/www.europesays.com\/ro\/wp-json\/wp\/v2\/categories?post=280777"},{"taxonomy":"post_tag","embeddable":true,"href":"https:\/\/www.europesays.com\/ro\/wp-json\/wp\/v2\/tags?post=280777"}],"curies":[{"name":"wp","href":"https:\/\/api.w.org\/{rel}","templated":true}]}}