{"id":280811,"date":"2026-08-30T11:19:17","date_gmt":"2026-08-30T11:19:17","guid":{"rendered":"https:\/\/www.europesays.com\/ro\/280811\/"},"modified":"2026-08-30T11:19:17","modified_gmt":"2026-08-30T11:19:17","slug":"nu-speriati-turistii-lectia-de-turism-de-pe-litoralul-romanesc-de-acum-96-de-ani-mediafax","status":"publish","type":"post","link":"https:\/\/www.europesays.com\/ro\/280811\/","title":{"rendered":"Nu speria\u021bi turi\u0219tii! Lec\u021bia de turism de pe litoralul rom\u00e2nesc de acum 96 de ani &#8211; Mediafax"},"content":{"rendered":"<ol>\n<li><a href=\"https:\/\/news.google.com\/rss\/articles\/CBMiwwFBVV95cUxNVE15MDM1enNYR05XUTBUMHZmeC1sZDhmM080aDROQmU5Rm1PZC1BU2Z4bTlHT0lOZEQ0Wkx2VXJsRWlFNVdTQmlNTjZmeTA4ZjFlaHNVRGpBTmlMZlRFUXJ5NDRQWTVFVldWN2ZoeEViNjBOYzRTWEtTdzN1QjY0YkJhUHNocEtwNG9SbTMyek9mOEQ5Z2hVQkNjSTk2MGlDWlpMWktuN01vVTNTYUlSVkE4b3UzZHJDd3V3TUxrVjVrTmPSAcgBQVVfeXFMTmVLRnFXek91cGRGLWs3MVlVOERvMHRrNWZfTGFLWUpvc05rcUFJSjVsSlY4ZFZfS0dVNlMyaC1Hdi1PN0hBZWlnck9yRGNWTU9LOXFPUGFoRjJ1M00ya0V0NW9rSi1uUkNJaUhxaDh1b1daTEExU3hWaV9Nc3B1RG1zSjkzaGt4MEFBQ1FpWHVPME1jNXJQT0I0Y1Q2RzRPcEIxajJ6Vmlsc1J1VW15c2Qyc19Deml1NElPVmhqeTdGekdOT0tfbGU?oc=5\" target=\"_blank\" rel=\"nofollow noopener\">Nu speria\u021bi turi\u0219tii! Lec\u021bia de turism de pe litoralul rom\u00e2nesc de acum 96 de ani<\/a>&nbsp;&nbsp;Mediafax<\/li>\n<li><a href=\"https:\/\/news.google.com\/rss\/articles\/CBMiuAFBVV95cUxOcXg2emxjN0h0YjJkUFR6aXAydXl5dWJ1VERBRUJyeHdOazBtVTlybUFDWnJHSnRzOXJIUlBsenRzZE5GX3RKS1Uxc0dNQ2NYamVZZjNuUTQtQXB1bEdka3FVQTNPbUd3a3hNRUNUVUJYdi1ESngwXzRMbTRRcXhoTWNKYUdOSjNSNEFtQ01oVU5JUFk3ZTZXVGhfWjU5Z29jY2tGbV9XZkIteVp1WUt3YUdvVm1aOTF10gG7AUFVX3lxTE1KQXM4VUtnb0pUc2FINXJ3bUc2dXRsSi1BQk1rZ3dsX1JsY1lwUG5hVlJvQnFBODBBbjRwWHpBQ2hrRkgzSUo4bmxXbUR4OXBlTEQwWGdvZmszMmV5bE9ST2RPeHJHRnozRkt5T3NpZDF3SlFvYUx4eGFvNWZZTDlWTG44YTRfS0FmcnNOT1hseHV0ZlZKZ2xMOGZ2OTNseFBGMHdpN2tKc1BZMm1IY0xqb3JGTTJ5NTV2WG8?oc=5\" target=\"_blank\" rel=\"nofollow noopener\">Nu speria\u0163i turi\u015ftii! Lec\u0163ia de turism de pe litoralul rom\u00e2nesc de acum 96 de ani<\/a>&nbsp;&nbsp;Ziarul Financiar<\/li>\n<li><a href=\"https:\/\/news.google.com\/rss\/articles\/CBMijwJBVV95cUxNNnJ5TTJCVG14QWY5NFhUS0tpbkxnXzJZT3JYVmlrT01iVzdXMTdwV1ZQeGo0a3JDOUpWMWJtTmgtX0pmcEIyUGJIUnFFQXhmQ3EtUFVIeEN6eE1TZFV0MUllR3M0X0VhdzRCVDBJN2hqUGpadWx3ZnlNVjdkVTJOOU4tR1BUWVYzSExuUWVVb2JxT1E0YlhyQkszSUpfWk5BdEdLR3d3bWdaYlhtSGlhUXU3eU15Rmd1WWxKUGhuRXdpY3diSzhkZ1NkX2dCWUZiMFlJLTV5RlRXaF8tWWJlT18zcWZtOE9NcnpVaVhQRnpPZVdGZ1dPRzdUb1JSTlZyaG1sQzV0VUp4a2tnZWpJ?oc=5\" target=\"_blank\" rel=\"nofollow noopener\">Turi\u0219ti Constan\u021ba 1930: apelul comercian\u021bilor dup\u0103 incidentele cu \u201eGarda de fier\u201d<\/a>&nbsp;&nbsp;Economedia<\/li>\n<li><a href=\"https:\/\/news.google.com\/rss\/articles\/CBMi1AFBVV95cUxPdDB1QVdLcXFZQUJyZWx4WFNJeVZRVUMwUUtmNzBHTkxKZ2N2VG54V1R5YzBtUGVsbWo2SFAwS0c2ajExZnpHS1ZGQVdWZ0c4bkh2eE5UX3o5VFBYZjUtdXhUUExpYzc5N1B6TVdqbnhqS3NtdTlsUXY0T3hjMlQwVDMyT3V4VE5kNE8xZ3ZwSHd3YUQ5YXgtWWE2aFp1aDlDZFJweDZKa2p4UlRFSDkzUEFjTEk3SDYxdFRUbXdVMUZiRGNaVHkxamNfdVBTdXJNTlFkag?oc=5\" target=\"_blank\" rel=\"nofollow noopener\">MINAC, file de istorie, 30 august: Cum erau instrui\u021bi const\u0103n\u021benii din 1930 s\u0103 \u00ee\u0219i trateze turi\u0219tii<\/a>&nbsp;&nbsp;Ziarul Amprenta<\/li>\n<li><a href=\"https:\/\/news.google.com\/rss\/articles\/CBMingFBVV95cUxQYXBuakxzOWdGUkdMcjlJMVdHYkpBMkVrNXo5RlZ5R0lIaU16QWhNdUtSWTNEVG9jNWU4OGlNX1dqbWdTcFNDSW9ZdmlRVVNlOGdSUWNSU0VTUWpfQXNnUUhNelc5SGZzZkpWa3ZwRlRyWmI3dWc1Tkc3eGxCUW15cktpRGxNMjRORmF2RkI0TkRCa3E4RXZQSTlGZU1Ddw?oc=5\" target=\"_blank\" rel=\"nofollow noopener\">Turi\u0219ti molesta\u021bi pentru c\u0103 refuzau s\u0103 cumpere ziare: incidentul care a scandalizat Constan\u021ba anului 1930<\/a>&nbsp;&nbsp;Jurnalul<\/li>\n<\/ol>\n","protected":false},"excerpt":{"rendered":"Nu speria\u021bi turi\u0219tii! Lec\u021bia de turism de pe litoralul rom\u00e2nesc de acum 96 de ani&nbsp;&nbsp;Mediafax Nu speria\u0163i turi\u015ftii!&hellip;\n","protected":false},"author":2,"featured_media":280812,"comment_status":"","ping_status":"","sticky":false,"template":"","format":"standard","meta":{"footnotes":"","_share_on_mastodon":"0"},"categories":[10],"tags":[77405,32,33,31,6258,77406,36,37,27,77407,34,35,77408,17976,7251,25,41,40,38,39,77409,26,28,29,30,10905,4230],"class_list":["post-280811","post","type-post","status-publish","format-standard","has-post-thumbnail","category-romania","tag-77405","tag-breaking-news","tag-breakingnews","tag-cele-mai-populare-subiecte","tag-constanta","tag-dobrogea-juna","tag-featured-news","tag-featurednews","tag-headlines","tag-istoria-turismului","tag-latest-news","tag-latestnews","tag-litoralul-marii-negre","tag-litoralul-romanesc","tag-mamaia","tag-news","tag-ro","tag-romana","tag-romania","tag-romanian","tag-sfatul-negustoresc","tag-stiri","tag-titluri","tag-top-stories","tag-topstories","tag-turism","tag-turisti"],"share_on_mastodon":{"url":"https:\/\/pubeurope.com\/@ro\/117184191771644164","error":""},"_links":{"self":[{"href":"https:\/\/www.europesays.com\/ro\/wp-json\/wp\/v2\/posts\/280811","targetHints":{"allow":["GET"]}}],"collection":[{"href":"https:\/\/www.europesays.com\/ro\/wp-json\/wp\/v2\/posts"}],"about":[{"href":"https:\/\/www.europesays.com\/ro\/wp-json\/wp\/v2\/types\/post"}],"author":[{"embeddable":true,"href":"https:\/\/www.europesays.com\/ro\/wp-json\/wp\/v2\/users\/2"}],"replies":[{"embeddable":true,"href":"https:\/\/www.europesays.com\/ro\/wp-json\/wp\/v2\/comments?post=280811"}],"version-history":[{"count":0,"href":"https:\/\/www.europesays.com\/ro\/wp-json\/wp\/v2\/posts\/280811\/revisions"}],"wp:featuredmedia":[{"embeddable":true,"href":"https:\/\/www.europesays.com\/ro\/wp-json\/wp\/v2\/media\/280812"}],"wp:attachment":[{"href":"https:\/\/www.europesays.com\/ro\/wp-json\/wp\/v2\/media?parent=280811"}],"wp:term":[{"taxonomy":"category","embeddable":true,"href":"https:\/\/www.europesays.com\/ro\/wp-json\/wp\/v2\/categories?post=280811"},{"taxonomy":"post_tag","embeddable":true,"href":"https:\/\/www.europesays.com\/ro\/wp-json\/wp\/v2\/tags?post=280811"}],"curies":[{"name":"wp","href":"https:\/\/api.w.org\/{rel}","templated":true}]}}