{"id":280815,"date":"2026-08-30T11:27:15","date_gmt":"2026-08-30T11:27:15","guid":{"rendered":"https:\/\/www.europesays.com\/ro\/280815\/"},"modified":"2026-08-30T11:27:15","modified_gmt":"2026-08-30T11:27:15","slug":"ion-tiriac-s-a-saturat-si-a-luat-o-decizie-categorica-la-87-de-ani-fiul-cel-mare-implicat-direct","status":"publish","type":"post","link":"https:\/\/www.europesays.com\/ro\/280815\/","title":{"rendered":"Ion \u021airiac s-a s\u0103turat \u0219i a luat o decizie categoric\u0103, la 87 de ani. Fiul cel mare, implicat direct"},"content":{"rendered":"<p>    <a class=\"gnews-as\" href=\"https:\/\/google.com\/preferences\/source?q=https:\/\/as.ro\/\" target=\"_blank\" title=\"Google News As.ro\" rel=\"noopener nofollow\"><img decoding=\"async\" loading=\"lazy\" src=\"https:\/\/cdn.as.ro\/wp-content\/themes\/antenasport\/images\/google-icon.svg\" alt=\"Google News As.ro\" width=\"24\" height=\"20\"\/>Adaug\u0103-ne ca surs\u0103 preferat\u0103 \u00een Google<\/a><\/p>\n<p>\t <a class=\"gnews-as\" href=\"https:\/\/profile.google.com\/cp\/EgsKCXd3dy5hcy5ybw==\" target=\"_blank\" title=\"Urm\u0103re\u0219te AS.ro pe Discover\" rel=\"noopener nofollow\"><img decoding=\"async\" loading=\"lazy\" src=\"https:\/\/cdn.as.ro\/wp-content\/themes\/antenasport\/images\/google-icon.svg\" alt=\"Google News As.ro\" width=\"24\" height=\"20\"\/>Urm\u0103re\u0219te AS.ro pe Discover<\/a><\/p>\n<p>Ion \u021airiac, ajuns la 87 de ani, a luat o decizie categoric\u0103 privind viitorul afacerilor sale. Miliardarul rom\u00e2n a decis s\u0103-l lase pe fiul s\u0103u cel mare s\u0103 se ocupe de tot.            <\/p>\n<p>                ARTICOLUL CONTINU\u0102 DUP\u0102 RECLAM\u0102<\/p>\n<p>Alexandru Ion \u021airiac, \u00een v\u00e2rst\u0103 de 49 de ani, este mo\u0219tenitorul imperiului financiar al fostului sportiv. El a preluat fr\u00e2iele afacerilor tat\u0103lui s\u0103u, care are o avere estimat\u0103 la suma fabuloas\u0103 de 2,3 miliarde de dolari.        <\/p>\n<p>Ion \u021airiac s-a s\u0103turat \u0219i a luat o decizie categoric\u0103, la 87 de ani: \u00eei las\u0103 afacerile fiului s\u0103u cel mare<\/p>\n<p>Ion \u021airiac a anun\u021bat c\u0103 nu se mai ocup\u0103 direct de afacerile sale, pas\u00e2ndu-i aceast\u0103 responsabilitate fiului s\u0103u cel mare. Fostul sportiv s-a declarat afectat de faptul c\u0103 \u0219i la 87 de ani, trebuie s\u0103 ajung\u0103 la birou, chiar dac\u0103 i-a l\u0103sat afacerile fiului s\u0103u.        <\/p>\n<p>\u201eE trist c\u0103 \u0219i la v\u00e2rsta mea trebuie s\u0103 fiu aici, la birou. Mai ales c\u0103 am renun\u021bat s\u0103 m\u0103 mai ocup de business, se ocup\u0103 feciorul meu.        <\/p>\n<p>Eu am venitul meu, am partea mea din funda\u021bie cu care fac piscina olimpic\u0103 ce va fi gata \u00een anul \u0103sta\u201d, a declarat Ion \u021airiac, conform <a href=\"https:\/\/iamsport.ro\/sporturi\/tenis\/ion-tiriac\/schimbare-istorica-ion-tiriac-e-trist-ca-si-la-varsta-mea-trebuie-sa-fiu-aici-id54413.html\" target=\"_blank\" rel=\"noopener nofollow\">iamsport.ro<\/a>.                    <\/p>\n","protected":false},"excerpt":{"rendered":"Adaug\u0103-ne ca surs\u0103 preferat\u0103 \u00een Google Urm\u0103re\u0219te AS.ro pe Discover Ion \u021airiac, ajuns la 87 de ani, a&hellip;\n","protected":false},"author":2,"featured_media":280816,"comment_status":"","ping_status":"","sticky":false,"template":"","format":"standard","meta":{"footnotes":"","_share_on_mastodon":"0"},"categories":[5],"tags":[32,33,31,36,37,27,34,35,25,41,40,38,39,26,28,29,30],"class_list":["post-280815","post","type-post","status-publish","format-standard","has-post-thumbnail","category-titluri","tag-breaking-news","tag-breakingnews","tag-cele-mai-populare-subiecte","tag-featured-news","tag-featurednews","tag-headlines","tag-latest-news","tag-latestnews","tag-news","tag-ro","tag-romana","tag-romania","tag-romanian","tag-stiri","tag-titluri","tag-top-stories","tag-topstories"],"share_on_mastodon":{"url":"https:\/\/pubeurope.com\/@ro\/117184223756558697","error":""},"_links":{"self":[{"href":"https:\/\/www.europesays.com\/ro\/wp-json\/wp\/v2\/posts\/280815","targetHints":{"allow":["GET"]}}],"collection":[{"href":"https:\/\/www.europesays.com\/ro\/wp-json\/wp\/v2\/posts"}],"about":[{"href":"https:\/\/www.europesays.com\/ro\/wp-json\/wp\/v2\/types\/post"}],"author":[{"embeddable":true,"href":"https:\/\/www.europesays.com\/ro\/wp-json\/wp\/v2\/users\/2"}],"replies":[{"embeddable":true,"href":"https:\/\/www.europesays.com\/ro\/wp-json\/wp\/v2\/comments?post=280815"}],"version-history":[{"count":0,"href":"https:\/\/www.europesays.com\/ro\/wp-json\/wp\/v2\/posts\/280815\/revisions"}],"wp:featuredmedia":[{"embeddable":true,"href":"https:\/\/www.europesays.com\/ro\/wp-json\/wp\/v2\/media\/280816"}],"wp:attachment":[{"href":"https:\/\/www.europesays.com\/ro\/wp-json\/wp\/v2\/media?parent=280815"}],"wp:term":[{"taxonomy":"category","embeddable":true,"href":"https:\/\/www.europesays.com\/ro\/wp-json\/wp\/v2\/categories?post=280815"},{"taxonomy":"post_tag","embeddable":true,"href":"https:\/\/www.europesays.com\/ro\/wp-json\/wp\/v2\/tags?post=280815"}],"curies":[{"name":"wp","href":"https:\/\/api.w.org\/{rel}","templated":true}]}}