{"id":280821,"date":"2026-08-30T11:34:23","date_gmt":"2026-08-30T11:34:23","guid":{"rendered":"https:\/\/www.europesays.com\/ro\/280821\/"},"modified":"2026-08-30T11:34:23","modified_gmt":"2026-08-30T11:34:23","slug":"cetatea-nobiliara-din-coltesti-bijuterie-medievala-din-transilvania-salvata-cu-ajutorul-fondurilor-europene","status":"publish","type":"post","link":"https:\/\/www.europesays.com\/ro\/280821\/","title":{"rendered":"Cetatea Nobiliar\u0103 din Col\u021be\u0219ti, bijuterie medieval\u0103 din Transilvania, salvat\u0103 cu ajutorul fondurilor europene"},"content":{"rendered":"<p>Col\u021be\u0219ti este un sat cu circa 500 de locuitori, parte component\u0103 a comunei Rimetea, singura din Alba unde popula\u021bia maghiar\u0103 este majoritar\u0103, \u00een procent de 85%. Spre deosebire de satul care d\u0103 \u0219i numele comunei, Col\u021be\u0219ti nu a cunoscut o dezvoltare turistic\u0103 at\u00e2t de accentuat\u0103. Era cunoscut pentru cetatea nobiliar\u0103, aflat\u0103 \u00een stare de degradare \u0219i cu un acces relativ dificil. Fondurile europene alocate prin PNRR au oferit o \u0219ans\u0103 nesperat\u0103, monumentul din Col\u021be\u0219ti fiind inclus \u00een \u201eRuta Cet\u0103\u0163ilor\u201d, al\u0103turi de obiective similare din Sighi\u015foara, Sarmizegetusa, Oradea \u015fi Bra\u015fov, pentru a primi finan\u021bare \u00een scopul restaur\u0103rii.<\/p>\n<p><img fetchpriority=\"high\" decoding=\"async\" width=\"1024\" height=\"767\" src=\"https:\/\/www.europesays.com\/ro\/wp-content\/uploads\/2026\/08\/cetatea-inainte-de-restaurare-1024x767.jpg\" alt=\"Cetatea Nobiliar\u0103 din Col\u021be\u0219ti, bijuterie medieval\u0103 din Transilvania, salvat\u0103 cu ajutorul fondurilor europene\" loading=\"lazy\" class=\"lazyload wp-image-5865248\"  \/>Cetatea \u00eenainte de restaurare. Sursa foto: Facebook \/ Jude\u021bul Alba<\/p>\n<p>Parte din identitatea locului<\/p>\n<p>La Col\u021be\u0219ti, lucr\u0103rile au durat aproximativ doi ani \u0219i s-au finalizat prin semnarea documentelor de recep\u021bie, pe 21 august 2026. Costurile totale, ce au presupus \u0219i restaurarea unei alte cl\u0103diri istorice din sat, s-au ridicat la aproape dou\u0103 milioane de euro. Cetatea restaurat\u0103 poate fi deja vizitat\u0103 de turi\u0219ti. Este situat\u0103 la circa doi kilometri de sat, pe coama unui deal abrupt \u0219i st\u00e2ncos, la 700 de metri altitudine. Un loc de belvedere amenajat \u00een exteriorul construc\u021biei ofer\u0103 o imagine de ansamblu inedit\u0103 asupra satului \u0219i a V\u0103ii Aiudului, cu masivul Piatra Secuiului din Mun\u021bii Trasc\u0103u \u00een fundal. Proiectul a vizat \u0219i reabilitarea drumului de acces, astfel c\u0103 acum se poate ajunge cu autoturismul p\u00e2n\u0103 la baza dealului. Au fost amplasate sc\u0103ri de metal ce permit accesul chiar \u0219i \u00een turnul \u00eenalt de 20 de metri.<\/p>\n<p><img decoding=\"async\" width=\"1024\" height=\"577\" src=\"https:\/\/www.europesays.com\/ro\/wp-content\/uploads\/2026\/08\/cetate-coltesti6-1024x577.jpg\" alt=\"Cetatea Nobiliar\u0103 din Col\u021be\u0219ti, bijuterie medieval\u0103 din Transilvania, salvat\u0103 cu ajutorul fondurilor europene\" loading=\"lazy\" class=\"lazyload wp-image-5865251\"  \/>Imagine realizat\u0103 la momentul recep\u021biei, publicat\u0103 de Prim\u0103ria Rimetea<\/p>\n<p>\u201eAceast\u0103 cetate apar\u021bine, \u00een primul r\u00e2nd, comunit\u0103\u021bii. Este parte din identitatea noastr\u0103 \u0219i trebuie s\u0103 r\u0103m\u00e2n\u0103 un loc de care comunitatea s\u0103 fie m\u00e2ndr\u0103. Pentru lucr\u0103rile de reabilitare \u0219i punerea \u00een valoare au fost alocate peste 9,6 milioane de lei. Finalizarea proiectului este important\u0103 \u0219i din punct de vedere turistic. Suntem o zon\u0103 turistic\u0103 \u0219i \u00eencerc\u0103m s\u0103 \u021binem turi\u0219tii c\u00e2t mai mult \u00een comun\u0103 pentru c\u0103 asta aduce beneficii tuturor. Acum le putem oferi un nou obiectiv frumos care s\u0103 poat\u0103 fi vizitat\u201d, a spus primarul comunei Rimetea, Szil\u00e1rd-Levente De\u00e1k-Sz\u00e9kely. Potrivit acestuia, lucr\u0103rile au urm\u0103rit p\u0103strarea caracterului istoric al ansamblului \u0219i crearea unor condi\u021bii care s\u0103 permit\u0103 accesul publicului. Prin acela\u0219i proiect a fost reabilitat \u0219i conacul Thorotzkay-Rudny\u00e1nszky, din Col\u021be\u0219ti, imobil care are, de asemenea, o func\u021biune turistic\u0103 dup\u0103 finalizarea interven\u021biilor. Conacul a fost transformat \u00eentr-un centru de informare turistic\u0103 \u0219i spa\u021biu expozi\u021bional, urm\u00e2nd s\u0103 ofere vizitatorilor informa\u021bii despre patrimoniul local. Expozi\u021bia este \u00een curs de realizare, iar la final, accesul se va realiza \u00een baza unui tarif modic.<\/p>\n<p><a class=\"open-gallery clearfix\" id=\"galerie\" href=\"https:\/\/www.libertatea.ro\/stiri\/cetatea-nobiliara-din-coltesti-bijuterie-medievala-din-transilvania-salvata-cu-ajutorul-fondurilor-europene-5864183\/attachment\/5865272\" title=\"conac coltesti1\" rel=\"nofollow noopener\" target=\"_blank\"><img loading=\"lazy\" decoding=\"async\" class=\"lazyload img-gallery img-responsive lazyload\" src=\"https:\/\/www.europesays.com\/ro\/wp-content\/uploads\/2026\/08\/conac-coltesti1.jpg\" alt=\"conac coltesti1\" width=\"800\" height=\"600\"\/><img width=\"800\" height=\"600\" loading=\"lazy\" decoding=\"async\" class=\"lazyload\" src=\"https:\/\/static4.libertatea.ro\/wp-content\/themes\/libertatea-twenty-four\/assets\/images\/icon-photo.svg\" alt=\"Icon photo\"\/>VEZI GALERIA\u00a0 FOTOPOZA 1 \/ 5<\/a><\/p>\n<p>Istorie de 700 de ani<\/p>\n<p>Cetatea Nobiliar\u0103 de la Col\u0163e\u015fti a fost construit\u0103 dup\u0103 anul 1296 de vicevoievodul Thorotzkay din Trasc\u0103u, ca \u0219i cetate locuibil\u0103 \u015fi de refugiu, dup\u0103 o invazie a t\u0103tarilor \u00een zon\u0103. Pe turnul nordic, \u00eenalt de aproximativ 20 de metri, se p\u0103streaz\u0103 o inscrip\u0163ie care men\u0163ioneaz\u0103 c\u0103 familia Thorotzkay a construit castelul la \u00eenceputul secolului al XIV-lea. \u00cen anul 1470, cetatea a fost confiscat\u0103 de regele Matias Corvin \u015fi dat\u0103 voievodului Transilvaniei. \u00cen 1510 a revenit nobililor de Trasc\u0103u (Thorotzkay), iar \u00een 1514 a fost devastat\u0103 de \u0163\u0103ranii condu\u015fi de Gheorghe Doja. La \u00eenceputul secolului al XVIII-lea, familia nobiliar\u0103 care de\u021binea cetatea \u0219i care se opunea anex\u0103rii Transilvaniei a fost \u00eenvins\u0103 de c\u0103tre trupele imperiale austriece, iar construc\u021bia a fost distrus\u0103 \u00een cea mai mare parte.<\/p>\n<p>Harta publicat\u0103 de istoricul Orb\u00e1n Bal\u00e1zs \u00een 1868 delimiteaz\u0103 trei etape ale construc\u021biei cet\u0103\u021bii:<\/p>\n<p>\u2013 Cea mai veche parte a cet\u0103\u021bii dateaz\u0103 din secolul al XIV-lea: bastionul nordic, zidul vestic \u00eenalt de \u0219apte metri \u015fi gros de 2,30 de metri, precum \u0219i bastionul p\u0103trat estic, din care \u00een zilele noastre a mai r\u0103mas doar un mic col\u021b. Constructorul acestei p\u0103r\u021bi a fost, cel mai probabil, Thoroczkay Ehell\u00f3s I.\u00a0<\/p>\n<p>\u2013 Partea sudic\u0103 a cet\u0103\u021bii dateaz\u0103 din secolul al XV-lea \u0219i cuprinde \u00eenc\u0103peri mai mari, o sal\u0103 a cavalerilor, un balcon \u0219i ferestre mai mari. \u00cempreun\u0103 cu cur\u021bile interioare, oferea locuitorilor s\u0103i un confort aproape luxos, conform condi\u021biilor din acea vreme.<\/p>\n<p>\u2013 Cetatea a fost distrus\u0103 de austrieci \u00een 1704, iar familia s-a mutat \u00een sat, \u00een conacele pe care le de\u021binea acolo.<\/p>\n<p><a class=\"open-gallery clearfix\" href=\"https:\/\/www.libertatea.ro\/stiri\/cetatea-nobiliara-din-coltesti-bijuterie-medievala-din-transilvania-salvata-cu-ajutorul-fondurilor-europene-5864183\/attachment\/5865262\" title=\"cetate coltesti2\" rel=\"nofollow noopener\" target=\"_blank\"><img loading=\"lazy\" decoding=\"async\" class=\"lazyload img-gallery img-responsive lazyload\" src=\"https:\/\/www.europesays.com\/ro\/wp-content\/uploads\/2026\/08\/cetate-coltesti2.jpg\" alt=\"cetate coltesti2\" width=\"800\" height=\"600\"\/><img width=\"800\" height=\"600\" loading=\"lazy\" decoding=\"async\" class=\"lazyload\" src=\"https:\/\/static4.libertatea.ro\/wp-content\/themes\/libertatea-twenty-four\/assets\/images\/icon-photo.svg\" alt=\"Icon photo\"\/>VEZI GALERIA\u00a0 FOTOPOZA 1 \/ 13<\/a><\/p>\n<p>Destina\u021bia anului 2025 la categoria \u201eSate de poveste\u201d<\/p>\n<p>Comuna Rimetea, din care fac parte cele dou\u0103 sate pitore\u0219ti din depresiunea Mun\u021bilor Trasc\u0103u, a fost desemnat\u0103 \u201eDestina\u021bia anului 2025\u201d la categoria \u201eSate de poveste\u201d. Datele statistice arat\u0103 c\u0103, anual, la Rimetea ajung mai mult de 100.000 de turi\u0219ti. Dac\u0103 \u00eenainte de pandemie, cei mai mul\u021bi turi\u0219ti erau din Ungaria, \u00een prezent, 60-70% dintre vizitatori sunt rom\u00e2ni. Rimetea a devenit celebr\u0103 prin peisajul spectaculos, casele monument istoric vopsite \u00een alb \u0219i cu geamurile verzi, istoria minier\u0103 a zonei \u0219i posibilit\u0103\u021bile diverse de drume\u021bie, pe jos sau cu bicicleta.\u00a0<\/p>\n<p>Este una dintre cele mai frumoase destina\u021bii rurale din Rom\u00e2nia, atr\u0103g\u00e2nd turi\u0219ti din \u00eentreaga lume dornici s\u0103 experimenteze un col\u021b de istorie \u0219i natur\u0103 autentic\u0103. O camer\u0103 dubl\u0103 la o pensiune amenajat\u0103 \u00eentr-o locuin\u021b\u0103 veche de peste 100 de ani cost\u0103 \u00een jur de 400 de lei, cu mic-dejun. Nivelul de ocupare a spa\u021biilor de cazare este de peste 80% pe tot parcursul anului turistic, din mai p\u00e2n\u0103 \u00een octombrie. Practic, \u00een prezent, cei aproximativ 1.000 de locuitori ai comunei tr\u0103iesc exclusiv din turism.<\/p>\n<p>Str\u0103zile sunt, cu excep\u021bia drumului jude\u021bean care traverseaz\u0103 localitatea, pietruite, ceea ce contribuie din plin la farmecul satului, care p\u0103streaz\u0103 o alur\u0103 medieval\u0103. \u201eComuna se \u00eentre\u021bine \u00eentr-un procent destul de mare din turism, pentru c\u0103 sunt foarte multe pensiuni. Doar \u00een satul Rimetea avem 55 de pensiuni, iar cei care nu sunt proprietari lucreaz\u0103 la aceste pensiuni, deci sunt \u0219i angaja\u021bi\u201d, spune primarul De\u00e1k-Sz\u00e9kely Szil\u00e1rd-Levente.\u00a0<\/p>\n<p>O atrac\u021bie important\u0103 pentru turi\u0219tii pasiona\u021bi de drume\u021bii este masivul Piatra Secuiului, care str\u0103juie\u0219te satul cu \u00een\u0103l\u021bimea sa de peste 1.100 de metri. Muntele calcaros este str\u0103b\u0103tut de o \u201er\u00e2p\u0103\u201c, ceea ce face ca, din mai p\u00e2n\u0103 \u00een septembrie, soarele s\u0103 r\u0103sar\u0103 de dou\u0103 ori spre zona de vest. Partea nordic\u0103 a masivului, mai scund\u0103, poart\u0103 \u015fi numele de \u201eCol\u0163ii Trasc\u0103ului\u201c \u015fi ad\u0103poste\u015fte ruinele unei fort\u0103re\u0163e medievale.<\/p>\n<p>Minerit, agricultur\u0103 \u0219i turism<\/p>\n<p>Zona a cunoscut o dezvoltare puternic\u0103 \u00eencep\u00e2nd cu secolul al XIII-lea, ca urmare a minerilor germani adu\u015fi aici pentru extrac\u021bia \u0219i prelucrarea fierului, devenind unul din principalele centre miniere din Transilvania. Minereul de fier era scos din minele s\u0103pate \u00een mun\u0163i cu unelte rudimentare, apoi era transportat \u00een vale, unde era ars \u00een furnale, ob\u0163in\u00e2ndu-se \u201epita de fier\u201d, care mai apoi era prelucrat\u0103 cu ajutorul ciocanelor ac\u0163ionate de for\u0163a apei. Astfel se ob\u021bineau obiectele din fier at\u00e2t de necesare \u00een agricultur\u0103, dar \u015fi \u00een gospod\u0103rii, care erau v\u00e2ndute at\u00e2t \u00een Transilvania, c\u00e2t \u0219i \u00een alte zone ale Europei.<\/p>\n<p>Galerii de extrac\u021bie a minereului de fier s-au p\u0103strat p\u00e2n\u0103 \u00een prezent, exist\u00e2nd chiar \u0219i un traseu turistic pentru vizitarea acestora. \u00cen secolul al XV-lea, la Rimetea func\u0163ionau 16 furnale, dar \u00een secolele urm\u0103toare, c\u00e2nd z\u0103c\u0103mintele de fier sunt epuizate, minele de fier \u015fi fabricile se \u00eenchid, iar localitatea decade, devenind preponderent agricol\u0103. Uneltele minerilor \u015fi ale fierarilor sunt, \u00een prezent, piese de muzeu, fiind expuse la Muzeul Etnografic din incinta Prim\u0103riei Rimetea. Comuna a ren\u0103scut dup\u0103 aderarea Rom\u00e2niei la Uniunea European\u0103, devenind o atrac\u021bie turistic\u0103 important\u0103 pentru aceast\u0103 parte a \u021b\u0103rii.<\/p>\n<p>\n                                    Abona\u021bi-v\u0103 la \u0218TIRILE ZILEI pentru a fi la curent cu cele mai noi informa\u021bii.\n                                <\/p>\n<p>                                    ABONEAZ\u0102-TE                                    <img class=\"img-responsive\" src=\"https:\/\/static4.libertatea.ro\/wp-content\/themes\/libertatea-twenty-four\/assets\/images\/single-2024\/send-5.svg\" alt=\"\u0218TIRILE ZILEI\" width=\"70\" height=\"70\" loading=\"lazy\" decoding=\"async\"\/><\/p>\n<p>Urm\u0103re\u0219te cel mai nou VIDEO<\/p>\n","protected":false},"excerpt":{"rendered":"Col\u021be\u0219ti este un sat cu circa 500 de locuitori, parte component\u0103 a comunei Rimetea, singura din Alba unde&hellip;\n","protected":false},"author":2,"featured_media":280822,"comment_status":"","ping_status":"","sticky":false,"template":"","format":"standard","meta":{"footnotes":"","_share_on_mastodon":"0"},"categories":[5],"tags":[32,33,31,36,37,27,34,35,25,41,40,38,39,26,28,29,30],"class_list":["post-280821","post","type-post","status-publish","format-standard","has-post-thumbnail","category-titluri","tag-breaking-news","tag-breakingnews","tag-cele-mai-populare-subiecte","tag-featured-news","tag-featurednews","tag-headlines","tag-latest-news","tag-latestnews","tag-news","tag-ro","tag-romana","tag-romania","tag-romanian","tag-stiri","tag-titluri","tag-top-stories","tag-topstories"],"share_on_mastodon":{"url":"https:\/\/pubeurope.com\/@ro\/117184251547668487","error":""},"_links":{"self":[{"href":"https:\/\/www.europesays.com\/ro\/wp-json\/wp\/v2\/posts\/280821","targetHints":{"allow":["GET"]}}],"collection":[{"href":"https:\/\/www.europesays.com\/ro\/wp-json\/wp\/v2\/posts"}],"about":[{"href":"https:\/\/www.europesays.com\/ro\/wp-json\/wp\/v2\/types\/post"}],"author":[{"embeddable":true,"href":"https:\/\/www.europesays.com\/ro\/wp-json\/wp\/v2\/users\/2"}],"replies":[{"embeddable":true,"href":"https:\/\/www.europesays.com\/ro\/wp-json\/wp\/v2\/comments?post=280821"}],"version-history":[{"count":0,"href":"https:\/\/www.europesays.com\/ro\/wp-json\/wp\/v2\/posts\/280821\/revisions"}],"wp:featuredmedia":[{"embeddable":true,"href":"https:\/\/www.europesays.com\/ro\/wp-json\/wp\/v2\/media\/280822"}],"wp:attachment":[{"href":"https:\/\/www.europesays.com\/ro\/wp-json\/wp\/v2\/media?parent=280821"}],"wp:term":[{"taxonomy":"category","embeddable":true,"href":"https:\/\/www.europesays.com\/ro\/wp-json\/wp\/v2\/categories?post=280821"},{"taxonomy":"post_tag","embeddable":true,"href":"https:\/\/www.europesays.com\/ro\/wp-json\/wp\/v2\/tags?post=280821"}],"curies":[{"name":"wp","href":"https:\/\/api.w.org\/{rel}","templated":true}]}}