{"id":280829,"date":"2026-08-30T11:41:12","date_gmt":"2026-08-30T11:41:12","guid":{"rendered":"https:\/\/www.europesays.com\/ro\/280829\/"},"modified":"2026-08-30T11:41:12","modified_gmt":"2026-08-30T11:41:12","slug":"mirel-radoi-sare-in-apararea-romanului-huiduit-copios-de-fanii-lui-gaziantep-trebuia-sa-ii-schimb-pe-toti","status":"publish","type":"post","link":"https:\/\/www.europesays.com\/ro\/280829\/","title":{"rendered":"Mirel R\u0103doi sare \u00een ap\u0103rarea rom\u00e2nului, huiduit copios de fanii lui Gaziantep: \u201eTrebuia sa \u00eei schimb pe to\u021bi?!\u201d"},"content":{"rendered":"<p>\n            Articol de <a rel=\"author nofollow noopener\" href=\"https:\/\/www.gsp.ro\/autor\/alexandru-stanciu-3977.html\" target=\"_blank\">Alexandru Stanciu<\/a>            &#8211; Publicat duminica, 30 august 2026,  10:10            \/ Actualizat duminica, 30 august 2026 10:33                    <\/p>\n<p>Mirel R\u0103doi (45 de ani), antrenorul lui <a class=\"autolink-enabled\" data-resource-id=\"1850\" data-resource-type=\"team\" data-sport=\"football\" href=\"https:\/\/www.gsp.ro\/rezultate-live\/echipa-teamname-1850\" rel=\"nofollow noopener\" target=\"_blank\">Gaziantep<\/a>, a reac\u021bionat dup\u0103 ce a suferit prima \u00eenfr\u00e2ngere din acest sezon, 1-2 pe teren propriu cu <a class=\"autolink-enabled\" data-resource-id=\"510\" data-resource-type=\"team\" data-sport=\"football\" href=\"https:\/\/www.gsp.ro\/rezultate-live\/echipa-teamname-510\" rel=\"nofollow noopener\" target=\"_blank\">Rizespor<\/a>.<\/p>\n<p class=\"do-not-hide\">Pentru Gaziantep au fost titulari cei 3 rom\u00e2ni pe care \u00eei are R\u0103doi la dispozi\u021bie, Deian Sorescu, Alexandru Maxim \u0219i Florin \u0218tefan, primii doi integrali\u0219ti. <\/p>\n<p class=\"do-not-hide\">Funda\u0219ul st\u00e2nga a fost schimbat \u00een minutul 65, dup\u0103 ce a fost huiduit copios de c\u0103tre suporteri. La finalul meciului, tehnicianul rom\u00e2n a criticat reac\u021bia fanilor la adresa juc\u0103torului sosit \u00een aceast\u0103 var\u0103 de la Universitatea Craiova.<\/p>\n<p>De cealalt\u0103 parte, la Rizespor au evoluat doi rom\u00e2ni. Valentin Mih\u0103il\u0103 a fost introdus \u00een minutul 64, iar Iustin Doicaru, transferat de la Farul s\u0103pt\u0103m\u00e2na trecut\u0103 pentru 1,5 milioane de euro, a debutat \u00een Turcia, fiind introdus pe teren \u00een minutul 89.<\/p>\n<p>Mirel R\u0103doi a s\u0103rit \u00een ap\u0103rarea lui Florin \u0218tefan: \u201eNu \u00een\u021beleg aceste reac\u021bii\u201d<\/p>\n<p>\u201eAm \u00eenceput meciul cam relaxa\u021bi \u0219i nu ne-am concentrat suficient. Rizespor s-a focusat mai bine asupra jocului dec\u00e2t noi. Am primit dou\u0103 goluri, de\u0219i am lucrat faza defensiv\u0103 toat\u0103 s\u0103pt\u0103m\u00e2na. Am avut ocazii clare de gol pe care le-am irosit.<\/p>\n<p>Privind retrospectiv meciul, am dominat jocul dar nu am ob\u021binut rezultatul pe care ni-l doream. Dac\u0103 m\u0103 \u00eentreba\u021bi pe mine, cred nu meritam mai mult de un punct ast\u0103zi, dar m\u0103car puteam ob\u021bine m\u0103car egalul. Patru puncte p\u00e2n\u0103 acum nu sunt suficiente. <\/p>\n<p>Referitor la transferuri, trebuie s\u0103 \u00eentreba\u021bi conducerea clubului. Avem juc\u0103tori care vin din liga a doua, deci cred c\u0103 au nevoie de mai mult timp de acomodare. De asemenea, avem c\u00e2\u021biva juc\u0103tori accidenta\u021bi \u00een prezent. <\/p>\n<p>Avem c\u00e2teva puncte slabe, suntem insuficien\u021bi \u00een anumite pozi\u021bii. Eu sunt antrenorul acestei echipe, rolul meu este s\u0103 definitivez lotul\u201d, a declarat Mirel R\u0103doi, citat de <a target=\"_blank\" class=\"editor-link\" href=\"https:\/\/www.olaymedya.com\/spor\/17423086\/gaziantep-fk-teknik-direktoru-mirel-radoi-maca-odaklanamadik\" rel=\"nofollow noopener\">olaymedya.com<\/a>.<\/p>\n<p><img decoding=\"async\" src=\"https:\/\/www.europesays.com\/ro\/wp-content\/uploads\/2026\/08\/60227446-bbe0-4632-9977-547d4b3ae819.jpg\" loading=\"lazy\" title=\"Florin \u0218tefan \u00een ac\u021biune pentru Gaziantep. Foto: Imago Images\" alt=\"Mirel R\u0103doi sare \u00een ap\u0103rarea rom\u00e2nului, huiduit copios de fanii lui Gaziantep: \u201eTrebuia sa \u00eei schimb pe to\u021bi?!\u201d\" width=\"738\" height=\"502\"\/><\/p>\n<p>Florin \u0218tefan \u00een ac\u021biune pentru Gaziantep. Foto: Imago Images<\/p>\n<p>Referitor la huiduielile primite de Florin \u0218tefan din partea fanilor, R\u0103doi a r\u0103spuns: \u201eNu \u00een\u021beleg de ce \u0218tefan a primit aceste reac\u021bii. \u00cen fine, sunt suporteri, au dreptul s\u0103 reac\u021bioneze. Avem doi funda\u0219i st\u00e2nga \u0219i au profiluri diferite. Dac\u0103 fanii huiduiau 6 juc\u0103tori, trebuia sa \u00eei schimb pe to\u021bi?!\u201d.<\/p>\n","protected":false},"excerpt":{"rendered":"Articol de Alexandru Stanciu &#8211; Publicat duminica, 30 august 2026, 10:10 \/ Actualizat duminica, 30 august 2026 10:33&hellip;\n","protected":false},"author":2,"featured_media":280830,"comment_status":"","ping_status":"","sticky":false,"template":"","format":"standard","meta":{"footnotes":"","_share_on_mastodon":"0"},"categories":[5],"tags":[11012,32,33,31,4567,36,37,23632,11013,27,70952,34,35,577,25,6043,41,40,38,39,26,28,29,30,3511],"class_list":["post-280829","post","type-post","status-publish","format-standard","has-post-thumbnail","category-titluri","tag-alexandru-maxim","tag-breaking-news","tag-breakingnews","tag-cele-mai-populare-subiecte","tag-deian-sorescu","tag-featured-news","tag-featurednews","tag-florin-stefan","tag-gaziantep","tag-headlines","tag-iustin-doicaru","tag-latest-news","tag-latestnews","tag-mirel-radoi","tag-news","tag-rizespor","tag-ro","tag-romana","tag-romania","tag-romanian","tag-stiri","tag-titluri","tag-top-stories","tag-topstories","tag-valentin-mihaila"],"share_on_mastodon":{"url":"https:\/\/pubeurope.com\/@ro\/117184278844978694","error":""},"_links":{"self":[{"href":"https:\/\/www.europesays.com\/ro\/wp-json\/wp\/v2\/posts\/280829","targetHints":{"allow":["GET"]}}],"collection":[{"href":"https:\/\/www.europesays.com\/ro\/wp-json\/wp\/v2\/posts"}],"about":[{"href":"https:\/\/www.europesays.com\/ro\/wp-json\/wp\/v2\/types\/post"}],"author":[{"embeddable":true,"href":"https:\/\/www.europesays.com\/ro\/wp-json\/wp\/v2\/users\/2"}],"replies":[{"embeddable":true,"href":"https:\/\/www.europesays.com\/ro\/wp-json\/wp\/v2\/comments?post=280829"}],"version-history":[{"count":0,"href":"https:\/\/www.europesays.com\/ro\/wp-json\/wp\/v2\/posts\/280829\/revisions"}],"wp:featuredmedia":[{"embeddable":true,"href":"https:\/\/www.europesays.com\/ro\/wp-json\/wp\/v2\/media\/280830"}],"wp:attachment":[{"href":"https:\/\/www.europesays.com\/ro\/wp-json\/wp\/v2\/media?parent=280829"}],"wp:term":[{"taxonomy":"category","embeddable":true,"href":"https:\/\/www.europesays.com\/ro\/wp-json\/wp\/v2\/categories?post=280829"},{"taxonomy":"post_tag","embeddable":true,"href":"https:\/\/www.europesays.com\/ro\/wp-json\/wp\/v2\/tags?post=280829"}],"curies":[{"name":"wp","href":"https:\/\/api.w.org\/{rel}","templated":true}]}}