{"id":280837,"date":"2026-08-30T11:48:10","date_gmt":"2026-08-30T11:48:10","guid":{"rendered":"https:\/\/www.europesays.com\/ro\/280837\/"},"modified":"2026-08-30T11:48:10","modified_gmt":"2026-08-30T11:48:10","slug":"categoric-nu-sau-poate-da-ce-a-inclinat-balanta-in-referendumul-din-islanda-pentru-reluarea-digi24","status":"publish","type":"post","link":"https:\/\/www.europesays.com\/ro\/280837\/","title":{"rendered":"\u201eCategoric\u201d nu sau \u201epoate da\u201d: ce a \u00eenclinat balan\u021ba \u00een referendumul din Islanda pentru reluarea&#8230; &#8211; Digi24"},"content":{"rendered":"<ol>\n<li><a href=\"https:\/\/news.google.com\/rss\/articles\/CBMi-AFBVV95cUxNamFDN0Jkb3NKU1E3VVM3d3ltbnJ5Zi12UVVCZHRXUjhQTFRsaVBlR3pyNVB4dDBEaUs5VWxVZlZuQ1o0bDdGRUNfSlpvaXk4Ykkzckc1MG1YSTN1Z2hoTUZ4UUFJU3R2UXNWUkFJQkI3VlhTMThHbGlNQXF1T0M5TG95QlNlNi05cWo5NWNOMGprNjk2ZVZ3eWo5Ul9IeXNvdk84RkQzSlNaZWJLWDZjVGNxQkFMUlFELUdtcjFyNFEzbHN3V1pJWXpmd0V0X2JVVlFpU0hLUm5ZNGM3WEU5bHNoVWRYTUJCcXI3TW9pVllpN0k3WTNNZ9IBjwJBVV95cUxPbEIzYkxCX3JxbWpKWjlhRGluQWw1TTRXbFA2aHFSOVZKZ2hDN1lUX0laVEdScWVLNTdXOGRqMzgydlM5dGlvcTRXUk9RSTFyQ0Q2VGI4ZGNubmVQMHBtempYUkpDTnpTR3BfeWdjRVc3SXFtbnQ1eVJvbExpZ2lkcGxOX2p4ODJZWHNDMTZhaHZfV3J2cER5d3BaRkg0SldraWZONGRnQklYZzlOTER5eEc2S3MyMW1aTl82cXVlSFhYejEzZ1BZR2ttYXdGR2xOdGlHRjJ5Nks5ZXQ2VlJEM3c1dk82a2JLazdXbFlFU1hRdEg3NjRfckRvdXBRZjhKb3ZfLXpaZ1RaZ1dQQXBN?oc=5\" target=\"_blank\" rel=\"nofollow noopener\">\u201eCategoric\u201d nu sau \u201epoate da\u201d: ce a \u00eenclinat balan\u021ba \u00een referendumul din Islanda pentru reluarea&#8230;<\/a>&nbsp;&nbsp;Digi24<\/li>\n<li><a href=\"https:\/\/news.google.com\/rss\/articles\/CBMi2AFBVV95cUxQQlpNT19HUmhaeUcwdGlzUHE1ZzVxOFVKY0VPQ3ZJUDNhSlM4c2pieC11SUVkX2hIRWxubEw2U1VBWW1RUmEzVVFvalgwd250SVhOeThCR1JaZ0lKU1QzVy1qYjE0c1ROSVVKc0xaXzZha3otYTRIZk5OY0JzNjk1T0pkanBxYVBIZFBmV254ZFNLN0Nobk9aTmQwMzJXMzRZczJLa3FrdVFnQk9BbEhucURuYVdHYUVJdjBWdklDV0N4Tk1ENlJXd1QwSmwwSl9qUGtaUkRlMHU?oc=5\" target=\"_blank\" rel=\"nofollow noopener\">Euronews: Respingerea de c\u0103tre Islanda a negocierilor de aderare reprezint\u0103 o lovitur\u0103 major\u0103 pentru extinderea UE<\/a>&nbsp;&nbsp;G4Media<\/li>\n<li><a href=\"https:\/\/news.google.com\/rss\/articles\/CBMi6wFBVV95cUxPZEVsSFhVakRfR3hhcHpvaXdSTEtmckc1RGtXdmZYRXhuQTJiMXJNQU9pU0p4cXNCNFkyTDNpMV9YRTU0M0ZnSTFVdmRhRHB2VzZPVnBTWEJGbEU0Q090SHFCanZnQ0xpMGVMY3VoWU1iSHN0YXdBQXhEUWRkOENUUjhGamhfR1dJNVkxbDR6NEVuWkpDVjd3SU1CZ2RDX2J4WEcxbkdxVWhJNjRSNmNtQWh4VWtzN2dMZXdrbmJCNG1WWWpPUzhvOXptcEZ3bzBhVzlPLWxnZndxT1NxQWlZYzk3SEJNelRkNHMw?oc=5\" target=\"_blank\" rel=\"nofollow noopener\">Referendum privind UE \u00een Islanda: Votul &#8221;Nu&#8221; este \u00een frunte, pe m\u0103sur\u0103 ce num\u0103r\u0103toarea se apropie de sf\u00e2r\u0219it<\/a>&nbsp;&nbsp;Agerpres<\/li>\n<li><a href=\"https:\/\/news.google.com\/rss\/articles\/CBMiwgFBVV95cUxONU02NmplQWJkcDRsMktkR2NzY0NXWlVYdUdXdGVFaHFPamR4Wm1YdFJLMUxwVUNQeFo3Qkd1eGI4R2xTdDgzVW5KZG4zRXpKbnZOVTB0WDhWSkJ2cmdaWlAyUzRXU2s1d1VEd1FmM3ptLUc5bzRwVl9zSU9BeXRrZjdHVFdCNFdkSUJtUUtianNINW5rSlZ4NmN6WGdYd0I3ajR3T09ZTDU0c1luazZNOXRSZ1o3ejdWUEMtdVAyQ3FyQQ?oc=5\" target=\"_blank\" rel=\"nofollow noopener\">Rezultatul final la referendumul din Islanda privind negocierile de aderare la UE: 52,8% dintre votan\u021bi au spus \u201eNei\u201d. Prezen\u021b\u0103 uria\u0219\u0103 la vot<\/a>&nbsp;&nbsp;HotNews.ro<\/li>\n<li><a href=\"https:\/\/news.google.com\/rss\/articles\/CBMi6AFBVV95cUxQNHVYWkRZd0t5N2FxcEpSa0RMWjlxQ3JHZkFTaWVRYVJ5QVQtTGRDNXRTSllOd1BGSVdHd1ZHYmpGQmpUaE9kaExReGdaZTZTVVVfNHRTR0EwX0t6ck5faTJhRWVHamhwXzNZVXg3VVFjMkdheXRBWkFzVHdNekh1UDdxVjVHZ0RVUHpLb05TTVkxUXZnbV9MX3pQdkJIcENnblRRQlpxRERzWmFkMG5DR2VpQUcyd2ZMbXJfS3c0TzNUanc2cks2SWVTdG95ZEFDMGtEM2htZ0UwTEpxVlQ0ZDVvYS1IbVh0?oc=5\" target=\"_blank\" rel=\"nofollow noopener\">Islanda a votat \u00eempotriva ader\u0103rii la Uniunea European\u0103, a anun\u021bat postul public de televiziune RUV<\/a>&nbsp;&nbsp;Stirile ProTV<\/li>\n<\/ol>\n","protected":false},"excerpt":{"rendered":"\u201eCategoric\u201d nu sau \u201epoate da\u201d: ce a \u00eenclinat balan\u021ba \u00een referendumul din Islanda pentru reluarea&#8230;&nbsp;&nbsp;Digi24 Euronews: Respingerea de&hellip;\n","protected":false},"author":2,"featured_media":280838,"comment_status":"","ping_status":"","sticky":false,"template":"","format":"standard","meta":{"footnotes":"","_share_on_mastodon":"0"},"categories":[5],"tags":[32,33,31,36,37,27,34,35,25,41,40,38,39,26,28,29,30],"class_list":["post-280837","post","type-post","status-publish","format-standard","has-post-thumbnail","category-titluri","tag-breaking-news","tag-breakingnews","tag-cele-mai-populare-subiecte","tag-featured-news","tag-featurednews","tag-headlines","tag-latest-news","tag-latestnews","tag-news","tag-ro","tag-romana","tag-romania","tag-romanian","tag-stiri","tag-titluri","tag-top-stories","tag-topstories"],"share_on_mastodon":{"url":"https:\/\/pubeurope.com\/@ro\/117184305973270930","error":""},"_links":{"self":[{"href":"https:\/\/www.europesays.com\/ro\/wp-json\/wp\/v2\/posts\/280837","targetHints":{"allow":["GET"]}}],"collection":[{"href":"https:\/\/www.europesays.com\/ro\/wp-json\/wp\/v2\/posts"}],"about":[{"href":"https:\/\/www.europesays.com\/ro\/wp-json\/wp\/v2\/types\/post"}],"author":[{"embeddable":true,"href":"https:\/\/www.europesays.com\/ro\/wp-json\/wp\/v2\/users\/2"}],"replies":[{"embeddable":true,"href":"https:\/\/www.europesays.com\/ro\/wp-json\/wp\/v2\/comments?post=280837"}],"version-history":[{"count":0,"href":"https:\/\/www.europesays.com\/ro\/wp-json\/wp\/v2\/posts\/280837\/revisions"}],"wp:featuredmedia":[{"embeddable":true,"href":"https:\/\/www.europesays.com\/ro\/wp-json\/wp\/v2\/media\/280838"}],"wp:attachment":[{"href":"https:\/\/www.europesays.com\/ro\/wp-json\/wp\/v2\/media?parent=280837"}],"wp:term":[{"taxonomy":"category","embeddable":true,"href":"https:\/\/www.europesays.com\/ro\/wp-json\/wp\/v2\/categories?post=280837"},{"taxonomy":"post_tag","embeddable":true,"href":"https:\/\/www.europesays.com\/ro\/wp-json\/wp\/v2\/tags?post=280837"}],"curies":[{"name":"wp","href":"https:\/\/api.w.org\/{rel}","templated":true}]}}