{"id":280847,"date":"2026-08-30T11:55:09","date_gmt":"2026-08-30T11:55:09","guid":{"rendered":"https:\/\/www.europesays.com\/ro\/280847\/"},"modified":"2026-08-30T11:55:09","modified_gmt":"2026-08-30T11:55:09","slug":"tragedia-din-himalaya-bilantul-mortilor-a-urcat-la-750-mii-de-oameni-sunt-dati-disparuti-inculsiv-sute-de-straini","status":"publish","type":"post","link":"https:\/\/www.europesays.com\/ro\/280847\/","title":{"rendered":"Tragedia din Himalaya: Bilan\u021bul mor\u021bilor a urcat la 750, mii de oameni sunt da\u021bi disp\u0103ru\u021bi, inculsiv sute de str\u0103ini"},"content":{"rendered":"<p class=\"wp-block-paragraph\">Echipele de salvare din Nepal \u0219i China s-au mobilizat duminic\u0103 pentru a g\u0103si miile de persoane disp\u0103rute dup\u0103 ce pr\u0103bu\u0219irea unui ghe\u021bar a declan\u0219at o alunecare de teren catastrofal\u0103 \u00een Himalaya, opera\u021biunile fiind complicate de condi\u021biile meteorologice dificile \u0219i pe fondul cre\u0219terii nivelului apei, transmite Reuters.<\/p>\n<p class=\"wp-block-paragraph\">Autorit\u0103\u021bile au declarat c\u0103 num\u0103rul mor\u021bilor a ajuns la 750 duminic\u0103 diminea\u021b\u0103, iar peste 3.000 de persoane sunt date disp\u0103rute de ambele p\u0103r\u021bi ale frontierei dintre Nepal \u0219i China, dup\u0103 ce miercuri un torent de ghea\u021b\u0103, roci, noroi \u0219i resturi a m\u0103turat v\u0103ile montane \u0219i r\u00e2urile, provoc\u00e2nd devast\u0103ri pe scar\u0103 larg\u0103.<\/p>\n<p class=\"wp-block-paragraph\">Crucea Ro\u0219ie a estimat c\u0103 peste 90.000 de persoane ar fi fost afectate de dezastru, pe care China l-a pus pe seama efectelor schimb\u0103rilor climatice.<\/p>\n<p class=\"wp-block-paragraph\">Ministrul chinez de Externe, Wang Yi, i-a spus omologului s\u0103u nepalez, \u00een cadrul unei convorbiri telefonice de s\u00e2mb\u0103t\u0103, c\u0103 alunecarea de teren a fost \u201ecel mai grav dezastru transfrontalier\u201d din ultimii ani \u0219i c\u0103 opera\u021biunile de salvare au atins un nivel f\u0103r\u0103 precedent de dificultate \u0219i complexitate, a relatat postul public de televiziune CCTV.<\/p>\n<p>Sute de str\u0103ini printre disp\u0103ru\u021bi<\/p>\n<p class=\"wp-block-paragraph\">Autoritatea nepalez\u0103 pentru situa\u021bii de urgen\u021b\u0103 a precizat  c\u0103 734 de persoane au murit, 2.498 sunt \u00een continuare disp\u0103rute \u0219i 7.514 au fost salvate. Din partea chinez\u0103, autorit\u0103\u021bile au declarat c\u0103 16 persoane au murit \u00een jude\u021bul Gyirong \u0219i c\u0103 546 sunt disp\u0103rute.<\/p>\n<p class=\"wp-block-paragraph\">Beijingul a declarat c\u0103 261 de cet\u0103\u021beni str\u0103ini din 23 de \u021b\u0103ri sunt da\u021bi disp\u0103ru\u021bi \u00een Tibet, \u00een apropierea unui punct de trecere a frontierei important cu Nepalul.<\/p>\n<p class=\"wp-block-paragraph\">Amploarea dezastrului a complicat eforturile de salvare pe terenul accidentat din Himalaya.<\/p>\n<p class=\"wp-block-paragraph\">Poli\u021bia local\u0103 din Nepal a declarat pentru Reuters c\u0103 locuitorii \u0219i echipele de salvare s-au refugiat pe terenuri mai \u00eenalte dup\u0103 ce nivelul apei r\u00e2ului Trishuli a crescut \u00een ultimele ore \u00een urma unor noi precipita\u021bii, ceea ce a st\u00e2rnit temeri privind noi inunda\u021bii.<\/p>\n<p class=\"wp-block-paragraph\">Opera\u021biunile de salvare au fost suspendate de mai multe ori \u00eencep\u00e2nd de vineri din cauza vremii nefavorabile \u0219i a temerilor c\u0103 un lac format la grani\u021ba dintre Nepal \u0219i China \u00een urma dezastrului ar putea declan\u0219a noi inunda\u021bii, dup\u0103 ce a \u00eenceput s\u0103 se revars\u0103 \u00een r\u00e2urile Lhende Khola \u0219i Trishuli din Nepal.<\/p>\n<p class=\"wp-block-paragraph\">\u00cen Nepal, eforturile de salvare s-au concentrat mai mult asupra sutelor de persoane despre care se crede c\u0103 sunt blocate \u00een tunelurile centralelor hidroelectrice avariate de inunda\u021bii.<\/p>\n","protected":false},"excerpt":{"rendered":"Echipele de salvare din Nepal \u0219i China s-au mobilizat duminic\u0103 pentru a g\u0103si miile de persoane disp\u0103rute dup\u0103&hellip;\n","protected":false},"author":2,"featured_media":280848,"comment_status":"","ping_status":"","sticky":false,"template":"","format":"standard","meta":{"footnotes":"","_share_on_mastodon":"0"},"categories":[5],"tags":[32,33,31,36,37,27,34,35,25,41,40,38,39,26,28,29,30],"class_list":["post-280847","post","type-post","status-publish","format-standard","has-post-thumbnail","category-titluri","tag-breaking-news","tag-breakingnews","tag-cele-mai-populare-subiecte","tag-featured-news","tag-featurednews","tag-headlines","tag-latest-news","tag-latestnews","tag-news","tag-ro","tag-romana","tag-romania","tag-romanian","tag-stiri","tag-titluri","tag-top-stories","tag-topstories"],"share_on_mastodon":{"url":"https:\/\/pubeurope.com\/@ro\/117184333540277951","error":""},"_links":{"self":[{"href":"https:\/\/www.europesays.com\/ro\/wp-json\/wp\/v2\/posts\/280847","targetHints":{"allow":["GET"]}}],"collection":[{"href":"https:\/\/www.europesays.com\/ro\/wp-json\/wp\/v2\/posts"}],"about":[{"href":"https:\/\/www.europesays.com\/ro\/wp-json\/wp\/v2\/types\/post"}],"author":[{"embeddable":true,"href":"https:\/\/www.europesays.com\/ro\/wp-json\/wp\/v2\/users\/2"}],"replies":[{"embeddable":true,"href":"https:\/\/www.europesays.com\/ro\/wp-json\/wp\/v2\/comments?post=280847"}],"version-history":[{"count":0,"href":"https:\/\/www.europesays.com\/ro\/wp-json\/wp\/v2\/posts\/280847\/revisions"}],"wp:featuredmedia":[{"embeddable":true,"href":"https:\/\/www.europesays.com\/ro\/wp-json\/wp\/v2\/media\/280848"}],"wp:attachment":[{"href":"https:\/\/www.europesays.com\/ro\/wp-json\/wp\/v2\/media?parent=280847"}],"wp:term":[{"taxonomy":"category","embeddable":true,"href":"https:\/\/www.europesays.com\/ro\/wp-json\/wp\/v2\/categories?post=280847"},{"taxonomy":"post_tag","embeddable":true,"href":"https:\/\/www.europesays.com\/ro\/wp-json\/wp\/v2\/tags?post=280847"}],"curies":[{"name":"wp","href":"https:\/\/api.w.org\/{rel}","templated":true}]}}