{"id":280857,"date":"2026-08-30T12:02:12","date_gmt":"2026-08-30T12:02:12","guid":{"rendered":"https:\/\/www.europesays.com\/ro\/280857\/"},"modified":"2026-08-30T12:02:12","modified_gmt":"2026-08-30T12:02:12","slug":"tanase-si-cretu-out-de-la-fcsb-gigi-becali-a-intrat-in-direct-si-a-spus-totul-daca-ii-dadea-ala-o-palma-il-facea-una-cu-pamantul-nu-te-agreeaza-mm-la-revedere","status":"publish","type":"post","link":"https:\/\/www.europesays.com\/ro\/280857\/","title":{"rendered":"T\u0103nase \u0219i Cre\u021bu, out de la FCSB! Gigi Becali a intrat \u00een direct \u0219i a spus totul: \u201eDac\u0103 \u00eei d\u0103dea \u0103la o palm\u0103, \u00eel f\u0103cea una cu p\u0103m\u00e2ntul!\u201d + \u201eNu te agreeaz\u0103 MM, la revedere!\u201d"},"content":{"rendered":"<p>\n            Articol de <a rel=\"author nofollow noopener\" href=\"https:\/\/www.gsp.ro\/autor\/alexandru-stanciu-3977.html\" target=\"_blank\">Alexandru Stanciu<\/a>            &#8211; Publicat duminica, 30 august 2026,  13:15            \/ Actualizat duminica, 30 august 2026 14:58                    <\/p>\n<p><a target=\"_blank\" class=\"editor-link\" href=\"https:\/\/www.gsp.ro\/fotbal\/liga-1\/haos-la-fcsb-jucatorii-revolta-mihai-stoica-vali-cretu-florin-tanase-974735.html\" rel=\"nofollow noopener\">\u00cen plin scandal la <\/a><a target=\"_blank\" class=\"editor-link autolink-enabled\" href=\"https:\/\/www.gsp.ro\/rezultate-live\/echipa-teamname-576\" data-resource-id=\"576\" data-resource-type=\"team\" data-sport=\"football\" rel=\"nofollow noopener\">FCSB<\/a>, patronul Gigi Becali (68 de ani) a intrat \u00een direct \u0219i a anun\u021bat plecarea lui <a target=\"_blank\" class=\"editor-link autolink-enabled\" href=\"https:\/\/www.gsp.ro\/rezultate-live\/jucatorul-playername-13612\" data-resource-id=\"13612\" data-resource-type=\"player\" data-sport=\"football\" rel=\"nofollow noopener\">Florin T\u0103nase<\/a> (31 de ani) de la echip\u0103. Interna\u021bionalul rom\u00e2n ar urma s\u0103 semneze cu un club din Cipru, potrivit finan\u021batorului. De asemenea, \u0219i <a target=\"_blank\" class=\"editor-link autolink-enabled\" href=\"https:\/\/www.gsp.ro\/rezultate-live\/jucatorul-playername-885\" data-resource-id=\"885\" data-resource-type=\"player\" data-sport=\"football\" rel=\"nofollow noopener\">Valentin Cre\u021bu<\/a> (37 de ani) va p\u0103r\u0103si forma\u021bia ro\u0219-albastr\u0103, dup\u0103 ce a intrat \u00eentr-un conflict la antrenamente cu Arnold Garita (31 de ani).<\/p>\n<p class=\"do-not-hide\">\u00cenaintea meciului cu UTA Arad, Marius Baciu i-a exclus din lot pe Florin T\u0103nase \u0219i Valentin Cre\u021bu, o decizie f\u0103r\u0103 precedent la FCSB. <\/p>\n<p class=\"do-not-hide\"><a target=\"_self\" class=\"editor-link\" href=\"https:\/\/www.gsp.ro\/fotbal\/liga-1\/haos-la-fcsb-jucatorii-revolta-mihai-stoica-vali-cretu-florin-tanase-974735.html\" rel=\"nofollow noopener\">GSP.ro a aflat <\/a>c\u0103 o parte a vestiarului s-a \u00eentors \u00eempotriva conducerii clubului, \u00een special a pre\u0219edintelui Consiliului de Administra\u021bie, Mihai Stoica, considerat principalul vinovat pentru situa\u021bia actual\u0103 a echipei.<\/p>\n<p>Gigi Becali a anun\u021bat \u00een direct plecarea lui Florin T\u0103nase de la FCSB: \u201eDu-te, tat\u0103!\u201d<\/p>\n<p>\u201eT\u0103nase pleac\u0103 \u00een Cipru. Am conven\u021bie cu el c\u0103 pleac\u0103 atunci c\u00e2nd vrea. Iar cu Cre\u021bu, pe motive de indisciplin\u0103. T\u0103nase a zis c\u0103 are o echip\u0103 din Cipru. Pentru c\u0103 a\u0219a e conven\u021bia, du-te, tat\u0103! Bine, \u0219i \u00een contract are el aceast\u0103 prevedere c\u0103 poate pleca oric\u00e2nd\u201d, a declarat Gigi Becali, potrivit <a target=\"_blank\" class=\"editor-link\" href=\"https:\/\/www.fanatik.ro\/gigi-becali-i-a-anuntat-in-direct-plecarea-lui-florin-tanase-de-la-fcsb-se-transfera-acolo-exclusiv-21533392\" rel=\"nofollow noopener\">fanatik.ro<\/a>.<\/p>\n<p><img decoding=\"async\" src=\"https:\/\/www.europesays.com\/ro\/wp-content\/uploads\/2026\/08\/80a257c8-9d63-4167-8628-5434422e9cea.jpg\" loading=\"lazy\" title=\"Florin T\u0103nase \/ foto: Cristi Preda (GSP.ro)\" alt=\"T\u0103nase \u0219i Cre\u021bu, out de la FCSB! Gigi Becali a intrat \u00een direct \u0219i a spus totul: \u201eDac\u0103 \u00eei d\u0103dea \u0103la o palm\u0103, \u00eel f\u0103cea una cu p\u0103m\u00e2ntul!\u201d + \u201eNu te agreeaz\u0103 MM, la revedere!\u201d\" width=\"738\" height=\"502\"\/><\/p>\n<p>Florin T\u0103nase \/ foto: Cristi Preda (GSP.ro)<\/p>\n<p>Gigi Becali a dezv\u0103luit conflictul lui Valentin Cre\u021bu cu Arnold Garita: \u201eDe \u00eei d\u0103dea o palm\u0103, \u00eel f\u0103cea una cu p\u0103m\u00e2ntul!\u201d<\/p>\n<p>\u00centrebat despre plecarea lui Valentin Cre\u021bu, Gigi Becali a dat de \u00een\u021beles c\u0103 indisciplina juc\u0103torului a dus la ruptura timpurie. Potrivit patronului, Cre\u021bu a s\u0103rit la har\u021b\u0103 cu Arnold Garita, noul atacant al echipei.<\/p>\n<p>\u201eP\u0103i, de ce crede\u021bi c\u0103 i-am f\u0103cut contractul doar pe o jum\u0103tate de an? Eu i-am zis: \u00abB\u0103, pentru c\u0103 tu vociferezi!\u00bb Iar el: \u00abNu, nea Gigi, c\u0103 sunt cuminte\u00bb. Apoi i-am zis: \u00abB\u0103, tu \u0219i la antrenamente faci numai cutare, \u00eenjuri, strigi, urli\u00bb.<\/p>\n<p>\u0218i s-a luat de str\u0103ini. P\u0103i, str\u0103inii \u0103ia\u2026 B\u0103, omul \u0103la vine s\u0103 m\u0103n\u00e2nce o p\u00e2ine \u00eentr-o \u021bar\u0103 str\u0103in\u0103. C\u0103 e din Africa, de unde e, m\u00e2n\u00e2nc\u0103 o p\u00e2ine.<\/p>\n<p>P\u0103i, vii, cu Cre\u021bule, marele fotbalist cu bla bla bla. \u0218i e\u0219ti tu vreun mare puternic. C\u0103 de \u00eei d\u0103dea Garita o palm\u0103 \u00eel f\u0103cea una cu p\u0103m\u00e2ntul. S-a dat la Garita el. \u00abC\u0103 ce, c\u0103 du-te, b\u0103 \u00een China\u00bb. S-a uitat \u0103la la el ca elefantul la purice!\u201d.<\/p>\n<p>Dup\u0103 m-a sunat el pe mine, c\u0103 \u00abnea Gigi\u00bb&#8230; B\u0103, gata, la revedere! La echipa mea nu exist\u0103 scandal! Prea multe s-au \u00eent\u00e2mplat. <\/p>\n<p>\u00abC\u0103 MM a\u0219a, c\u0103 MM a\u0219a\u00bb. Cine ascult\u0103 de MM st\u0103 la echip\u0103. N-ascult\u0103 de MM, nu st\u0103! MM e pus de \u00eemp\u0103rat acolo! El este st\u0103p\u00e2n, c\u0103 l-a pus \u00eemp\u0103ratul Becali! Cine nu ascult\u0103 de el, la revedere!<\/p>\n<p>M-a sunat, c\u0103 \u00abnea, Gigi, ce are MM cu mine?!\u00bb Bine, m\u0103, dac\u0103 are MM ceva cu tine, \u00eenseamn\u0103 c\u0103 n-ai de ce s\u0103 stai dac\u0103 nu te agreeaz\u0103 MM. La revedere \u0219i gata!\u201d, a declarat Becali pentru sursa citat\u0103 mai sus, confirm\u00e2nd <a target=\"_self\" class=\"editor-link\" href=\"https:\/\/www.gsp.ro\/fotbal\/liga-1\/haos-la-fcsb-jucatorii-revolta-mihai-stoica-vali-cretu-florin-tanase-974735.html\" rel=\"nofollow noopener\">conflictul dintre juc\u0103tori \u0219i manager detaliat ast\u0103zi de GSP.ro.<\/a><\/p>\n<p><img decoding=\"async\" src=\"https:\/\/www.europesays.com\/ro\/wp-content\/uploads\/2026\/08\/1788091332_68_b1a6cb54-c5e5-4a20-a7e7-b970a550eac2.jpeg\" loading=\"lazy\" title=\"Valentin Cre\u021bu, \u00eenainte de Sepsi - FCSB\" alt=\"T\u0103nase \u0219i Cre\u021bu, out de la FCSB! Gigi Becali a intrat \u00een direct \u0219i a spus totul: \u201eDac\u0103 \u00eei d\u0103dea \u0103la o palm\u0103, \u00eel f\u0103cea una cu p\u0103m\u00e2ntul!\u201d + \u201eNu te agreeaz\u0103 MM, la revedere!\u201d\" width=\"738\" height=\"502\"\/><\/p>\n<p>Valentin Cre\u021bu, \u00eenainte de Sepsi &#8211; FCSB<\/p>\n<p>Florin T\u0103nase se afl\u0103 la a doua aventur\u0103 la FCSB, unde a revenit \u00een 2024, dup\u0103 dou\u0103 sezoane petrecute \u00een Golf, c\u00e2te unul la Al-Jazira \u0219i la Al Okhdood. Anterior, interna\u021bionalul rom\u00e2n mai evoluase \u00een \u201ero\u0219-albastru\u201d \u00een perioada 2016 &#8211; 2022. <\/p>\n<p>\u00cen total, T\u0103nase a bifat 329 de meciuri pentru FCSB \u00een toate competi\u021biile, timp \u00een care a marcat 106 goluri \u0219i a oferit 56 de pase decisive. Mijloca\u0219ul rom\u00e2n are \u00een palmares 3 trofee al\u0103turi de FCSB: un titlu \u00een Superliga, o Cup\u0103 \u0219i o Supercup\u0103 a Rom\u00e2niei.<\/p>\n<p>De cealalt\u0103 parte, Valentin Cre\u021bu se afl\u0103 la FCSB din 2019 \u0219i a bifat 252 de meciuri \u00een toate competi\u021biile, timp \u00een care a marcat un gol \u0219i a oferit 22 de pase decisive.<\/p>\n","protected":false},"excerpt":{"rendered":"Articol de Alexandru Stanciu &#8211; Publicat duminica, 30 august 2026, 13:15 \/ Actualizat duminica, 30 august 2026 14:58&hellip;\n","protected":false},"author":2,"featured_media":280858,"comment_status":"","ping_status":"","sticky":false,"template":"","format":"standard","meta":{"footnotes":"","_share_on_mastodon":"0"},"categories":[5],"tags":[32,33,31,269,36,37,4340,196,27,34,35,25,41,40,38,39,26,28,29,30,5130],"class_list":["post-280857","post","type-post","status-publish","format-standard","has-post-thumbnail","category-titluri","tag-breaking-news","tag-breakingnews","tag-cele-mai-populare-subiecte","tag-fcsb","tag-featured-news","tag-featurednews","tag-florin-tanase","tag-gigi-becali","tag-headlines","tag-latest-news","tag-latestnews","tag-news","tag-ro","tag-romana","tag-romania","tag-romanian","tag-stiri","tag-titluri","tag-top-stories","tag-topstories","tag-valentin-cretu"],"share_on_mastodon":{"url":"https:\/\/pubeurope.com\/@ro\/117184361562741426","error":""},"_links":{"self":[{"href":"https:\/\/www.europesays.com\/ro\/wp-json\/wp\/v2\/posts\/280857","targetHints":{"allow":["GET"]}}],"collection":[{"href":"https:\/\/www.europesays.com\/ro\/wp-json\/wp\/v2\/posts"}],"about":[{"href":"https:\/\/www.europesays.com\/ro\/wp-json\/wp\/v2\/types\/post"}],"author":[{"embeddable":true,"href":"https:\/\/www.europesays.com\/ro\/wp-json\/wp\/v2\/users\/2"}],"replies":[{"embeddable":true,"href":"https:\/\/www.europesays.com\/ro\/wp-json\/wp\/v2\/comments?post=280857"}],"version-history":[{"count":0,"href":"https:\/\/www.europesays.com\/ro\/wp-json\/wp\/v2\/posts\/280857\/revisions"}],"wp:featuredmedia":[{"embeddable":true,"href":"https:\/\/www.europesays.com\/ro\/wp-json\/wp\/v2\/media\/280858"}],"wp:attachment":[{"href":"https:\/\/www.europesays.com\/ro\/wp-json\/wp\/v2\/media?parent=280857"}],"wp:term":[{"taxonomy":"category","embeddable":true,"href":"https:\/\/www.europesays.com\/ro\/wp-json\/wp\/v2\/categories?post=280857"},{"taxonomy":"post_tag","embeddable":true,"href":"https:\/\/www.europesays.com\/ro\/wp-json\/wp\/v2\/tags?post=280857"}],"curies":[{"name":"wp","href":"https:\/\/api.w.org\/{rel}","templated":true}]}}