{"id":280873,"date":"2026-08-30T12:16:16","date_gmt":"2026-08-30T12:16:16","guid":{"rendered":"https:\/\/www.europesays.com\/ro\/280873\/"},"modified":"2026-08-30T12:16:16","modified_gmt":"2026-08-30T12:16:16","slug":"dictatul-de-la-viena-prin-ochii-ministrului-de-externe-al-romaniei-in-clipa-aceea-mi-am-pierdut-cunostinta-newsweek-romania","status":"publish","type":"post","link":"https:\/\/www.europesays.com\/ro\/280873\/","title":{"rendered":"Dictatul de la Viena prin ochii ministrului de Externe al Rom\u00e2niei: \u201e\u00cen clipa aceea, mi-am pierdut cuno\u015ftin\u0163a\u201d \u2022 Newsweek Rom\u00e2nia"},"content":{"rendered":"<p>\n                    Dictatul de la Viena de la 30 august 1940 a reprezentat \u201ebomboana de pe coliva\u201d Rom\u00e2niei Mari, la nici 22 de ani de la \u00eenf\u0103ptuirea acesteia. \u00cen acea zi, ministrul de externe Mihail Manoilescu a fost pus \u00een fa\u021ba unui fapt \u00eemplinit: Ungaria prelua o bun\u0103 parte a Transilvaniei.\n                <\/p>\n<p>Dictatul de la Viena a reprezentat lovitura cea mai dur\u0103 din unul dintre cei mai negri ani din istoria Rom\u00e2niei.<\/p>\n<p>\u00cen contextul celui de-Al Doilea R\u0103zboi Mondial, \u021bara noastr\u0103 pierduse deja Basarabia \u0219i Bucovina de Nord, \u00een urma ultimatumului sovietic de la finalul lui iunie 1940.<\/p>\n<p>Dar, \u00een august, Rom\u00e2nia s-a confruntat cu preten\u021biile unei Ungarii fasciste, condus\u0103 de amiralul Horthy, la o bun\u0103 parte din teritoriul Transilvaniei.<\/p>\n<p>\u00cen acea zi, ministrul de Externe, Mihail Manoilescu, a le\u0219inat \u00een clipa \u00een care a v\u0103zut harta cu raptul teritorial aprobat de Germania hitlerist\u0103 \u0219i Italia lui Mussolini.<\/p>\n<p>Dictatul de la Viena, impus Rom\u00eeniei de Germania nazist\u0103 \u0219i de Italia lui Mussolini<\/p>\n<p>La 30 august 1940, Rom\u00e2nia a fost silit\u0103 s\u0103 cedeze aproape jum\u0103tate din teritoriul Transilvaniei &#8211; (43.492 km\u00b2) &#8211; \u00een favoarea Ungariei horthyste.<\/p>\n<p>Zona cedat\u0103 ca urmare a actului a r\u0103mas cunoscut\u0103 \u00een istorie ca Transilvania de Nord.<\/p>\n<p>Ungaria \u00ee\u0219i f\u0103cuse cunoscute preten\u021biilr teritoriale asupra vecinilor, chiar \u00eenainte de declan\u0219area celui de-Al Doilea R\u0103zboi Mondial.\u00a0<\/p>\n<p>Cite\u0219te \u0219i: <a href=\"https:\/\/newsweek.ro\/istorie\/romania-vanduta-rusiei-inainte-de-ialta-in-1944-actul-de-la-moscova-semnat-la-o-sticla-de-whisky\" target=\"_blank\" rel=\"noopener nofollow\">Rom\u00e2nia, v\u00e2ndut\u0103 Rusiei \u00eenainte de Ialta, \u00een 1944. Actul de la Moscova semnat la o sticl\u0103 de whisky<\/a><\/p>\n<p>Astfel, \u00een urma Primului Dictat de la Viena (2 noiembrie 1938), Ungaria ob\u021binuse o por\u021biune din Slovacia &#8211; \u021binut supranumit \u201eFelvid\u00e9k\u201d (\u201eProvincia de Sus\u201d), \u00een timpul Imperiului Austro-Ungar.<\/p>\n<p>De asemenea, la mijlocul lunii martie 1939, ocupase Ucraina Subcarpatic\u0103 (Rutenia) autonom\u0103, adic\u0103 regiunea Transcarpatia de ast\u0103zi din Ucraina.\u00a0<\/p>\n<p>Dar marele \u201eof\u201d al politicii expansioniste maghiare era Transilvania, unit\u0103 cu Rom\u00e2nia la 1 decembrie 1918, act recunoscut \u00een plan interna\u021bional prin Tratatul de la Trianon din 4 iunie 1920 ce a urmat Primului R\u0103zboi Mondial.<\/p>\n<p>\u00cen acest sens, \u00eenc\u0103 din ianuarie 1940, la Vene\u0163ia au avut loc convorbiri \u00eentre mini\u015ftrii de Externe ai Italiei \u015fi Ungariei, con\u0163ii Galeazzo Ciano \u015fi Istv\u00e1n Cs\u00e2ky.<\/p>\n<p>Acesta din urm\u0103 a ar\u0103tat c\u0103 \u0163ara sa avea un program maximal \u015fi unul minimal \u00een privin\u0163a revendic\u0103rii Transilvaniei.<\/p>\n<p><img decoding=\"async\" class=\"w-full h-full object-cover\" src=\"https:\/\/www.europesays.com\/ro\/wp-content\/uploads\/2026\/08\/aHR0cHM6Ly9uZXdzd2Vlay5yby9zdG9yYWdlL211bHRpbWVkaWEvMjAyNi8wOC83T3pHamRZM3Z2eDhLZFNOdUpRUjlHb2tmMTYx.webp\" alt=\"Harta Rom\u00e2niei \u00een 1940\"\/>&#13;<br \/>\nColorate cu negru sunt teritoriile pierdute de Rom\u00e2nia Mare pe parcursul anului 1940 &#8211; Foto: arhiva&#13;<\/p>\n<p>Afl\u00e2ndu-se \u00een sfera lor de influen\u0163\u0103 \u015fi pentru a-i men\u0163ine \u00een orbita Axei, Adolf Hitler a decis s\u0103 fac\u0103 pe plac Ungariei \u015fi s\u0103-i dea ce-\u015fi dore\u015fte, adic\u0103 o bun\u0103 parte din Transilvania.<\/p>\n<p>Preten\u0163iile Ungariei erau deosebit de mari, dar, culmea, Hitler a limitat aceste preten\u0163ii, dar nu din dragoste pentru poporul rom\u00e2n, ci din ra\u021biuni strategice.<\/p>\n<p>Cite\u0219te \u0219i: <a href=\"https:\/\/newsweek.ro\/timp-liber\/recunoasteti-personajul-drama-teribila-a-actorului-care-l-a-jucat-pe-carol-al-ii-lea-cum-a-murit\" target=\"_blank\" rel=\"noopener nofollow\">Recunoa\u0219te\u021bi personajul? Drama teribil\u0103 a actorului care l-a jucat pe Carol al II-lea. Cum a murit?<\/a><\/p>\n<p>Una ar fi grija pentru petrolul rom\u00e2nesc, esen\u0163ial pentru ma\u015fina de r\u0103zboi german\u0103 \u00een est, alta avea leg\u0103tur\u0103 cu noile realit\u0103\u0163i politice. URSS trecuse de partea Angliei \u00eempotriva nem\u0163ilor, iar Rom\u00e2nia putea servi \u015fi ca aliat, dar \u015fi ca baz\u0103 german\u0103.<\/p>\n<p>\u201eRu\u015fii sunt foarte aproape de c\u00e2mpurile noastre de petrol (n.r. &#8211; de cele din Rom\u00e2nia), doar la 30-50 de minute. Se poate s\u0103 trebuiasc\u0103 s\u0103 stabilim un cuib pentru vulturii no\u015ftri\u201d, spunea Hitler \u00een aceea perioad\u0103.<\/p>\n<p>Tocmai de aceea, el nu dorea s\u0103 dezmembreze prea mult Rom\u00e2nia. Trebuia \u00eens\u0103 s\u0103-i mul\u0163umeasc\u0103 \u015fi pe unguri. Ini\u0163ial a cerut ca rom\u00e2nii \u015fi ungurii s\u0103 se \u00eent\u00e2lneasc\u0103 \u015fi s\u0103 cad\u0103 de acord<\/p>\n<p>\u00cen cadrul tratativelor rom\u00e2no-ungare de la Turnu Severin (16-24 august), Ungaria a revendicat mai mult de jum\u0103tate din teritoriul Transilvaniei.<\/p>\n<p>Mai precis, a pretins 69.000 km2, cu 3,9 milioane locuitori (dintre care 2,2 milioane rom\u00e2ni).<\/p>\n<p>Ungaria pretindea o bucat\u0103 mult mai mare din Transilvania<\/p>\n<p>\u201eTeritoriul revendicat cuprindea spa\u0163iul transilvan de la nord de Mure\u015f, trec\u00e2nd Ungariei Aradul, Alba Iulia \u015fi Bra\u015fovul, dar l\u0103s\u00e2nd Rom\u00e2niei Blajul, Media\u015ful \u015fi Sighi\u015foara\u201d, preciza regretatul istoric Florin Constantiniu \u00een lucrarea \u201eO istorie sincer\u0103 a poporului rom\u00e2n\u201d.<\/p>\n<p>Tratativele au e\u015fuat \u00eens\u0103, iar ungurii erau deci\u015fi s\u0103 invadeze Rom\u00e2nia.<\/p>\n<p>V\u0103z\u00e2nd c\u0103 cele dou\u0103 p\u0103r\u0163i nu ajung la o concluzie, Hitler a decis s\u0103 fac\u0103 el ordine \u00een partea aceasta de Europ\u0103, dat fiind c\u0103 avea nevoie de ambele \u021b\u0103ri ca aliate pentru viitoarea ofensiv\u0103 din est contra URSS.<\/p>\n<p>\u00cen acest context tensionat, Germania \u0219i Italia au redactat actul care consfiin\u021bea cedarea de c\u0103tre Rom\u00e2nia a unei p\u0103r\u021bi a Transilvaniei c\u0103tre Ungaria.<\/p>\n<p>Pe 29 august 1940, o delega\u021bie din care f\u0103ceau parte ministrul de externe al Rom\u00e2niei, Mihail Manoilescu \u0219i ardealeanul Valer Pop, fost ministru al Justi\u021biei \u00een diferite guverne anterioare, s-a deplasat la Viena pentru a lua la cuno\u0219tin\u021b\u0103 hot\u0103r\u00e2rea lui Hitler \u0219i Mussolini \u0219i a semna documentul respectiv.<\/p>\n<p>Mini\u015ftrii de externe german Joachim von Ribbentrop \u015fi italian, Galeazzo Ciano, au cerut la Viena, \u00een mod ultimativ, guvernului rom\u00e2n s\u0103 comunice p\u00e2n\u0103 la ora 24.00, \u00een noaptea de 29\/30 august, dac\u0103 accept\u0103 sau nu \u201earbitrajul\u201d.<\/p>\n<p>Regele Carol al II-lea a convocat de urgen\u021b\u0103 Consiliul de Coroan\u0103, care s-a \u00eentrunit la orele 3 noaptae, la care au participat membri ai guvernului condus de prim-ministrul Ion Gigurtu \u0219i al\u021be personalit\u0103\u021bi ale vie\u021bii politice \u0219i culturale rom\u00e2ne\u0219ti.<\/p>\n<p>De\u0219i discu\u021biile au fost aprinse \u0219i contradictorii, la fel ca \u00een cazul accept\u0103rii ultimatumului dat de URSS, \u00een iunie, 21 de participan\u0163i s-au pronun\u0163at pentru acceptarea \u201earbitrajului\u201d, 10 au fost contra, iar unul s-a ab\u0163inut.<\/p>\n<p><img decoding=\"async\" class=\"w-full h-full object-cover\" src=\"https:\/\/www.europesays.com\/ro\/wp-content\/uploads\/2026\/08\/aHR0cHM6Ly9uZXdzd2Vlay5yby9zdG9yYWdlL211bHRpbWVkaWEvMjAyNi8wOC9udncwSmd1dlR4R040NzdycXNMamxOaUIxTHNC.webp\" alt=\"Mihail Manoilescu\"\/>&#13;<br \/>\nMihai Manoilescu, ministrul de Externe al Rom\u00e2niei \u00een august 1940 &#8211; Foto: arhiva&#13;<\/p>\n<p>Astfel, Rom\u00e2niei i-au fost luate nordul Transilvaniei, \u00eencep\u00e2nd de la Oradea, partea de sud-vest, \u015fi Maramure\u015f, partea de nord, \u00eenglob\u00e2nd Clujul \u015fi jude\u0163ele de-a lungul versan\u0163ilor vestici ai Carpa\u0163ilor, p\u00e2n\u0103 \u00een apropiere de Bra\u015fov.<\/p>\n<p>\u00cen total, 43.492 km p\u0103tra\u0163i din teritoriul na\u0163ional \u015fi 2.667.000 de locuitori, din care 50,2% rom\u00e2ni, 37% unguri, 5,7% evrei \u015fi 2,8% secui.<\/p>\n<p>\u00cen mod cinic, Germania \u015fi Italia au garantat inviolabilitatea noilor frontiere ciuntite ale Rom\u00e2niei.<\/p>\n<p>Cite\u0219te \u0219i: <a href=\"https:\/\/newsweek.ro\/istorie\/de-cate-ori-a-invadat-rusia-teritoriul-romaniei-ecaterina-cea-mare-prima-care-a-intrat-in-moldova\" target=\"_blank\" rel=\"noopener nofollow\">De c\u00e2te ori a invadat Rusia teritoriul Rom\u00e2niei? Ecaterina cea Mare, prima care a intrat \u00een Moldova<\/a><\/p>\n<p>C\u00e2nd i-a fost prezentat\u0103 harta cu noile grani\u021be ale Rom\u00e2niei, ministrul de Externe rom\u00e2n a le\u0219inat.<\/p>\n<p>Episodul a fost relatat chiar de Mihail Manoilescu, \u00een cartea sa, \u201eDictatul de la Viena. Memorii iulie-august 1940\u201d, ap\u0103rut\u0103 laEditura Enciclopedic\u0103, \u00een 1991, potrivit <a href=\"https:\/\/ebooks.unibuc.ro\/istorie\/istorie1918-1940\/13-11.htm?fbclid=IwY2xjawE9AMVleHRuA2FlbQIxMAABHSX-AAHK7N1PPgWGu7uwdZujQfd937ElXkWa7MvwzL-dpD88a-kor9fDfw_aem_cKyXto93eoxjvUJTwK68mA\" target=\"_blank\" rel=\"noopener nofollow\">ebooks.unibuc.ro.<\/a><\/p>\n<p>Rom\u00e2nia a pierdut o treime din teritoriu \u0219i popula\u021bie, \u00een 1940<\/p>\n<p>\u201eAm observat \u00eent\u00e2i c\u0103 este o harta rom\u00e2neasc\u0103. Am desf\u0103cut-o cu nordul \u00een jos, ceea ce m-a f\u0103cut s\u0103 nu \u00een\u0163eleg nimic. Mi-a \u00eentors-o Schmidt. Ochii mei c\u0103utau t\u0103ietura de la grani\u0163a de vest pe care cu to\u0163ii o a\u015fteptam.<\/p>\n<p>Mi-am dat seama \u00eens\u0103 c\u0103 este altceva. Am urm\u0103rit cu ochii grani\u0163a care pornea de la Oradea c\u0103tre r\u0103s\u0103rit, alunec\u00e2nd sub linia ferat\u0103 \u015fi am \u00een\u0163eles c\u0103 cuprindea \u015fi Clujul &#8230;<\/p>\n<p>Am \u00eenceput s\u0103 nu mai v\u0103d. C\u00e2nd mi-am dat seama c\u0103 grani\u0163a coboar\u0103 \u00een jos ca s\u0103 cuprind\u0103 secuimea am mai avut, \u00een disperarea mea, un singur g\u00e2nd: Bra\u015fovul! O mic\u0103 u\u015furare: Bra\u015fovul r\u0103m\u00e2ne la noi.<\/p>\n<p>C\u00e2nd am privit \u00een toat\u0103 groz\u0103via \u00eemp\u0103r\u0163irea Transilvaniei, am \u00een\u0163eles c\u0103 puterile care \u00eemi erau mult sl\u0103bite m\u0103 p\u0103r\u0103sesc cu totul. Tabloul dinaintea ochilor s-a f\u0103cut neclar, ca un nor galben cenu\u015fiu, din cenu\u015fiu, negru &#8230;<\/p>\n<p>\u00cen clipa aceea, mi-am pierdut cuno\u015ftin\u0163a. Nu mai tr\u0103isem o asemenea senza\u0163ie fizic\u0103 dec\u00e2t cu 22 de ani \u00een urm\u0103, c\u00e2nd o injec\u0163ie cu novocain\u0103 la o opera\u0163ie m\u0103 f\u0103cuse s\u0103 trec pentru o clip\u0103 pe lumea cealalt\u0103, de unde mi-am revenit cu ajutoare medicale date in extremis.<\/p>\n<p>Acum aveam pentru a doua oar\u0103 impresia net\u0103 c\u0103 am trecut dincolo. Cineva a cerut pentru mine un pahar cu ap\u0103. Dornberg (n.r. &#8211; \u0219eful Protocolului Ministerului de Externe german \u00eentre 1938-1945) a deschis u\u015fa alerg\u00e2nd prin mul\u0163imea care umplea s\u0103lile strig\u00e2nd: \u201eun pahar cu ap\u0103, un pahar cu ap\u0103&#8230;\u201d.<\/p>\n<p>Peste un minut mi l-au adus. Valer Pop mi l-a dat \u00een sil\u0103 s\u0103-l beau. Am \u00eenceput s\u0103 v\u0103d din nou \u015fi am avut puterea s\u0103 duc mai departe calvarul.<\/p>\n<p>Mi s-au prezentat actele spre semnare. Am scos tocul meu cu cerneal\u0103 verde, cu care scrisesem at\u00e2tea lucruri frumoase \u015fi at\u00e2tea g\u00e2nduri bune pentru \u0163ara mea. Am isc\u0103lit tot f\u0103r\u0103 s\u0103 mai citesc. Valer Pop citea pentru mine.<\/p>\n<p>De altfel, nu mai era nimic de verificat: actele erau cunoscute, harta tot a\u015fa\u201d, scria chiar Mihail Manoilescu.<\/p>\n<p>La 30 august 1940, la Palatul Belvedere din Viena, Mihail Manoilescu a semnat actul respectiv, \u00een timp ce Valer Pop a refuzat s\u0103-\u0219i pun\u0103 semn\u0103tura pe el.<\/p>\n<p>Consiliul de Coroan\u0103 a fost convocat din nou la Bucure\u015fti, iar \u00een fa\u0163a amenin\u0163\u0103rii Germaniei \u015fi a trupelor ruse\u015fti de-a lungul Prutului, a distrugerii complete a Rom\u00e2niei, \u015fi consider\u00e2nd c\u0103 avea de ales \u201e\u00eentre salvarea fiin\u0163ei politice a statului nostru \u015fi posibilitatea dispari\u0163iei lui\u201d, a hot\u0103r\u00e2t, cu 19 voturi pentru, 10 contra \u015fi o ab\u0163inere, acceptarea deciziei de la Viena.<\/p>\n<p>Astfel, dup\u0103 nici 22 de ani, Rom\u00e2nia Mare disp\u0103rea \u00eenghi\u021bit\u0103 de jocurile cinice ale politicii.<\/p>\n<p>Spre deosebire de Basarabia \u0219i de nordul Bucovinei, partea din Transilvania \u201er\u0103pit\u0103\u201d \u00een 1940 s-a \u00eentors la Rom\u00e2nia dup\u0103 Al Doilea R\u0103zboi Mondial. E drept, aceast\u0103 revenire avea s\u0103 aibe un pre\u021b uria\u0219 pe alte planuri.<\/p>\n<p>Pierderile suferite de Rom\u00e2nia \u00een 1940, ca urmare a ced\u0103rii Basarabiei, Bucovinei de Nord, Transilvaniei de Nord \u015fi Dobrogei de Sud au fost imense, \u00eensum\u00e2nd peste o treime din suprafa\u021ba \u021b\u0103rii \u0219i din num\u0103rul de locuitori.<\/p>\n<p>De asemenea, \u021bara noastr\u0103 a pierdut 38,5% din resursele de aur, 87,6% din cele de argint, 64,7% din produc\u0163ia de cupru, 97,6% din cea de plumb, rezervele de zinc, conform <a href=\"https:\/\/www.art-emis.ro\/istorie\/dictatul-de-la-viena-confesiuni-1\" target=\"_blank\" rel=\"noopener nofollow\">art-emis.ro<\/a>.<\/p>\n<p>\u00cen acela\u0219i timp, suprafa\u021ba agricol\u0103 s-a redus de la 13.874.000 ha, c\u00e2t era \u00een 1938, la 8.809.000 ha, \u00een septembrie 1940, iar aproape 7 milioane de rom\u00e2ni au r\u0103mas sub st\u0103p\u00e2nire str\u0103in\u0103.\u00a0<\/p>\n<p>La doar o s\u0103pt\u0103m\u00e2na de la tragicul rapt teritorial, la 6 septembrie 1940, Carol al II-lea, sub presiunea popula\u021biei, a armatei \u0219i a altor politicieni, a abandonat tronul \u00een favoarea fiului s\u0103u, Mihai I, &#8211; pe care-l detronase \u00een iunie 1930 &#8211; conducerea statului rom\u00e2n fiindu-i \u00eencredin\u021bat\u0103, \u00eens\u0103, generalului Ion Antonescu, numit prim-ministru cu dou\u0103 zile mai devreme.<\/p>\n<p>Cite\u0219te \u0219i:<a href=\"https:\/\/newsweek.ro\/istorie\/casa-mica-locul-unde-regele-mihai-l-a-arestat-pe-ion-antonescu-la-23-august-1944-ce-s-a-intamplat-cu-ea\" target=\"_blank\" rel=\"noopener nofollow\"> \u201eCasa Mic\u0103\u201d, locul unde Regele Mihai l-a arestat pe Ion Antonescu, la 23 august 1944. Ce s-a \u00eent\u00e2mplat cu ea?<\/a><\/p>\n<p>Ultimul glon\u021b \u00een trupul fostei Rom\u00e2nii Mari a fost tras la 7 septembrie 1940, prin semnarea, la Craiova, a tratatului care prevedea cedarea Cadrilaterului (jude\u0163ele Durostor \u015fi Caliacra) c\u0103tre Bulgaria.<\/p>\n<p>Ulterior, dup\u0103 r\u0103sturnarea guvernului Antonescu la 23 august 1944 \u0219i \u00eentoarcerea armelor contra Germaniei naziste, armat\u0103 roman\u0103 a participat \u00een toamna anului 1944 la luptele pentru eliberarea Transilvaniei de Nord.<\/p>\n<p>Uniunea Sovietic\u0103 a acceptat c\u0103 Transilvania de Nord s\u0103 fie redat\u0103 Rom\u00e2niei, cu condi\u021bia instaur\u0103rii la Bucure\u0219ti a unui guvern procomunist.<\/p>\n<p>Administra\u021bia civil\u0103 rom\u00e2neasc\u0103 a revenit \u00een Transilvania abia \u00een martie 1945, dup\u0103 formarea guvernului condus de dr. Petru Groza,\u00a0<\/p>\n<p>\u00cen decursul Conferin\u021bei de Pace de la Paris, guvernul Ungariei a urm\u0103rit s\u0103 p\u0103streze o parte a teritoriului primit prin Dictatul de la Viena.<\/p>\n<p>Demersul a r\u0103mas f\u0103r\u0103 rezultat, \u00eenc\u00e2t articolul 1, punctul 2, al tratatului de pace cu Ungaria \u0219i articolul 2 al tratatului de pace cu Rom\u00e2nia prev\u0103d nulitatea acordului \u00eencheiat prin \u201earbitrajul\u201d de la Viena, din 30 august 1940, \u0219i restabilirea frontierei existen\u021be la 1 ianuarie 1938 \u00eentre Rom\u00e2nia \u0219i Ungaria.<\/p>\n","protected":false},"excerpt":{"rendered":"Dictatul de la Viena de la 30 august 1940 a reprezentat \u201ebomboana de pe coliva\u201d Rom\u00e2niei Mari, la&hellip;\n","protected":false},"author":2,"featured_media":280874,"comment_status":"","ping_status":"","sticky":false,"template":"","format":"standard","meta":{"footnotes":"","_share_on_mastodon":"0"},"categories":[5],"tags":[77424,36779,32,33,31,76897,23863,23469,36,37,27,34,35,77423,77422,25,41,40,38,3142,39,26,28,29,30],"class_list":["post-280873","post","type-post","status-publish","format-standard","has-post-thumbnail","category-titluri","tag-30-august-1940","tag-adevarul-h","tag-breaking-news","tag-breakingnews","tag-cele-mai-populare-subiecte","tag-dictatul-de-la-viena","tag-digi24h","tag-eveniment","tag-featured-news","tag-featurednews","tag-headlines","tag-latest-news","tag-latestnews","tag-mihail-manoilescu","tag-ministrul-de-externe-romania","tag-news","tag-ro","tag-romana","tag-romania","tag-romania-ungaria","tag-romanian","tag-stiri","tag-titluri","tag-top-stories","tag-topstories"],"share_on_mastodon":{"url":"https:\/\/pubeurope.com\/@ro\/117184416543172107","error":""},"_links":{"self":[{"href":"https:\/\/www.europesays.com\/ro\/wp-json\/wp\/v2\/posts\/280873","targetHints":{"allow":["GET"]}}],"collection":[{"href":"https:\/\/www.europesays.com\/ro\/wp-json\/wp\/v2\/posts"}],"about":[{"href":"https:\/\/www.europesays.com\/ro\/wp-json\/wp\/v2\/types\/post"}],"author":[{"embeddable":true,"href":"https:\/\/www.europesays.com\/ro\/wp-json\/wp\/v2\/users\/2"}],"replies":[{"embeddable":true,"href":"https:\/\/www.europesays.com\/ro\/wp-json\/wp\/v2\/comments?post=280873"}],"version-history":[{"count":0,"href":"https:\/\/www.europesays.com\/ro\/wp-json\/wp\/v2\/posts\/280873\/revisions"}],"wp:featuredmedia":[{"embeddable":true,"href":"https:\/\/www.europesays.com\/ro\/wp-json\/wp\/v2\/media\/280874"}],"wp:attachment":[{"href":"https:\/\/www.europesays.com\/ro\/wp-json\/wp\/v2\/media?parent=280873"}],"wp:term":[{"taxonomy":"category","embeddable":true,"href":"https:\/\/www.europesays.com\/ro\/wp-json\/wp\/v2\/categories?post=280873"},{"taxonomy":"post_tag","embeddable":true,"href":"https:\/\/www.europesays.com\/ro\/wp-json\/wp\/v2\/tags?post=280873"}],"curies":[{"name":"wp","href":"https:\/\/api.w.org\/{rel}","templated":true}]}}