{"id":280891,"date":"2026-08-30T12:35:20","date_gmt":"2026-08-30T12:35:20","guid":{"rendered":"https:\/\/www.europesays.com\/ro\/280891\/"},"modified":"2026-08-30T12:35:20","modified_gmt":"2026-08-30T12:35:20","slug":"un-fost-consilier-al-casei-albe-care-opera-teleprompterul-folosit-de-trump-a-fost-amendat-cu-peste-172-000-de-dolari-pentru-pariuri-efectuate-pe-baza-informatiilor-din-discursurile-prezidentiale","status":"publish","type":"post","link":"https:\/\/www.europesays.com\/ro\/280891\/","title":{"rendered":"Un fost consilier al Casei Albe care opera teleprompterul folosit de Trump a fost amendat cu peste 172.000 de dolari pentru pariuri efectuate pe baza informa\u0163iilor din discursurile preziden\u0163iale"},"content":{"rendered":"<p class=\"first-paragraph\">\n    Comisia pentru tranzac\u0163ionarea contractelor futures pe m\u0103rfuri din SUA (CFTC) a dispus vineri ca un fost operator de teleprompter de la Casa Alb\u0103, Gabriel Perez, s\u0103 pl\u0103teasc\u0103 172.539 de dolari pentru c\u0103 a folosit accesul \u00een avans la discursurile pre\u015fedintelui Donald Trump pentru a efectua tranzac\u0163ii ilegale pe o platform\u0103 de pia\u0163\u0103 pentru predic\u0163ii, relateaz\u0103 Reuters.\n<\/p>\n<p> Perez trebuie s\u0103 restituie 107.539,02 dolari din profituri \u015fi s\u0103 pl\u0103teasc\u0103 o amend\u0103 civil\u0103 de 65.000 de dolari, \u00een conformitate cu un acord cu CFTC. De asemenea, el a acceptat o interdic\u0163ie de tranzac\u0163ionare pe o perioad\u0103 de trei ani \u015fi s-a angajat s\u0103 \u00eenceteze \u015fi s\u0103 se ab\u0163in\u0103 de la viitoare \u00eenc\u0103lc\u0103ri ale Legii privind bursele de m\u0103rfuri \u015fi ale reglement\u0103rilor CFTC.<\/p>\n<p> CFTC a declarat c\u0103 Perez a tranzac\u0163ionat contracte pe \u201epia\u0163a men\u0163iunilor\u201d preziden\u0163iale pe platforma Kalshi \u00eentre decembrie 2025 \u015fi februarie 2026, \u00een timp ce lucra la Casa Alb\u0103. Aceste contracte sunt contracte de eveniment, a c\u0103ror plat\u0103 depinde de faptul dac\u0103 un pre\u015fedinte folose\u015fte anumite cuvinte sau expresii \u00een discursurile sale.<\/p>\n<p> Perez nu a putut fi contactat imediat pentru a oferi un comentariu. El a fost suspendat f\u0103r\u0103 plat\u0103 \u015fi nu mai lucreaz\u0103 pentru guvernul federal.<\/p>\n<p> Perez a avut acces la discursurile lui Trump \u00eenainte ca acestea s\u0103 fie rostite \u015fi a folosit acele informa\u0163ii, care nu erau publice, pentru a tranzac\u0163iona contracte \u00een beneficiul s\u0103u personal, a declarat CFTC.<\/p>\n<p> Agen\u0163ia a precizat c\u0103 amenda de 65.000 de dolari aplicat\u0103 lui Perez a reprezentat o reducere substan\u0163ial\u0103 datorit\u0103 \u201ecooper\u0103rii sale exemplare\u201d \u00een cadrul anchetei.<\/p>\n<p> CFTC a recunoscut, de asemenea, contribu\u0163ia KalshiEX la solu\u0163ionarea acestei chestiuni.<\/p>\n<p> CNN a relatat \u00een iulie c\u0103 CFTC \u00eel ancheta pe Perez. Casa Alb\u0103 a declarat la momentul respectiv c\u0103 Trump consider\u0103 ac\u0163iunile acestuia \u201esincer, o ru\u015fine\u201d \u015fi c\u0103 acesta urma s\u0103 fie plasat \u00een concediu f\u0103r\u0103 plat\u0103 pe durata anchetei.<\/p>\n<p> Casa Alb\u0103 nu a r\u0103spuns imediat la o solicitare de comentarii vineri seara, dup\u0103 decizia CFTC.<\/p>\n<p> Acest caz este primul caz cunoscut \u00een care un angajat al Casei Albe este acuzat c\u0103 ar fi implicat \u00eentr-o schem\u0103 de tranzac\u0163ionare pe baza informa\u0163iilor privilegiate pe pie\u0163ele de predic\u0163ii, care au cunoscut o cre\u015ftere exploziv\u0103 a popularit\u0103\u0163ii \u00een acest an.<\/p>\n<p> \u00cen calitate de operator de teleprompter de lung\u0103 durat\u0103 al lui Trump, Perez a c\u0103l\u0103torit \u015fi a lucrat al\u0103turi de pre\u015fedinte timp de un deceniu. El este unul dintre pu\u0163inii consilieri c\u0103rora pre\u015fedintele le-a \u00eencredin\u0163at discursurile sale \u015fi era adesea ultima persoan\u0103 care vedea discursurile lui Trump \u00eenainte ca acesta s\u0103 le rosteasc\u0103.<\/p>\n<p> \u015eeful departamentului de aplicare a legii al Kalshi, Bobby DeNault, a declarat c\u0103 firma a descoperit \u201eactivitatea de tranzac\u0163ionare interzis\u0103\u201d a lui Perez \u015fi a raportat-o c\u0103tre CFTC.<\/p>\n<p> CFTC a declarat c\u0103 ancheta sa a stabilit c\u0103 Perez \u201efolosea materiale deturnate\u201d \u015fi \u201einforma\u0163ii care nu erau de domeniu public\u201d pentru a c\u00e2\u015ftiga bani pe a\u015fa-numitele pie\u0163e de men\u0163iuni, \u00een \u201epropriul s\u0103u beneficiu personal \u015fi financiar\u201d. Pe aceste pie\u0163e, oamenii pariaz\u0103 pe cuvintele pe care personalit\u0103\u0163ile importante le vor rosti la evenimente publice.<\/p>\n<p> Printre acestea se num\u0103rau pariuri legate de ceea ce urma s\u0103 spun\u0103 Trump \u00een acest an \u00een cadrul discursului despre Starea Uniunii, la Mic dejunul Na\u0163ional de Rug\u0103ciune, la o ceremonie de decernare a Medaliei de Onoare, la diverse mitinguri \u015fi alte discursuri, se arat\u0103 \u00een documentul depus de CFTC. Perez a efectuat 49 de tranzac\u0163ii \u015fi a c\u00e2\u015ftigat 39 dintre ele, ob\u0163in\u00e2nd peste 107.000 de dolari, a precizat CFTC.<\/p>\n<p> Un fost comisar al CFTC, Christy Goldsmith Romero, numit\u0103 de pre\u015fedintele Joe Biden, a declarat c\u0103 amenda aplicat\u0103 lui Perez este mic\u0103. \u201eCFTC a ratat \u015fansa de a transmite un mesaj puternic pentru a descuraja viitoare cazuri de tranzac\u0163ionare pe baza informa\u0163iilor privilegiate\u201d, a spus ea.<\/p>\n<p> Michael Selig, pre\u015fedintele CFTC numit de Trump, a sus\u0163inut industria pie\u0163elor de predic\u0163ie, dar a promis, de asemenea, c\u0103 va lua m\u0103suri dure \u00eempotriva tranzac\u0163iilor cu informa\u0163ii privilegiate.<\/p>\n<p> Trump a l\u0103udat anterior conducerea lui Selig la CFTC, afirm\u00e2nd c\u0103 acesta \u201eface o treab\u0103 excelent\u0103\u201d \u00een lupta pentru ca guvernul federal, \u015fi nu statele, s\u0103 r\u0103m\u00e2n\u0103 responsabil de reglementarea industriei pie\u0163elor de predic\u0163ie. Selig a participat s\u0103pt\u0103m\u00e2na trecut\u0103 la un eveniment dedicat criptomonedelor al\u0103turi de Trump la Casa Alb\u0103.<\/p>\n<p> <img decoding=\"async\" rel=\"nofollow\" src=\"https:\/\/www.europesays.com\/ro\/wp-content\/uploads\/2026\/08\/1788093320_112_c.gif\" alt=\"viewscnt\" data-id=\"22672909\"\/><\/p>\n","protected":false},"excerpt":{"rendered":"Comisia pentru tranzac\u0163ionarea contractelor futures pe m\u0103rfuri din SUA (CFTC) a dispus vineri ca un fost operator de&hellip;\n","protected":false},"author":2,"featured_media":280892,"comment_status":"","ping_status":"","sticky":false,"template":"","format":"standard","meta":{"footnotes":"","_share_on_mastodon":"0"},"categories":[12],"tags":[32,33,1470,31,77430,36,37,27,74,34,35,25,1607,77429,41,40,38,39,26,28,29,30,71,72,73],"class_list":["post-280891","post","type-post","status-publish","format-standard","has-post-thumbnail","category-international","tag-breaking-news","tag-breakingnews","tag-casa-alba","tag-cele-mai-populare-subiecte","tag-ctfc","tag-featured-news","tag-featurednews","tag-headlines","tag-international","tag-latest-news","tag-latestnews","tag-news","tag-pariuri","tag-prompter","tag-ro","tag-romana","tag-romania","tag-romanian","tag-stiri","tag-titluri","tag-top-stories","tag-topstories","tag-world","tag-world-news","tag-worldnews"],"share_on_mastodon":{"url":"https:\/\/pubeurope.com\/@ro\/117184490888067627","error":""},"_links":{"self":[{"href":"https:\/\/www.europesays.com\/ro\/wp-json\/wp\/v2\/posts\/280891","targetHints":{"allow":["GET"]}}],"collection":[{"href":"https:\/\/www.europesays.com\/ro\/wp-json\/wp\/v2\/posts"}],"about":[{"href":"https:\/\/www.europesays.com\/ro\/wp-json\/wp\/v2\/types\/post"}],"author":[{"embeddable":true,"href":"https:\/\/www.europesays.com\/ro\/wp-json\/wp\/v2\/users\/2"}],"replies":[{"embeddable":true,"href":"https:\/\/www.europesays.com\/ro\/wp-json\/wp\/v2\/comments?post=280891"}],"version-history":[{"count":0,"href":"https:\/\/www.europesays.com\/ro\/wp-json\/wp\/v2\/posts\/280891\/revisions"}],"wp:featuredmedia":[{"embeddable":true,"href":"https:\/\/www.europesays.com\/ro\/wp-json\/wp\/v2\/media\/280892"}],"wp:attachment":[{"href":"https:\/\/www.europesays.com\/ro\/wp-json\/wp\/v2\/media?parent=280891"}],"wp:term":[{"taxonomy":"category","embeddable":true,"href":"https:\/\/www.europesays.com\/ro\/wp-json\/wp\/v2\/categories?post=280891"},{"taxonomy":"post_tag","embeddable":true,"href":"https:\/\/www.europesays.com\/ro\/wp-json\/wp\/v2\/tags?post=280891"}],"curies":[{"name":"wp","href":"https:\/\/api.w.org\/{rel}","templated":true}]}}