{"id":280911,"date":"2026-08-30T12:59:12","date_gmt":"2026-08-30T12:59:12","guid":{"rendered":"https:\/\/www.europesays.com\/ro\/280911\/"},"modified":"2026-08-30T12:59:12","modified_gmt":"2026-08-30T12:59:12","slug":"florin-tanase-pleaca-de-la-fcsb-anuntul-facut-de-becali-dupa-scandalul-izbucnit-la-echipa-du-te-tata-cu-cine-ar-urma-sa-semneze","status":"publish","type":"post","link":"https:\/\/www.europesays.com\/ro\/280911\/","title":{"rendered":"Florin T\u0103nase pleac\u0103 de la FCSB! Anun\u021bul f\u0103cut de Becali, dup\u0103 scandalul izbucnit la echip\u0103: \u201eDu-te, tat\u0103!\u201d \u00bb Cu cine ar urma s\u0103 semneze"},"content":{"rendered":"<ul class=\"bullets\">&#13;<\/p>\n<li>Gigi Becali (68 de ani), patronul FCSB, a anun\u021bat c\u0103 Florin T\u0103nase (31 de ani) se va desp\u0103r\u021bi de forma\u021bia ro\u0219-albastr\u0103. Cu ce echip\u0103 ar urma s\u0103 semneze, mai jos.<\/li>\n<p>&#13;<br \/>\n&#13;<\/p>\n<li>Finan\u021batorul a vorbit \u0219i despre viitorul funda\u0219ului Valentin Cre\u021bu (37 de ani).<\/li>\n<p>&#13;\n<\/ul>\n<p><a id=\"google-source-button\" class=\"google-favorite\" target=\"_blank\" href=\"https:\/\/www.google.com\/preferences\/source?q=golazo.ro\" rel=\"nofollow noopener\"><\/p>\n<p>        <img loading=\"lazy\" decoding=\"async\" src=\"https:\/\/golazo.ro\/images\/google-logo.svg\" alt=\"\" width=\"24\" height=\"24\"\/><br \/>\n        <img loading=\"lazy\" decoding=\"async\" src=\"https:\/\/golazo.ro\/images\/check-icon-2.svg\" alt=\"\" width=\"24\" height=\"24\"\/><\/p>\n<p>    Adaug\u0103 GOLAZO.ro la favorite<\/p>\n<p><\/a><\/p>\n<p class=\"\">\u00cenaintea meciului cu UTA Arad de ast\u0103zi, <a target=\"_blank\" href=\"https:\/\/golazo.ro\/florin-tanase-valentin-cretu-fcsb-lot-uta-arad-liga-1-184811\" rel=\"nofollow noopener\">Florin T\u0103nase \u0219i Valentin Cre\u021bu au fost exclu\u0219i din lot<\/a> din motive de indiscipline, iar acum Gigi Becali a anun\u021bat desp\u0103r\u021birea de cei doi.<\/p>\n<p>Gigi Becali, despre T\u0103nase: \u201ePleac\u0103 \u00een Cipru\u201d<\/p>\n<p class=\"\">Gigi Becali a anun\u021bat c\u0103 Florin T\u0103nase se va desp\u0103r\u021bi de FCSB \u0219i va semna cu o echip\u0103 din Cipru. Ar fi vorba de campioana Omonia Nicosia, care va evolua \u00een grupa principal\u0103 din Europa League, conform <a target=\"_blank\" href=\"https:\/\/www.fanatik.ro\/gigi-becali-i-a-anuntat-in-direct-plecarea-lui-florin-tanase-de-la-fcsb-se-transfera-acolo-exclusiv-21533392\" rel=\"nofollow noopener\">fanatik.ro<\/a>.<\/p>\n<p class=\"\">\u201eT\u0103nase pleac\u0103 \u00een Cipru. Am conven\u021bie cu el c\u0103 pleac\u0103 atunci c\u00e2nd vrea. Iar cu Cre\u021bu, pe motive de indisciplin\u0103.<\/p>\n<p class=\"\">T\u0103nase a zis c\u0103 are o echip\u0103 din Cipru. Pentru c\u0103 a\u0219a e conven\u021bia, du-te tat\u0103, dac\u0103 e. Bine, \u0219i \u00een contract are el aceast\u0103 prevedere c\u0103 poate pleca oric\u00e2nd\u201d, a declarat Gigi Becali, conform sursei citate.<\/p>\n<p>1,8 milioane de euro<\/p>\n<p>este cota de pia\u021b\u0103 a lui Florin T\u0103nase, conform Transfermarkt<\/p>\n<p class=\"\">\u00cen <a target=\"_blank\" href=\"https:\/\/golazo.ro\/europa-league-tragere-la-sorti-live-program-uefa-184640\" rel=\"nofollow noopener\">Europa League<\/a>, Omonia Nicosia va juca cu Benfica (A), Juventus (D), Celtic (A), Rennes (D), Celta Vigo (A), Celje (D), Be\u0219ikta\u0219 (A) \u0219i N.E.C. (D).<\/p>\n<p class=\"\">Florin T\u0103nase se afl\u0103 la a doua experien\u021b\u0103 la FCSB. A jucat prima dat\u0103 pentru ro\u0219-alba\u0219tri \u00een perioada 2016-2022 \u0219i a revenit la echip\u0103 \u00een 2024, dup\u0103 desp\u0103r\u021birea de Al-Okhdood.<\/p>\n<p class=\"\">\u00cen tricoul celor de la FCSB, T\u0103nase a jucat 329 de meciuri, \u00een care a marcat 106 goluri \u0219i a oferit 56 de pase decisive.<\/p>\n<p class=\"\">A c\u00e2\u0219tigat un titlu, o Cup\u0103 \u0219i o Supercup\u0103 a Rom\u00e2niei \u0219i a ajuns p\u00e2n\u0103 \u00een optimile Europa League \u00een sezonul 2024\/2025.<\/p>\n<p>    <img decoding=\"async\" src=\"https:\/\/www.europesays.com\/ro\/wp-content\/uploads\/2026\/08\/1788094751_827_cfr-cluj-fcsb-foto-iosif-popescu-golazo-ro-6.jpeg\" alt=\"CFR Cluj - FCSB Foto Iosif Popescu - GOLAZO.ro .jpeg\" data-blur=\"https:\/\/www.europesays.com\/ro\/wp-content\/uploads\/2026\/08\/1788094751_827_cfr-cluj-fcsb-foto-iosif-popescu-golazo-ro-6.jpeg\" width=\"684\" height=\"456\" class=\"blur\" loading=\"lazy\"\/><\/p>\n<p>            <img decoding=\"async\" src=\"https:\/\/www.europesays.com\/ro\/wp-content\/uploads\/2026\/08\/1788094752_151_cfr-cluj-fcsb-foto-iosif-popescu-golazo-ro-6.jpeg\" loading=\"lazy\" alt=\"CFR Cluj - FCSB Foto Iosif Popescu - GOLAZO.ro .jpeg\" width=\"684\" height=\"456\"\/><\/p>\n<p>        Galerie foto (32 imagini)<\/p>\n<p>                    <a href=\"https:\/\/golazo.ro\/cfr-cluj-fcsb-foto-iosif-popescu-golazoro-184201-g1?articleSource=184816\" class=\"gallery-link\" aria-label=\"Show gallery\" rel=\"nofollow noopener\" target=\"_blank\"><\/p>\n<p>                +32 Foto<br \/>\n            <\/a><\/p>\n<p>    <a href=\"https:\/\/golazo.ro\/cfr-cluj-fcsb-foto-iosif-popescu-golazoro-184201-g1\/cfr-cluj-fcsb-foto-iosif-popescu-golazoro-jpeg-482537?articleSource=184816\" class=\"link\" rel=\"nofollow noopener\" target=\"_blank\">labels.photo-gallery<\/a><\/p>\n<p>Gigi Becali, despre Cre\u021bu: \u201eDe ce crede\u021bi c\u0103 i-am f\u0103cut contractul doar pe o jum\u0103tate de an?\u201d<\/p>\n<p class=\"\">\u00centrebat dac\u0103 \u0219i Valentin Cre\u021bu va pleca de la FCSB, Gigi Becali a r\u0103spuns: <\/p>\n<p class=\"\">\u201eP\u0103i, de ce crede\u021bi c\u0103 <a target=\"_blank\" href=\"https:\/\/golazo.ro\/gigi-becali-fcsb-vali-cretu-prelungire-contract-172655\" rel=\"nofollow noopener\">i-am f\u0103cut contractul doar pe o jum\u0103tate de an?<\/a> Eu i-am zis: \u00abPentru c\u0103 vociferezi!\u00bb Iar el: \u00abNu, nea Gigi, c\u0103 sunt cuminte\u00bb. Apoi i-am zis: \u00abTu \u0219i la antrenamente faci numai cutare, \u00eenjuri, strigi, urli\u00bb.<\/p>\n<p class=\"\">\u0218i s-a luat de str\u0103ini. Omul \u0103la vine s\u0103 m\u0103n\u00e2nce o p\u00e2ine \u00eentr-o \u021bar\u0103 str\u0103in\u0103. C\u0103 e din Africa, de unde e, m\u0103n\u00e2nc\u0103 o p\u00e2ine\u201d, a mai spus Becali.<\/p>\n<p>252 de meciuri<\/p>\n<p>a jucat Valentin Cre\u021bu pentru FCSB. A marcat un gol \u0219i a oferit 22 de pase decisive. Se afl\u0103 la echip\u0103 din 2019<\/p>\n<p>Cite\u0219te \u0219i<\/p>\n<p>VIDEO: cele mai noi imagini din sport<\/p>\n","protected":false},"excerpt":{"rendered":"&#13; Gigi Becali (68 de ani), patronul FCSB, a anun\u021bat c\u0103 Florin T\u0103nase (31 de ani) se va&hellip;\n","protected":false},"author":2,"featured_media":280912,"comment_status":"","ping_status":"","sticky":false,"template":"","format":"standard","meta":{"footnotes":"","_share_on_mastodon":"0"},"categories":[20],"tags":[4842,269,4340,196,41,40,38,39,185,184,5130],"class_list":["post-280911","post","type-post","status-publish","format-standard","has-post-thumbnail","category-sport","tag-despartire","tag-fcsb","tag-florin-tanase","tag-gigi-becali","tag-ro","tag-romana","tag-romania","tag-romanian","tag-sport","tag-sports","tag-valentin-cretu"],"share_on_mastodon":{"url":"https:\/\/pubeurope.com\/@ro\/117184585601029943","error":""},"_links":{"self":[{"href":"https:\/\/www.europesays.com\/ro\/wp-json\/wp\/v2\/posts\/280911","targetHints":{"allow":["GET"]}}],"collection":[{"href":"https:\/\/www.europesays.com\/ro\/wp-json\/wp\/v2\/posts"}],"about":[{"href":"https:\/\/www.europesays.com\/ro\/wp-json\/wp\/v2\/types\/post"}],"author":[{"embeddable":true,"href":"https:\/\/www.europesays.com\/ro\/wp-json\/wp\/v2\/users\/2"}],"replies":[{"embeddable":true,"href":"https:\/\/www.europesays.com\/ro\/wp-json\/wp\/v2\/comments?post=280911"}],"version-history":[{"count":0,"href":"https:\/\/www.europesays.com\/ro\/wp-json\/wp\/v2\/posts\/280911\/revisions"}],"wp:featuredmedia":[{"embeddable":true,"href":"https:\/\/www.europesays.com\/ro\/wp-json\/wp\/v2\/media\/280912"}],"wp:attachment":[{"href":"https:\/\/www.europesays.com\/ro\/wp-json\/wp\/v2\/media?parent=280911"}],"wp:term":[{"taxonomy":"category","embeddable":true,"href":"https:\/\/www.europesays.com\/ro\/wp-json\/wp\/v2\/categories?post=280911"},{"taxonomy":"post_tag","embeddable":true,"href":"https:\/\/www.europesays.com\/ro\/wp-json\/wp\/v2\/tags?post=280911"}],"curies":[{"name":"wp","href":"https:\/\/api.w.org\/{rel}","templated":true}]}}