{"id":280939,"date":"2026-08-30T13:47:12","date_gmt":"2026-08-30T13:47:12","guid":{"rendered":"https:\/\/www.europesays.com\/ro\/280939\/"},"modified":"2026-08-30T13:47:12","modified_gmt":"2026-08-30T13:47:12","slug":"probleme-pentru-nuno-campos-superliga","status":"publish","type":"post","link":"https:\/\/www.europesays.com\/ro\/280939\/","title":{"rendered":"Probleme pentru Nuno Campos | SuperLiga"},"content":{"rendered":"<p>Dup\u0103 transferul lui Maxime Sivis \u00een Rusia, David Irimia a devenit o pies\u0103 important\u0103 \u00een echipa lui Dinamo, fiind titular \u00een ultimele \u0219ase meciuri disputate de \u201dc\u00e2ini\u201d \u00een SuperLiga.<\/p>\n<p>Funda\u0219ul dreapta a \u00eenceput din primul minut \u0219i <a href=\"https:\/\/iamsport.ro\/fotbal\/superliga\/nemultumirea-lui-campos-dupa-remiza-cu-corvinul-meritam-alt-rezultat-maxim-exista-o-relaxare-pe-care-trebuie-sa-o-remediem-id54395.html\" target=\"_blank\" rel=\"nofollow noopener\">partida de la Arad, cu Corvinul, \u00eencheiat\u0103 1-1<\/a>, \u00eens\u0103 nu a putut termina jocul.<\/p>\n<p><img decoding=\"async\" class=\"__foto-in-articol\" data-id=\"247643\" src=\"https:\/\/www.europesays.com\/ro\/wp-content\/uploads\/2026\/08\/1788097632_896_img.jpeg\" width=\"1200px\" data-url=\"\/galerie\/probleme-pentru-nuno-campos-id54396-play247643.html\" alt=\"Foto 2\/3\" data-description=\"\" data-credits=\"Sport Pictures\"\/><\/p>\n<p>\u00cen minutul 87, Irimia a acuzat o problem\u0103 medical\u0103 \u0219i a fost \u00eenlocuit de \u0218tefan Opri\u0219, care a bifat astfel primele sale minute \u00een tricoul forma\u021biei bucure\u0219tene.<\/p>\n<p>Deocamdat\u0103, nu se \u0219tie c\u00e2t de grav\u0103 este accidentarea, iar funda\u0219ul ar putea absenta \u00een urm\u0103toarele partide.<\/p>\n<p>\t\t\t\t\t\t\t\tSitua\u021bia accidenta\u021bilor de la Dinamo<\/p>\n<p>Problema medical\u0103 vine \u00eentr-un moment delicat pentru Dinamo, care urmeaz\u0103 s\u0103 \u00eent\u00e2lneasc\u0103 FCSB \u00een etapa viitoare, programat\u0103 pe 5 septembrie, pe Stadionul \u201dArcul de Triumf\u201d.<\/p>\n<p>P\u00e2n\u0103 atunci, forma\u021bia preg\u0103tit\u0103 de Nuno Campos va disputa meciul din Cupa Rom\u00e2niei cu Sporting Lie\u0219ti miercuri, 2 septembrie.<\/p>\n<p>\u00cen partida contra Corvinului a acuzat probleme \u0219i portarul Alaa Bellaarouch. Totodat\u0103, Devis Epassy \u0219i George Pu\u0219ca\u0219 sunt indisponibili pentru urm\u0103toarele partide, \u00een timp ce Alexandru Musi va reveni dup\u0103 suspendare.<\/p>\n<p><img decoding=\"async\" class=\"__foto-in-articol\" data-id=\"247644\" src=\"https:\/\/www.europesays.com\/ro\/wp-content\/uploads\/2026\/08\/1788097632_46_img.jpeg\" width=\"1200px\" data-url=\"\/galerie\/probleme-pentru-nuno-campos-id54396-play247644.html\" alt=\"Portarul Alaa Bellaarouch a ajuns \u00een aceast\u0103 var\u0103 la Dinamo\" data-description=\"Portarul Alaa Bellaarouch a ajuns \u00een aceast\u0103 var\u0103 la Dinamo\" data-credits=\"Sport Pictures\"\/><\/p>\n<p>\t\t<a href=\"https:\/\/www.google.com\/preferences\/source?q=https:\/\/iamsport.ro\" class=\"google-btn\" target=\"_blank\" rel=\"nofollow noopener\"><img decoding=\"async\" src=\"https:\/\/iamsport.ro\/templates\/default\/images\/google-logo.svg\"\/>Adaug\u0103 iAMsport.ro ca surs\u0103 preferat\u0103 \u00een Google<\/a><\/p>\n","protected":false},"excerpt":{"rendered":"Dup\u0103 transferul lui Maxime Sivis \u00een Rusia, David Irimia a devenit o pies\u0103 important\u0103 \u00een echipa lui Dinamo,&hellip;\n","protected":false},"author":2,"featured_media":280940,"comment_status":"","ping_status":"","sticky":false,"template":"","format":"standard","meta":{"footnotes":"","_share_on_mastodon":"0"},"categories":[5],"tags":[32,33,31,36,37,27,34,35,25,41,40,38,39,26,28,29,30],"class_list":["post-280939","post","type-post","status-publish","format-standard","has-post-thumbnail","category-titluri","tag-breaking-news","tag-breakingnews","tag-cele-mai-populare-subiecte","tag-featured-news","tag-featurednews","tag-headlines","tag-latest-news","tag-latestnews","tag-news","tag-ro","tag-romana","tag-romania","tag-romanian","tag-stiri","tag-titluri","tag-top-stories","tag-topstories"],"share_on_mastodon":{"url":"https:\/\/pubeurope.com\/@ro\/117184774280431806","error":""},"_links":{"self":[{"href":"https:\/\/www.europesays.com\/ro\/wp-json\/wp\/v2\/posts\/280939","targetHints":{"allow":["GET"]}}],"collection":[{"href":"https:\/\/www.europesays.com\/ro\/wp-json\/wp\/v2\/posts"}],"about":[{"href":"https:\/\/www.europesays.com\/ro\/wp-json\/wp\/v2\/types\/post"}],"author":[{"embeddable":true,"href":"https:\/\/www.europesays.com\/ro\/wp-json\/wp\/v2\/users\/2"}],"replies":[{"embeddable":true,"href":"https:\/\/www.europesays.com\/ro\/wp-json\/wp\/v2\/comments?post=280939"}],"version-history":[{"count":0,"href":"https:\/\/www.europesays.com\/ro\/wp-json\/wp\/v2\/posts\/280939\/revisions"}],"wp:featuredmedia":[{"embeddable":true,"href":"https:\/\/www.europesays.com\/ro\/wp-json\/wp\/v2\/media\/280940"}],"wp:attachment":[{"href":"https:\/\/www.europesays.com\/ro\/wp-json\/wp\/v2\/media?parent=280939"}],"wp:term":[{"taxonomy":"category","embeddable":true,"href":"https:\/\/www.europesays.com\/ro\/wp-json\/wp\/v2\/categories?post=280939"},{"taxonomy":"post_tag","embeddable":true,"href":"https:\/\/www.europesays.com\/ro\/wp-json\/wp\/v2\/tags?post=280939"}],"curies":[{"name":"wp","href":"https:\/\/api.w.org\/{rel}","templated":true}]}}