{"id":280995,"date":"2026-08-30T14:56:09","date_gmt":"2026-08-30T14:56:09","guid":{"rendered":"https:\/\/www.europesays.com\/ro\/280995\/"},"modified":"2026-08-30T14:56:09","modified_gmt":"2026-08-30T14:56:09","slug":"politia-bihor-despre-accidentul-mortal-de-pe-dj-764d-intre-bratca-bihoreanul","status":"publish","type":"post","link":"https:\/\/www.europesays.com\/ro\/280995\/","title":{"rendered":"Politia Bihor despre accidentul mortal de pe DJ 764D, intre Bratca&#8230; &#8211; Bihoreanul"},"content":{"rendered":"<ol>\n<li><a href=\"https:\/\/news.google.com\/rss\/articles\/CBMi_AFBVV95cUxPckRpRW50QnFDdm5UdTFQOHdQemxnTDhQa2N1Sm0zek5iQS0wWEcyQmxEdm1lcGdJMjV4QjZFOFR2TEtCT0pvRFRZbFJKOE1hSW1KaGZRNHphS2FhNENva3ZnVURfUVNYeldZUmFrVE14cHJ3MnBGNEpRb19ITVhrNkpLZkQ5cV9QbkdPMUY0Vmd6THVMeGczRWRDazZDRTNOd2c3cm81VE12YXhteWk1bkRNZl9mTU1Ic085WWNqelU5bXFXT2QyU0hTSk41d01jM3BpODBxSno0aVNCTjJxOHY3ZnVGY3B0eEFDNjE4aWYtU3BhS2o3QmFpVHQ?oc=5\" target=\"_blank\" rel=\"nofollow noopener\">Politia Bihor despre accidentul mortal de pe DJ 764D, intre Bratca&#8230;<\/a>&nbsp;&nbsp;Bihoreanul<\/li>\n<li><a href=\"https:\/\/news.google.com\/rss\/articles\/CBMiuwFBVV95cUxQaEI2NWNTX0xITi1ETmVRYy1nYTlZRTRKZWROTEstcktXOVk2ajRsV3VfU3kwZ2xlb1FyTEp4NVVwTjNQV0dLaXNYTU91eUpJb29ZeDQ4V2ljV0Q4emprazNnRFRTRzdOa0lIQjVyRVNYNXJWZ2hmdDAxcVNGV0lOQ2tfV2pRcWxyLVpXR1lCamt0R0ZmVEdOSHNpaFhPaDhnV0NVZFQ1eEFRZmRBYy1Cd2loUDZGZGstZ21R?oc=5\" target=\"_blank\" rel=\"nofollow noopener\">Un motociclist a murit dup\u0103 ce a c\u0103zut 30 de metri \u00eentr-o r\u00e2p\u0103 din Bihor, \u00een Mun\u0163ii P\u0103durea Craiului<\/a>&nbsp;&nbsp;TVRInfo.ro<\/li>\n<li><a href=\"https:\/\/news.google.com\/rss\/articles\/CBMi2gFBVV95cUxOR0oxTWlTcVZ2NWhueUdrR0pQak1zZ3dBVlhlVmRtT3hUVXpPclcybWlGU1FHM3d5NDhacXJYNGZVLVRBOXFPcUFFZmtxMVowd09UQ1ZrN0ZyeGJObHNDN0ZrcGlqU2VLR3p4RE5yT3Ita2F2NlJ5TGNpZFRuVkJuTE9HT3BrRXFnOTRJNnpia0xaUG8xV0VvS1Vld1h6amY4RDdnQnJwWklkcWwzeXRCZEE3Ry1rcnZJQUhkaHBFUUFfbXJIZ3Q0TmJjWV9WbzE4UnV2Sno0OUwwdw?oc=5\" target=\"_blank\" rel=\"nofollow noopener\">Accident grav \u00een Bihor: Un motociclist care a c\u0103zut 30 de metri \u00eentr-o r\u00e2p\u0103, \u00eentre Bratca \u0219i Dami\u0219, a murit<\/a>&nbsp;&nbsp;Bihoreanul<\/li>\n<li><a href=\"https:\/\/news.google.com\/rss\/articles\/CBMiggJBVV95cUxQNnVNbGJXUDUxTEVNX0w4cHd1N1RranA1eldxeE1abmhtTG41TDdiNkkzRkE1SHBubXAwb0hHTVJoclhRdFlTVk4zeXFVaE9ic2I2SjZkNXlQOG5DXzlWeXJOYTVRSTJVcVdETnR0NVlkSkNOanVORGlxa05FUzZSV0p4ZlhTNUp2R0FIVmFnRm80c25iWGptNUo4RzBHNTdFNFFSbm9uV21OYjdrbXFubEktZmRhb2tkcS1GbVhNYTdEdms4STBGYTVZSDBaNjJ2Q091aUZ6MjIyYnV6aEEwNGVlSURIMU1ZRHplWDVHR1BFRF9HazlnQ3NpYlN4ZkFfaUE?oc=5\" target=\"_blank\" rel=\"nofollow noopener\">Poli\u021bia a stabilit cauza accidentului \u00eentre Bratca \u0219i Dami\u0219: motociclistul a pierdut controlul \u0219i a c\u0103zut \u00eentr-o r\u00e2p\u0103 de 30 de metri<\/a>&nbsp;&nbsp;AlesdOnline<\/li>\n<li><a href=\"https:\/\/news.google.com\/rss\/articles\/CBMiwAFBVV95cUxPckhZVDJFMC1Jc3ZjM2dPekExc25HdnliZ2YzLTJ3bGc4bmhKYmc0WXplNlhxYTlOUW1RNzJzNmdKSE9TbUItSVBuTDdWVTBOOTRrMjRDVmwxTDlBM0NMNEJQWWhwbHQ1RG9mRHZpRlo4TllWVHlRYndXanNKdEVUcTJKMThnV3ZtclNoZnZtTnNXN1dzTXlkTC04Nk9XeklUaXlJYUVPQVFmWVFTbC1YalczTlRhNkQ4SFJtS21uNEU?oc=5\" target=\"_blank\" rel=\"nofollow noopener\">Bihor: Motociclist mort dup\u0103 ce a c\u0103zut zeci de metri \u00eentr-o r\u00e2p\u0103<\/a>&nbsp;&nbsp;News.ro<\/li>\n<\/ol>\n","protected":false},"excerpt":{"rendered":"Politia Bihor despre accidentul mortal de pe DJ 764D, intre Bratca&#8230;&nbsp;&nbsp;Bihoreanul Un motociclist a murit dup\u0103 ce a&hellip;\n","protected":false},"author":2,"featured_media":280996,"comment_status":"","ping_status":"","sticky":false,"template":"","format":"standard","meta":{"footnotes":"","_share_on_mastodon":"0"},"categories":[10],"tags":[32,33,31,36,37,27,34,35,25,41,40,38,39,26,28,29,30],"class_list":["post-280995","post","type-post","status-publish","format-standard","has-post-thumbnail","category-romania","tag-breaking-news","tag-breakingnews","tag-cele-mai-populare-subiecte","tag-featured-news","tag-featurednews","tag-headlines","tag-latest-news","tag-latestnews","tag-news","tag-ro","tag-romana","tag-romania","tag-romanian","tag-stiri","tag-titluri","tag-top-stories","tag-topstories"],"share_on_mastodon":{"url":"https:\/\/pubeurope.com\/@ro\/117185045132069167","error":""},"_links":{"self":[{"href":"https:\/\/www.europesays.com\/ro\/wp-json\/wp\/v2\/posts\/280995","targetHints":{"allow":["GET"]}}],"collection":[{"href":"https:\/\/www.europesays.com\/ro\/wp-json\/wp\/v2\/posts"}],"about":[{"href":"https:\/\/www.europesays.com\/ro\/wp-json\/wp\/v2\/types\/post"}],"author":[{"embeddable":true,"href":"https:\/\/www.europesays.com\/ro\/wp-json\/wp\/v2\/users\/2"}],"replies":[{"embeddable":true,"href":"https:\/\/www.europesays.com\/ro\/wp-json\/wp\/v2\/comments?post=280995"}],"version-history":[{"count":0,"href":"https:\/\/www.europesays.com\/ro\/wp-json\/wp\/v2\/posts\/280995\/revisions"}],"wp:featuredmedia":[{"embeddable":true,"href":"https:\/\/www.europesays.com\/ro\/wp-json\/wp\/v2\/media\/280996"}],"wp:attachment":[{"href":"https:\/\/www.europesays.com\/ro\/wp-json\/wp\/v2\/media?parent=280995"}],"wp:term":[{"taxonomy":"category","embeddable":true,"href":"https:\/\/www.europesays.com\/ro\/wp-json\/wp\/v2\/categories?post=280995"},{"taxonomy":"post_tag","embeddable":true,"href":"https:\/\/www.europesays.com\/ro\/wp-json\/wp\/v2\/tags?post=280995"}],"curies":[{"name":"wp","href":"https:\/\/api.w.org\/{rel}","templated":true}]}}