{"id":281003,"date":"2026-08-30T15:03:14","date_gmt":"2026-08-30T15:03:14","guid":{"rendered":"https:\/\/www.europesays.com\/ro\/281003\/"},"modified":"2026-08-30T15:03:14","modified_gmt":"2026-08-30T15:03:14","slug":"nicusor-dan-vizita-la-baza-mihail-kogalniceanu-cu-delegatia-congresului-sua-a-mancat-la-popota-si-s-a-pozat-cu-militarii-americani","status":"publish","type":"post","link":"https:\/\/www.europesays.com\/ro\/281003\/","title":{"rendered":"Nicu\u015for Dan, vizit\u0103 la Baza \u201eMihail Kog\u0103lniceanu\u201d cu delega\u0163ia Congresului SUA. A m\u00e2ncat la popot\u0103 \u015fi s-a pozat cu militarii americani"},"content":{"rendered":"\n<p data-index=\"1\">Pre\u015fedintele Nicu\u015for Dan s-a \u00eent\u00e2lnit, duminic\u0103, la Baza 57 Aerian\u0103 \u201eMihail Kog\u0103lniceanu\u201d, cu delega\u0163ia Congresului Statelor Unite ale Americii, condus\u0103 de Mike Rogers (R-Alabama), Pre\u015fedintele Comisiei pentru For\u0163ele Armate din Camera Reprezentan\u0163ilor a SUA, \u015fi Eric Sorensen (D-Illinois), membru al Comisiei pentru For\u0163ele Armate a Camerei Reprezentan\u0163ilor a SUA. \u015eeful statului a m\u00e2ncat al\u0103turi de oficialii americani, la popot\u0103 \u015fi a discutat \u015fi a f\u0103cut fotografii cu solda\u0163ii americani. Discu\u0163iile au eviden\u0163iat importan\u0163a strategic\u0103 a regiunii M\u0103rii Negre pentru securitatea transatlantic\u0103 \u015fi necesitatea de a consolida \u015fi mai mult descurajarea colectiv\u0103 \u015fi rezilien\u0163a, \u015feful statului afirm\u00e2nd c\u0103 Rom\u00e2nia este preg\u0103tit\u0103 s\u0103 \u00ee\u015fi asume o parte mai mare din propria ap\u0103rare, prin cre\u015fterea angajamentelor \u015fi \u00eendeplinirea acestora.<\/p>\n<p data-index=\"2\"> <a href=\"https:\/\/www.digi24.ro\/galerie-foto\/1\/stiri\/actualitate\/politica\/nicusor-dan-vizita-la-baza-mihail-kogalniceanu-cu-delegatia-congresului-sua-a-mancat-la-popota-si-s-a-pozat-cu-militarii-americani-3927517\" data-skip-linkfix=\"1\" rel=\"nofollow noopener\" target=\"_blank\"> <img decoding=\"async\" src=\"https:\/\/www.europesays.com\/ro\/wp-content\/uploads\/2026\/08\/NjNhZDdlNzQ2NTZhZjJhM2E0OGQ5NzE4ZWRm.thumb.jpg\" alt=\"Foto: presidency.ro\" data-skip-htmlfix=\"1\" style=\"width: 100%; height: auto;\"\/> Foto: presidency.ro <\/a>  <a href=\"https:\/\/www.digi24.ro\/galerie-foto\/1\/stiri\/actualitate\/politica\/nicusor-dan-vizita-la-baza-mihail-kogalniceanu-cu-delegatia-congresului-sua-a-mancat-la-popota-si-s-a-pozat-cu-militarii-americani-3927517\" class=\"swiper-button-next swiper-button-white\" data-skip-linkfix=\"1\" rel=\"nofollow noopener\" target=\"_blank\"> <a href=\"https:\/\/www.digi24.ro\/galerie-foto\/1\/stiri\/actualitate\/politica\/nicusor-dan-vizita-la-baza-mihail-kogalniceanu-cu-delegatia-congresului-sua-a-mancat-la-popota-si-s-a-pozat-cu-militarii-americani-3927517\" class=\"swiper-button-prev swiper-button-white\" data-skip-linkfix=\"1\" rel=\"nofollow noopener\" target=\"_blank\">  <\/p>\n<p data-index=\"3\">\u201eA fost o pl\u0103cere s\u0103 \u00eei \u00eent\u00e2lnesc pe congresmanul Mike Rogers, pre\u015fedintele Comisiei pentru For\u0163ele Armate din Camera Reprezentan\u0163ilor, \u015fi pe congresmanul Eric Sorensen, membru al comisiei, la Baza Aerian\u0103 Mihail Kog\u0103lniceanu (MK) \u2014 centrul prezen\u0163ei militare americane \u00een Rom\u00e2nia \u015fi o expresie concret\u0103 a cooper\u0103rii noastre \u00een domeniul ap\u0103r\u0103rii \u015fi securit\u0103\u0163ii\u201d, a scris pre\u015fedintele Nicu\u015for Dan pe platforma X.\u00a0<\/p>\n<p data-index=\"4\">Potrivit \u015fefului statului, discu\u0163iile au eviden\u0163iat importan\u0163a strategic\u0103 a regiunii M\u0103rii Negre pentru securitatea transatlantic\u0103 \u015fi necesitatea de a consolida \u015fi mai mult descurajarea colectiv\u0103 \u015fi rezilien\u0163a.<\/p>\n<p data-index=\"5\">\u201eRom\u00e2nia este preg\u0103tit\u0103 s\u0103 \u00ee\u015fi asume o parte mai mare din propria ap\u0103rare \u2014 prin cre\u015fterea angajamentelor noastre \u015fi \u00eendeplinirea acestora\u201d, a transmis pre\u015fedintele.<\/p>\n<p data-index=\"6\">Nicu\u015for Dan subliniaz\u0103 c\u0103 au trecut \u00een revist\u0103 o gam\u0103 larg\u0103 de priorit\u0103\u0163i \u00een cadrul Parteneriatului strategic dinamic, reafirm\u00e2nd angajamentul comun de a promova cooperarea \u00een domeniul economiei, al industriei de ap\u0103rare, al energiei, al infrastructurii, al mineralelor critice \u015fi al tehnologiilor emergente.<\/p>\n<p data-index=\"7\">\u201eConsolidarea \u015fi extinderea prezen\u0163ei economice \u015fi militare a SUA \u00een Rom\u00e2nia reprezint\u0103 o prioritate &#8211; pentru parteneriatul nostru bilateral, pentru securitatea regiunii M\u0103rii Negre \u015fi pentru unitatea Alian\u0163ei Transatlantice\u201d, men\u0163ioneaz\u0103 \u015feful statului.\u00a0<\/p>\n<p data-index=\"8\">Pre\u015fedintele a luat masa la popot\u0103, al\u0103turi de oficialii americani \u015fi ministrul Ap\u0103r\u0103rii, Radu Miru\u0163\u0103 \u015fi a discutat cu solda\u0163ii americani, potriviit imaginilor transmise de Administra\u0163ia Preziden\u0163ial\u0103.\u00a0<\/p>\n<p> Editor : <a href=\"https:\/\/www.digi24.ro\/autor\/liviu-cojan\" rel=\"nofollow noopener\" target=\"_blank\"> Liviu Cojan <\/a> <\/p>\n","protected":false},"excerpt":{"rendered":"Pre\u015fedintele Nicu\u015for Dan s-a \u00eent\u00e2lnit, duminic\u0103, la Baza 57 Aerian\u0103 \u201eMihail Kog\u0103lniceanu\u201d, cu delega\u0163ia Congresului Statelor Unite ale&hellip;\n","protected":false},"author":2,"featured_media":281004,"comment_status":"","ping_status":"","sticky":false,"template":"","format":"standard","meta":{"footnotes":"","_share_on_mastodon":"0"},"categories":[10],"tags":[32,33,31,36,37,27,34,35,25,41,40,38,39,26,28,29,30],"class_list":["post-281003","post","type-post","status-publish","format-standard","has-post-thumbnail","category-romania","tag-breaking-news","tag-breakingnews","tag-cele-mai-populare-subiecte","tag-featured-news","tag-featurednews","tag-headlines","tag-latest-news","tag-latestnews","tag-news","tag-ro","tag-romana","tag-romania","tag-romanian","tag-stiri","tag-titluri","tag-top-stories","tag-topstories"],"share_on_mastodon":{"url":"https:\/\/pubeurope.com\/@ro\/117185073113786124","error":""},"_links":{"self":[{"href":"https:\/\/www.europesays.com\/ro\/wp-json\/wp\/v2\/posts\/281003","targetHints":{"allow":["GET"]}}],"collection":[{"href":"https:\/\/www.europesays.com\/ro\/wp-json\/wp\/v2\/posts"}],"about":[{"href":"https:\/\/www.europesays.com\/ro\/wp-json\/wp\/v2\/types\/post"}],"author":[{"embeddable":true,"href":"https:\/\/www.europesays.com\/ro\/wp-json\/wp\/v2\/users\/2"}],"replies":[{"embeddable":true,"href":"https:\/\/www.europesays.com\/ro\/wp-json\/wp\/v2\/comments?post=281003"}],"version-history":[{"count":0,"href":"https:\/\/www.europesays.com\/ro\/wp-json\/wp\/v2\/posts\/281003\/revisions"}],"wp:featuredmedia":[{"embeddable":true,"href":"https:\/\/www.europesays.com\/ro\/wp-json\/wp\/v2\/media\/281004"}],"wp:attachment":[{"href":"https:\/\/www.europesays.com\/ro\/wp-json\/wp\/v2\/media?parent=281003"}],"wp:term":[{"taxonomy":"category","embeddable":true,"href":"https:\/\/www.europesays.com\/ro\/wp-json\/wp\/v2\/categories?post=281003"},{"taxonomy":"post_tag","embeddable":true,"href":"https:\/\/www.europesays.com\/ro\/wp-json\/wp\/v2\/tags?post=281003"}],"curies":[{"name":"wp","href":"https:\/\/api.w.org\/{rel}","templated":true}]}}