{"id":281015,"date":"2026-08-30T15:17:16","date_gmt":"2026-08-30T15:17:16","guid":{"rendered":"https:\/\/www.europesays.com\/ro\/281015\/"},"modified":"2026-08-30T15:17:16","modified_gmt":"2026-08-30T15:17:16","slug":"medic-de-la-spitalul-de-urgenta-tg-jiu-ucis-intr-un-accident-rutier-un-om-cu-un-suflet-nobil","status":"publish","type":"post","link":"https:\/\/www.europesays.com\/ro\/281015\/","title":{"rendered":"Medic de la Spitalul de Urgen\u0163\u0103 Tg. Jiu, ucis \u00eentr-un accident rutier: &#8222;Un om cu un suflet nobil&#8221;"},"content":{"rendered":"<p>Liliana Predescu era\u00a0medic ORL la Spitalul Jude\u0163ean de Urgen\u0163\u0103 T\u00e2rgu Jiu.\u00a0Decesul acesteia\u00a0a fost anun\u0163at de c\u0103tre oficialii spitalului.<\/p>\n<p>Aceasta traversa strada, la 20 de minute dup\u0103 miezul nop\u0163ii, c\u00e2nd a fost lovit\u0103 de un autoturism la volanul c\u0103ruia se afla un b\u0103rbat, de 38 de ani, din T\u00e2rgu Jiu. Un echipaj de la ambulan\u0163\u0103 a \u00eencercat resuscitarea, \u00eens\u0103 f\u0103r\u0103 rezultat.<\/p>\n<p>Primele date din ancheta Poli\u0163iei arat\u0103 c\u0103 accidentul nu s-a produs pe trecerea pentru pietoni. \u015eoferul a fost testat cu aparatul etilotest, rezultatul fiind negativ.<\/p>\n<p>                Articolul continu\u0103 dup\u0103 reclam\u0103<\/p>\n<p>\t\t\t\t\tCe spune poli\u0163ia<\/p>\n<p>La \u00a0data de 30 august 2026, \u00een jurul orei 00:23, poli\u021bi\u0219ti din T\u00e2rgu Jiu au fost sesiza\u021bi prin apel 112, cu privire la producerea unui accident rutier soldat cu victime.<\/p>\n<p>Din primele verific\u0103ri efectuate de poli\u021bi\u0219tii ajun\u0219i la fa\u021ba locului, a reie\u0219it faptul c\u0103 un b\u0103rbat, de 38 de ani, din T\u00e2rgu Jiu, \u00een timp ce conducea un autoturism \u00een localitatea Dr\u0103goieni, din direc\u021bia ora\u0219ului V\u00e2lcea c\u0103tre T\u00e2rgu Jiu, ar fi acro\u0219at o femeie, de 63 de ani, din Dr\u0103goieni, care s-ar fi angajat \u00een traversarea str\u0103zii \u00een calitate de pieton.<\/p>\n<p>La fa\u021ba locului s-a deplasat \u0219i un echipaj de la Serviciul de Ambulan\u021b\u0103 Gorj, care a efectuat manevre de resuscitare, \u00eens\u0103, din p\u0103cate, a fost constat decesul femeii.\u00a0<\/p>\n<p>Persoana \u00a0decedat\u0103 a \u00a0fost transportat\u0103 la Serviciul de Medicin\u0103 Legal\u0103 Gorj \u00een vederea efectu\u0103rii necropsiei.\u00a0 Conduc\u0103torul auto a fost testat cu aparatul etilotest, rezultatul fiind negativ. \u00cen cauz\u0103, poli\u021bi\u0219tii au \u00eentocmit dosar penal, sub aspectul s\u0103v\u00e2r\u0219irii infrac\u021biunii de ucidere din culp\u0103.<\/p>\n<p>\t\t\t\t\tMesajul spitalului\u00a0de Urgen\u0163\u0103 T\u00e2rgu Jiu<\/p>\n<p>Colegii femeii au subliniat &#8222;implicarea activ\u0103&#8221; a medicului \u00een numeroase ac\u0163iuni caritabile \u015fi dragostea nem\u0103rginit\u0103 a acestuia pentru animale, subliniind c\u0103, pe l\u00e2ng\u0103 empatia fa\u0163\u0103 de pacien\u0163i aceste calit\u0103\u0163i &#8222;au ar\u0103tat, o dat\u0103 \u00een plus, generozitatea unui om care a tr\u0103it pentru a face bine celor din jur&#8221;.<\/p>\n<p>&#8222;Cu profund\u0103 triste\u021be \u0219i regret, conducerea si \u00eentregul colectiv al Spitalului Jude\u021bean de Urgen\u021b\u0103 T\u00e2rgu Jiu \u00ee\u0219i exprim\u0103 regretul fa\u021b\u0103 de decesul \u00a0tragic al doamnei doctor Liliana Predescu, medic primar ORL.<\/p>\n<p>Timp de mai bine de 25 de ani, doamna doctor Predescu \u00a0\u0219i-a dedicat \u00eentreaga carier\u0103 \u0219i energie pacien\u021bilor, fiind un medic caracterizat de profesionalism, empatie, d\u0103ruire \u0219i competen\u021b\u0103.<\/p>\n<p>  Dincolo de calit\u0103\u021bile profesionale excep\u021bionale, doctorul Liliana Predescu a fost un om cu un suflet nobil, recunoscut pentru firea sa bonom\u0103, optimismul contagios \u0219i bun\u0103tatea infinit\u0103.<\/p>\n<p>  \u00a0Pacien\u021bii o descriu mereu ca fiind un specialist mereu aplecat spre nevoile celor afla\u021bi \u00een suferin\u021b\u0103, care nu doar trata, ci \u0219i alina cu o vorb\u0103 cald\u0103.<\/p>\n<p>Implicarea sa activ\u0103 \u00een numeroase ac\u021biuni caritabile \u0219i dragostea sa nem\u0103rginit\u0103 pentru animale au ar\u0103tat, o dat\u0103 \u00een plus, generozitatea unui om care a tr\u0103it pentru a face bine celor din jur.\u00a0<\/p>\n<p>  Pierderea sa las\u0103 un gol imens \u00een inimile colegilor, pacien\u021bilor \u0219i tuturor celor care au avut privilegiul de a o cunoa\u0219te pe doamna doctor Liliana Bobic Predescu.<\/p>\n<p>\u00cen aceste momente de grea \u00eencercare, transmitem sincere condolean\u021be familiei \u00eendoliate, rudelor \u0219i prietenilor. Dumnezeu s\u0103 o odihneasc\u0103 \u00een pace \u0219i lumin\u0103&#8221;, au transmis reprezentan\u0163ii spitalului.\u00a0<\/p>\n<p>                                <a href=\"https:\/\/observatornews.ro\/autori\/laura-ilioiu-id230.html\" title=\"Laura Ilioiu\" rel=\"nofollow noopener\" target=\"_blank\"><br \/>\n                                    <img decoding=\"async\" src=\"https:\/\/www.europesays.com\/ro\/wp-content\/uploads\/2026\/08\/1788103036_553_1777455719.jpg&#038;w=60.jpeg\" width=\"60\" height=\"60\" loading=\"lazy\" alt=\"Laura Ilioiu\"\/><br \/>\n                                <\/a><\/p>\n<p>                                <a href=\"https:\/\/observatornews.ro\/autori\/laura-ilioiu-id230.html\" title=\"Laura Ilioiu\" rel=\"nofollow noopener\" target=\"_blank\">Laura Ilioiu<\/a><\/p>\n<p>Reporter corespondent pentru Gorj la Observator Antena 1. Un an de experien\u0163\u0103 \u00een jurnalism de actualitate \u015fi reportaje de teren. <a href=\"https:\/\/observatornews.ro\/autori\/laura-ilioiu-id230.html\" title=\"Laura Ilioiu\" class=\"autor-more\" rel=\"nofollow noopener\" target=\"_blank\">\u279c<\/a><\/p>\n<p>                <a href=\"https:\/\/observatornews.ro\/eveniment\/medic-de-la-spitalul-de-urgenta-tg-jiu-ucis-intrun-accident-rutier-un-om-cu-un-suflet-nobil-664658.html\" data-aid=\"664658\" data-csrf=\"665b4febeaa364af3316c096a1654454a6ef2877420aff7e\" id=\"like-button\" class=\"autor-like\" rel=\"nofollow noopener\" target=\"_blank\">Like<\/a><\/p>\n","protected":false},"excerpt":{"rendered":"Liliana Predescu era\u00a0medic ORL la Spitalul Jude\u0163ean de Urgen\u0163\u0103 T\u00e2rgu Jiu.\u00a0Decesul acesteia\u00a0a fost anun\u0163at de c\u0103tre oficialii spitalului.&hellip;\n","protected":false},"author":2,"featured_media":281016,"comment_status":"","ping_status":"","sticky":false,"template":"","format":"standard","meta":{"footnotes":"","_share_on_mastodon":"0"},"categories":[10],"tags":[32,33,31,36,37,27,34,35,25,41,40,38,39,26,28,29,30],"class_list":["post-281015","post","type-post","status-publish","format-standard","has-post-thumbnail","category-romania","tag-breaking-news","tag-breakingnews","tag-cele-mai-populare-subiecte","tag-featured-news","tag-featurednews","tag-headlines","tag-latest-news","tag-latestnews","tag-news","tag-ro","tag-romana","tag-romania","tag-romanian","tag-stiri","tag-titluri","tag-top-stories","tag-topstories"],"share_on_mastodon":{"url":"https:\/\/pubeurope.com\/@ro\/117185128066216090","error":""},"_links":{"self":[{"href":"https:\/\/www.europesays.com\/ro\/wp-json\/wp\/v2\/posts\/281015","targetHints":{"allow":["GET"]}}],"collection":[{"href":"https:\/\/www.europesays.com\/ro\/wp-json\/wp\/v2\/posts"}],"about":[{"href":"https:\/\/www.europesays.com\/ro\/wp-json\/wp\/v2\/types\/post"}],"author":[{"embeddable":true,"href":"https:\/\/www.europesays.com\/ro\/wp-json\/wp\/v2\/users\/2"}],"replies":[{"embeddable":true,"href":"https:\/\/www.europesays.com\/ro\/wp-json\/wp\/v2\/comments?post=281015"}],"version-history":[{"count":0,"href":"https:\/\/www.europesays.com\/ro\/wp-json\/wp\/v2\/posts\/281015\/revisions"}],"wp:featuredmedia":[{"embeddable":true,"href":"https:\/\/www.europesays.com\/ro\/wp-json\/wp\/v2\/media\/281016"}],"wp:attachment":[{"href":"https:\/\/www.europesays.com\/ro\/wp-json\/wp\/v2\/media?parent=281015"}],"wp:term":[{"taxonomy":"category","embeddable":true,"href":"https:\/\/www.europesays.com\/ro\/wp-json\/wp\/v2\/categories?post=281015"},{"taxonomy":"post_tag","embeddable":true,"href":"https:\/\/www.europesays.com\/ro\/wp-json\/wp\/v2\/tags?post=281015"}],"curies":[{"name":"wp","href":"https:\/\/api.w.org\/{rel}","templated":true}]}}