{"id":281029,"date":"2026-08-30T15:31:13","date_gmt":"2026-08-30T15:31:13","guid":{"rendered":"https:\/\/www.europesays.com\/ro\/281029\/"},"modified":"2026-08-30T15:31:13","modified_gmt":"2026-08-30T15:31:13","slug":"exclusiv-nicolae-stanciu-legenda-a-echipei-de-fotbal-rapid-acord-de-recunoastere-a-vinovatiei-dupa-ce-a-fost-prins-baut-la-volan","status":"publish","type":"post","link":"https:\/\/www.europesays.com\/ro\/281029\/","title":{"rendered":"EXCLUSIV: Nicolae Stanciu, legend\u0103 a echipei de fotbal Rapid, acord de recunoa\u0219tere a vinov\u0103\u021biei dup\u0103 ce a fost prins b\u0103ut la volan"},"content":{"rendered":"<p>                        <img loading=\"lazy\" decoding=\"async\" width=\"30\" height=\"30\" src=\"https:\/\/www.europesays.com\/ro\/wp-content\/uploads\/2026\/08\/1788103873_982_google-g.png\" alt=\"Google Split\"\/>    <\/p>\n<p id=\"p-0\">Fostul fotbalist de la Rapid, Nicolae Stanciu, \u0219i-a recunoscut vinov\u0103\u021bia \u00eentr-un dosar penal \u00een care era anchetat dup\u0103 ce a fost prins b\u0103ut la volan. \u00cen cazul \u00een care un judec\u0103tor va aproba acordul \u00eencheiat cu procurorul de caz, el va fi condamnat la un an \u0219i o lun\u0103 de \u00eenchisoare, cu suspendare.<\/p>\n<p id=\"p-1\">Fost c\u0103pitan al echipei Rapid, acum \u00een v\u00e2rst\u0103 de 52 de ani, Stanciu este juc\u0103torul cu cele mai multe meciuri jucate pentru aceast\u0103 forma\u021bie \u00een Liga 1: 323 de partide.<\/p>\n<p>&#8211; articolul continu\u0103 mai jos &#8211;<\/p>\n<p id=\"p-2\">Acordul de recunoa\u0219tere a vinov\u0103\u021biei a fost \u00eenregistrat la <a href=\"https:\/\/portal.just.ro\/300\/SitePages\/dosar.aspx?id_inst=300&amp;id_dosar=30000000000806696\" target=\"_blank\" rel=\"noopener nofollow\">Judec\u0103toria Sectorului 2<\/a> pe data de 10 iulie \u0219i va fi judecat pe 6 octombrie.<\/p>\n<p id=\"p-3\">Conform unui extras al documentului, consultat de G4Media, la data de 21 ianuarie 2026, \u00een jurul orei 13.52, inculpatul Nicolae Stanciu a condus un autoturism marca Toyota, pe drum public, respectiv pe o strad\u0103 din municipiul Bucure\u0219ti, Sector 2, \u201eav\u00e2nd \u00een s\u00e2nge o \u00eembiba\u0163ie alcoolic\u0103 de peste 0,80 g \u2030 alcool pur \u00een s\u00e2nge (prima prob\u0103 recoltat\u0103 la ora 16.40 a avut o valoare a alcoolemiei de 2.34 g%o, iar a doua prob\u0103 recoltat\u0103 la ora 17.40 a avut valoarea de 2.18 g%o, conform Buletinului de Analiz\u0103 Toxicologic\u0103)\u201d.<\/p>\n<p id=\"p-4\">La momentul incidentului, <a href=\"https:\/\/www.gsp.ro\/fotbal\/liga-1\/nae-stanciu-incatusat-rapid-superliga-alcool-895215.html\" target=\"_blank\" rel=\"noopener nofollow\">presa<\/a> a relatat \u00a0c\u0103 Stanciu ar fi comis un accident, intr\u00e2nd \u00een coliziune cu un autoturism sta\u021bionat \u0219i c\u0103, dup\u0103 sosirea poli\u021bi\u0219tilor, a fost \u00eenc\u0103tu\u0219at deoarece ar fi devenit agresiv fizic \u0219i verbal.<\/p>\n<p id=\"p-5\">Stanciu \u0219i-a recunoscut fapta \u0219i a acceptat s\u0103 fie condamnat la o pedeaps\u0103 de un an \u0219i o lun\u0103 de \u00eenchisoare, cu suspendare, \u0219i cu un termen de supraveghere de doi ani \u0219i \u0219ase luni, pentru s\u0103v\u00e2r\u0219irea infrac\u021biunii de conducerea unui vehicul sub influen\u021ba alcoolului sau a altor substan\u021be. \u00cen plus, el va fi obligat s\u0103 presteze o munc\u0103 neremunerat\u0103 \u00een folosul comunit\u0103\u021bii, pe o perioad\u0103 de 60 de zile, \u00een cadrul Institutului Na\u021bional de Medicin\u0103 Legal\u0103 \u201eMina Minovici\u201d sau a Direc\u021biei Generale de Asisten\u021b\u0103 Social\u0103 \u0219i Protec\u021bie a Copilului Sector 6.<\/p>\n<p id=\"p-6\">Portalul Agen\u021biei Na\u021bionale de Integritate arat\u0103 c\u0103, p\u00e2n\u0103 \u00een urm\u0103 cu c\u00e2\u021biva ani, Stanciu era poli\u021bist local \u00een Sectorul 1 \u0219i era c\u0103s\u0103torit cu o prezentatoare de la un post na\u021bional de \u0219tiri. Cei doi au un copil.<\/p>\n<p id=\"p-7\">\u00cen cariera de fotbalist, a jucat cel mai mult pentru Rapid, \u00eentre 1989 \u0219i 2002. Aici a c\u00e2\u0219tigat un titlu, dou\u0103 Cupe \u0219i dou\u0103 Supercupe ale Rom\u00e2niei.<\/p>\n","protected":false},"excerpt":{"rendered":"Fostul fotbalist de la Rapid, Nicolae Stanciu, \u0219i-a recunoscut vinov\u0103\u021bia \u00eentr-un dosar penal \u00een care era anchetat dup\u0103&hellip;\n","protected":false},"author":2,"featured_media":281030,"comment_status":"","ping_status":"","sticky":false,"template":"","format":"standard","meta":{"footnotes":"","_share_on_mastodon":"0"},"categories":[10],"tags":[32,33,31,36,37,27,34,35,25,635,41,40,38,39,26,28,29,30],"class_list":["post-281029","post","type-post","status-publish","format-standard","has-post-thumbnail","category-romania","tag-breaking-news","tag-breakingnews","tag-cele-mai-populare-subiecte","tag-featured-news","tag-featurednews","tag-headlines","tag-latest-news","tag-latestnews","tag-news","tag-nicolae-stanciu","tag-ro","tag-romana","tag-romania","tag-romanian","tag-stiri","tag-titluri","tag-top-stories","tag-topstories"],"share_on_mastodon":{"url":"https:\/\/pubeurope.com\/@ro\/117185183405144567","error":""},"_links":{"self":[{"href":"https:\/\/www.europesays.com\/ro\/wp-json\/wp\/v2\/posts\/281029","targetHints":{"allow":["GET"]}}],"collection":[{"href":"https:\/\/www.europesays.com\/ro\/wp-json\/wp\/v2\/posts"}],"about":[{"href":"https:\/\/www.europesays.com\/ro\/wp-json\/wp\/v2\/types\/post"}],"author":[{"embeddable":true,"href":"https:\/\/www.europesays.com\/ro\/wp-json\/wp\/v2\/users\/2"}],"replies":[{"embeddable":true,"href":"https:\/\/www.europesays.com\/ro\/wp-json\/wp\/v2\/comments?post=281029"}],"version-history":[{"count":0,"href":"https:\/\/www.europesays.com\/ro\/wp-json\/wp\/v2\/posts\/281029\/revisions"}],"wp:featuredmedia":[{"embeddable":true,"href":"https:\/\/www.europesays.com\/ro\/wp-json\/wp\/v2\/media\/281030"}],"wp:attachment":[{"href":"https:\/\/www.europesays.com\/ro\/wp-json\/wp\/v2\/media?parent=281029"}],"wp:term":[{"taxonomy":"category","embeddable":true,"href":"https:\/\/www.europesays.com\/ro\/wp-json\/wp\/v2\/categories?post=281029"},{"taxonomy":"post_tag","embeddable":true,"href":"https:\/\/www.europesays.com\/ro\/wp-json\/wp\/v2\/tags?post=281029"}],"curies":[{"name":"wp","href":"https:\/\/api.w.org\/{rel}","templated":true}]}}